{"id":10898,"date":"2025-09-25T09:03:02","date_gmt":"2025-09-25T07:03:02","guid":{"rendered":"https:\/\/projectes.xtec.cat\/camps\/?p=10898"},"modified":"2025-10-01T10:55:02","modified_gmt":"2025-10-01T08:55:02","slug":"el-cda-monestirs-del-cister-coneix-en-profunditat-la-petjada-de-jaume-ii-al-monestir-de-santes-creus-gracies-a-la-investigadora-marina-povill-de-la-urv","status":"publish","type":"post","link":"https:\/\/projectes.xtec.cat\/camps\/general\/el-cda-monestirs-del-cister-coneix-en-profunditat-la-petjada-de-jaume-ii-al-monestir-de-santes-creus-gracies-a-la-investigadora-marina-povill-de-la-urv\/","title":{"rendered":"El Cda Monestirs del Cister coneix en profunditat la petjada de Jaume II al monestir de Santes Creus gr\u00e0cies a la investigadora Marina Povill de la URV."},"content":{"rendered":"\n<p>\u201cSantes Creus \u00e9s un monestir reial m\u00e9s que cistercenc\u201d. Amb aquesta afirmaci\u00f3 iniciava la seva intervenci\u00f3 Marina Povill Salas, doctoranda en Hist\u00f2ria de l\u2019Art a la Universitat Rovira i Virgili, la formaci\u00f3 que va impartir al professorat del CdA Monestirs del Cister el passat 9 de setembre de 2025 al Reial monestir de Santa Maria de Santes Creus, a l\u2019Alt Camp.<\/p>\n\n\n\n<p>La formaci\u00f3 es va vertebrar seguint la cronologia de la construcci\u00f3 del monestir. El punt d\u2019inici: el claustre. La investigadora Povill va explicar les transformacions impulsades per Jaume II, que van suposar el pas del claustre rom\u00e0nic inicial a l\u2019actual claustre g\u00f2tic, finalitzat l\u2019any 1341, vint anys despr\u00e9s de la mort del monarca. En aquest punt, va mostrar als docents les restes arqueol\u00f2giques que permeten explicar a l\u2019alumnat com van canviar els espais i els accessos arran d\u2019aquesta ampliaci\u00f3. Un exemple s\u00f3n els arcs apuntats descentrats o les forn\u00edcules amb les tombes dels nobles que estaven enterrats pr\u00e8viament a l\u2019arribada de la reialesa.<\/p>\n\n\n\n<p>A continuaci\u00f3, els assistents van con\u00e8ixer les darreres investigacions arqueol\u00f2giques sobre l\u2019esgl\u00e9sia de Santa Maria. D\u2019una banda, gr\u00e0cies als estudis de la Dra. X\u00e8nia Granero, s\u2019ha pogut determinar que l\u2019edifici, iniciat sota el regnat d\u2019Alfons el Cast, fou culminat a finals del segle XIII per Pere el Gran, tal com evidencien els escuts situats a les claus de volta de les naus laterals, al costat de la porta principal. De l\u2019altra banda, Povill es va centrar en les aportacions de la seva tesi doctoral, dedicada, entre altres aspectes, a les tombes de Pere el Gran i Jaume el Just. En aquest context, va aprofundir en la configuraci\u00f3 de l\u2019espai funerari, la simbologia dels materials emprats i les influ\u00e8ncies art\u00edstiques que hi conflueixen: la francesa i la concepci\u00f3 ideol\u00f2gica siciliana. Segons la investigadora, \u201ces va trencar amb la tradici\u00f3 anterior de tombes molt m\u00e9s senzilles i Jaume II canvia aquesta din\u00e0mica amb la introducci\u00f3 del g\u00f2tic radiant franc\u00e8s a la Corona d\u2019Arag\u00f3\u201d. A m\u00e9s, va subratllar que, per exemple, l\u2019\u00fas del p\u00f2rfir vermell en la tomba de Pere el Gran \u201csimbolitzava poder, sacralitat i oposici\u00f3 al papa\u201d en un context de fortes tensions entre la Corona d\u2019Arag\u00f3 i el pont\u00edfex. Amb tot, Jaume II volia establir a Santes Creus un pante\u00f3 reial, projecte que, per\u00f2, qued\u00e0 truncat quan Pere III el Cerimoni\u00f3s decid\u00ed convertir Poblet en el lloc de sepultura de la monarquia.&nbsp;<\/p>\n\n\n\n<p>La jornada es va cloure amb la presentaci\u00f3 de l\u2019activitat did\u00e0ctica que es dur\u00e0 a terme al CdA Monestirs del Cister: una <strong>cacera de capitells<\/strong> adre\u00e7ada a l\u2019alumnat. Povill en va avan\u00e7ar alguns continguts, explicant la iconografia de diversos capitells i les raons de les difer\u00e8ncies estil\u00edstiques que s\u2019hi observen a les quatre ales del claustre. Aix\u00ed mateix, va concloure a tall de s\u00edntesi que \u201cl\u2019art cistercenc no existeix sin\u00f3 que segueix unes solucions formals que responen a uns preceptes concrets\u201d. Per aix\u00f2, en el treball pedag\u00f2gic amb l\u2019alumnat s\u2019aborda el rom\u00e0nic i el g\u00f2tic, aix\u00ed com la mentalitat i el context hist\u00f2ric, amb l\u2019objectiu de valorar i apreciar el ric patrimoni cultural i art\u00edstic que conserven Santes Creus, Poblet i Vallbona.<\/p>\n\n\n\n<div class=\"wp-block-columns is-layout-flex wp-container-core-columns-is-layout-1 wp-block-columns-is-layout-flex\">\n<div class=\"wp-block-column is-layout-flow wp-block-column-is-layout-flow\" style=\"flex-basis:100%\">\n<figure class=\"wp-block-image size-large is-style-default\"><a href=\"https:\/\/projectes.xtec.cat\/camps\/wp-content\/uploads\/usu2431\/2025\/09\/cister.jpg\"><img loading=\"lazy\" decoding=\"async\" width=\"1024\" height=\"771\" src=\"https:\/\/projectes.xtec.cat\/camps\/wp-content\/uploads\/usu2431\/2025\/09\/cister-1024x771.jpg\" alt=\"\" class=\"wp-image-10899\" srcset=\"https:\/\/projectes.xtec.cat\/camps\/wp-content\/uploads\/usu2431\/2025\/09\/cister-1024x771.jpg 1024w, https:\/\/projectes.xtec.cat\/camps\/wp-content\/uploads\/usu2431\/2025\/09\/cister-300x226.jpg 300w, https:\/\/projectes.xtec.cat\/camps\/wp-content\/uploads\/usu2431\/2025\/09\/cister-768x578.jpg 768w, https:\/\/projectes.xtec.cat\/camps\/wp-content\/uploads\/usu2431\/2025\/09\/cister-1536x1157.jpg 1536w, https:\/\/projectes.xtec.cat\/camps\/wp-content\/uploads\/usu2431\/2025\/09\/cister.jpg 2040w\" sizes=\"auto, (max-width: 1024px) 100vw, 1024px\" \/><\/a><\/figure>\n<\/div>\n<\/div>\n","protected":false},"excerpt":{"rendered":"<p>\u201cSantes Creus \u00e9s un monestir reial m\u00e9s que cistercenc\u201d. Amb aquesta afirmaci\u00f3 iniciava la seva intervenci\u00f3 Marina Povill Salas, doctoranda [&hellip;]<\/p>\n","protected":false},"author":40,"featured_media":10899,"comment_status":"open","ping_status":"open","sticky":false,"template":"","format":"standard","meta":{"_bbp_topic_count":0,"_bbp_reply_count":0,"_bbp_total_topic_count":0,"_bbp_total_reply_count":0,"_bbp_voice_count":0,"_bbp_anonymous_reply_count":0,"_bbp_topic_count_hidden":0,"_bbp_reply_count_hidden":0,"_bbp_forum_subforum_count":0,"site-sidebar-layout":"default","site-content-layout":"","ast-site-content-layout":"default","site-content-style":"default","site-sidebar-style":"default","ast-global-header-display":"","ast-banner-title-visibility":"","ast-main-header-display":"","ast-hfb-above-header-display":"","ast-hfb-below-header-display":"","ast-hfb-mobile-header-display":"","site-post-title":"","ast-breadcrumbs-content":"","ast-featured-img":"","footer-sml-layout":"","theme-transparent-header-meta":"","adv-header-id-meta":"","stick-header-meta":"","header-above-stick-meta":"","header-main-stick-meta":"","header-below-stick-meta":"","astra-migrate-meta-layouts":"set","ast-page-background-enabled":"default","ast-page-background-meta":{"desktop":{"background-color":"var(--ast-global-color-4)","background-image":"","background-repeat":"repeat","background-position":"center center","background-size":"auto","background-attachment":"scroll","background-type":"","background-media":"","overlay-type":"","overlay-color":"","overlay-opacity":"","overlay-gradient":""},"tablet":{"background-color":"","background-image":"","background-repeat":"repeat","background-position":"center center","background-size":"auto","background-attachment":"scroll","background-type":"","background-media":"","overlay-type":"","overlay-color":"","overlay-opacity":"","overlay-gradient":""},"mobile":{"background-color":"","background-image":"","background-repeat":"repeat","background-position":"center center","background-size":"auto","background-attachment":"scroll","background-type":"","background-media":"","overlay-type":"","overlay-color":"","overlay-opacity":"","overlay-gradient":""}},"ast-content-background-meta":{"desktop":{"background-color":"var(--ast-global-color-5)","background-image":"","background-repeat":"repeat","background-position":"center center","background-size":"auto","background-attachment":"scroll","background-type":"","background-media":"","overlay-type":"","overlay-color":"","overlay-opacity":"","overlay-gradient":""},"tablet":{"background-color":"var(--ast-global-color-5)","background-image":"","background-repeat":"repeat","background-position":"center center","background-size":"auto","background-attachment":"scroll","background-type":"","background-media":"","overlay-type":"","overlay-color":"","overlay-opacity":"","overlay-gradient":""},"mobile":{"background-color":"var(--ast-global-color-5)","background-image":"","background-repeat":"repeat","background-position":"center center","background-size":"auto","background-attachment":"scroll","background-type":"","background-media":"","overlay-type":"","overlay-color":"","overlay-opacity":"","overlay-gradient":""}},"footnotes":""},"categories":[1,29],"tags":[346,334,469,452,344],"class_list":["post-10898","post","type-post","status-publish","format-standard","has-post-thumbnail","hentry","category-general","category-portada","tag-aprenem-amb-els-cda-eda","tag-campsientornsdaprenentatge","tag-cda-monestirs-del-cister","tag-formacio","tag-serveis-educatius"],"post_mailing_queue_ids":[],"_links":{"self":[{"href":"https:\/\/projectes.xtec.cat\/camps\/wp-json\/wp\/v2\/posts\/10898","targetHints":{"allow":["GET"]}}],"collection":[{"href":"https:\/\/projectes.xtec.cat\/camps\/wp-json\/wp\/v2\/posts"}],"about":[{"href":"https:\/\/projectes.xtec.cat\/camps\/wp-json\/wp\/v2\/types\/post"}],"author":[{"embeddable":true,"href":"https:\/\/projectes.xtec.cat\/camps\/wp-json\/wp\/v2\/users\/40"}],"replies":[{"embeddable":true,"href":"https:\/\/projectes.xtec.cat\/camps\/wp-json\/wp\/v2\/comments?post=10898"}],"version-history":[{"count":3,"href":"https:\/\/projectes.xtec.cat\/camps\/wp-json\/wp\/v2\/posts\/10898\/revisions"}],"predecessor-version":[{"id":10902,"href":"https:\/\/projectes.xtec.cat\/camps\/wp-json\/wp\/v2\/posts\/10898\/revisions\/10902"}],"wp:featuredmedia":[{"embeddable":true,"href":"https:\/\/projectes.xtec.cat\/camps\/wp-json\/wp\/v2\/media\/10899"}],"wp:attachment":[{"href":"https:\/\/projectes.xtec.cat\/camps\/wp-json\/wp\/v2\/media?parent=10898"}],"wp:term":[{"taxonomy":"category","embeddable":true,"href":"https:\/\/projectes.xtec.cat\/camps\/wp-json\/wp\/v2\/categories?post=10898"},{"taxonomy":"post_tag","embeddable":true,"href":"https:\/\/projectes.xtec.cat\/camps\/wp-json\/wp\/v2\/tags?post=10898"}],"curies":[{"name":"wp","href":"https:\/\/api.w.org\/{rel}","templated":true}]}}