{"id":9241,"date":"2022-03-01T11:09:50","date_gmt":"2022-03-01T10:09:50","guid":{"rendered":"https:\/\/projectes.xtec.cat\/camps\/?p=9241"},"modified":"2022-03-01T11:49:12","modified_gmt":"2022-03-01T10:49:12","slug":"projecte-sobre-la-guerra-civil-a-barcelona","status":"publish","type":"post","link":"https:\/\/projectes.xtec.cat\/camps\/portada\/projecte-sobre-la-guerra-civil-a-barcelona\/","title":{"rendered":"Projecte sobre la Guerra Civil a Barcelona"},"content":{"rendered":"\r\n\t<div class=\"slideshow_container slideshow_container_style-light\" style=\"height: 400px; \" data-slideshow-id=\"9245\" data-style-name=\"style-light\" data-style-version=\"2.3.1\" >\r\n\r\n\t\t\t\t\t<div class=\"slideshow_loading_icon\"><\/div>\r\n\t\t\r\n\t\t<div class=\"slideshow_content\" style=\"display: none;\">\r\n\r\n\t\t\t<div class=\"slideshow_view\">\r\n\t\t\t\t<div class=\"slideshow_slide slideshow_slide_image\">\r\n\t\t\t\t\t\t\t\t\t\t\t<img src=\"https:\/\/projectes.xtec.cat\/camps\/wp-content\/uploads\/usu2431\/2022\/03\/unnamed-1.jpg\" alt=\"unnamed\" width=\"720\" height=\"539\" \/>\r\n\t\t\t\t\t\t\t\t\t\t<div class=\"slideshow_description_box slideshow_transparent\">\r\n\t\t\t\t\t\t\t\t\t\t\t\t\t\t\t\t\t<\/div>\r\n\t\t\t\t<\/div>\r\n\r\n\t\t\t\t\t\t<div style=\"clear: both;\"><\/div><\/div>\r\n\t\t<\/div>\r\n\r\n\t\t<div class=\"slideshow_controlPanel slideshow_transparent\" style=\"display: none;\"><ul><li class=\"slideshow_togglePlay\" data-play-text=\"Visualitza\" data-pause-text=\"Pausa\"><\/li><\/ul><\/div>\r\n\r\n\t\t<div class=\"slideshow_button slideshow_previous slideshow_transparent\" role=\"button\" data-previous-text=\"Anterior\" style=\"display: none;\"><\/div>\r\n\t\t<div class=\"slideshow_button slideshow_next slideshow_transparent\" role=\"button\" data-next-text=\"Seg\u00fcent\" style=\"display: none;\"><\/div>\r\n\r\n\t\t<div class=\"slideshow_pagination\" style=\"display: none;\" data-go-to-text=\"V\u00e9s a la diapositiva\"><div class=\"slideshow_pagination_center\"><\/div><\/div>\r\n\r\n\t\t<!-- WordPress Slideshow Version 2.3.1 -->\r\n\r\n\t\t\t<\/div>\r\n\r\n\n<p>La Guerra Civil Espanyola continua avui en dia sent un tema de controv\u00e8rsia i debat a la nostra societat. La disputa d\u2019un estat separat entre dos pobles ha comportat l\u2019enfrontament a la guerra civil i les discussions i\/o decisions pol\u00edtiques actuals derivades del passat.<\/p>\n<p>Al llarg de la tem\u00e0tica GUERRA CIVIL es pret\u00e9n recuperar la mem\u00f2ria hist\u00f2rica dels fets, incidint de forma concreta, a la ciutat de Barcelona. Quins fets desencadenaren la guerra? Quins agents participen?<\/p>\n<p>Aquest projecte es podr\u00e0 realitzar amb instituts de la ciutat o tamb\u00e9 podr\u00e0 formar part de les activitats d\u2019una estada.<\/p>\n<table>\n<tbody>\n<tr>\n<td style=\"width: 174.6px;background-color: #ffffff;text-align: center;border-color: #000000\"><strong>\u00c0mbit\/s<\/strong><\/td>\n<td style=\"width: 539.067px;background-color: #ffffff;border-color: #000000\">Arqueologia, hist\u00f2ria i patrimoni<\/td>\n<\/tr>\n<tr>\n<td style=\"width: 174.6px;background-color: #ffffff;border-color: #000000\"><a href=\"https:\/\/projectes.xtec.cat\/camps\/wp-content\/uploads\/usu2431\/2021\/06\/se_cda2.png\"><img loading=\"lazy\" decoding=\"async\" class=\"alignnone wp-image-8990\" src=\"https:\/\/projectes.xtec.cat\/camps\/wp-content\/uploads\/usu2431\/2021\/06\/se_cda2.png\" alt=\"\" width=\"221\" height=\"125\" srcset=\"https:\/\/projectes.xtec.cat\/camps\/wp-content\/uploads\/usu2431\/2021\/06\/se_cda2.png 496w, https:\/\/projectes.xtec.cat\/camps\/wp-content\/uploads\/usu2431\/2021\/06\/se_cda2-300x169.png 300w\" sizes=\"auto, (max-width: 221px) 100vw, 221px\" \/><\/a><\/td>\n<td style=\"width: 539.067px;background-color: #ffffff;border-color: #000000\"><a href=\"https:\/\/serveiseducatius.xtec.cat\/cda-barcelona\/guerra-civil-espanyola\/\"><strong>Projecte Guerra Civil Espanyola &#8211; Nodes CdA de Barcelona <\/strong><\/a><\/td>\n<\/tr>\n<\/tbody>\n<\/table>\n","protected":false},"excerpt":{"rendered":"<p>Al llarg de la tem\u00e0tica GUERRA CIVIL es pret\u00e9n recuperar la mem\u00f2ria hist\u00f2rica dels fets, incidint de forma concreta, a la ciutat de Barcelona. Quins fets desencadenaren la guerra? Quins agents participen?<\/p>\n","protected":false},"author":1,"featured_media":9246,"comment_status":"open","ping_status":"closed","sticky":false,"template":"","format":"standard","meta":{"_bbp_topic_count":0,"_bbp_reply_count":0,"_bbp_total_topic_count":0,"_bbp_total_reply_count":0,"_bbp_voice_count":0,"_bbp_anonymous_reply_count":0,"_bbp_topic_count_hidden":0,"_bbp_reply_count_hidden":0,"_bbp_forum_subforum_count":0,"site-sidebar-layout":"default","site-content-layout":"","ast-site-content-layout":"","site-content-style":"default","site-sidebar-style":"default","ast-global-header-display":"","ast-banner-title-visibility":"","ast-main-header-display":"","ast-hfb-above-header-display":"","ast-hfb-below-header-display":"","ast-hfb-mobile-header-display":"","site-post-title":"","ast-breadcrumbs-content":"","ast-featured-img":"","footer-sml-layout":"","theme-transparent-header-meta":"","adv-header-id-meta":"","stick-header-meta":"","header-above-stick-meta":"","header-main-stick-meta":"","header-below-stick-meta":"","astra-migrate-meta-layouts":"default","ast-page-background-enabled":"default","ast-page-background-meta":{"desktop":{"background-color":"var(--ast-global-color-4)","background-image":"","background-repeat":"repeat","background-position":"center center","background-size":"auto","background-attachment":"scroll","background-type":"","background-media":"","overlay-type":"","overlay-color":"","overlay-opacity":"","overlay-gradient":""},"tablet":{"background-color":"","background-image":"","background-repeat":"repeat","background-position":"center center","background-size":"auto","background-attachment":"scroll","background-type":"","background-media":"","overlay-type":"","overlay-color":"","overlay-opacity":"","overlay-gradient":""},"mobile":{"background-color":"","background-image":"","background-repeat":"repeat","background-position":"center center","background-size":"auto","background-attachment":"scroll","background-type":"","background-media":"","overlay-type":"","overlay-color":"","overlay-opacity":"","overlay-gradient":""}},"ast-content-background-meta":{"desktop":{"background-color":"var(--ast-global-color-5)","background-image":"","background-repeat":"repeat","background-position":"center center","background-size":"auto","background-attachment":"scroll","background-type":"","background-media":"","overlay-type":"","overlay-color":"","overlay-opacity":"","overlay-gradient":""},"tablet":{"background-color":"var(--ast-global-color-5)","background-image":"","background-repeat":"repeat","background-position":"center center","background-size":"auto","background-attachment":"scroll","background-type":"","background-media":"","overlay-type":"","overlay-color":"","overlay-opacity":"","overlay-gradient":""},"mobile":{"background-color":"var(--ast-global-color-5)","background-image":"","background-repeat":"repeat","background-position":"center center","background-size":"auto","background-attachment":"scroll","background-type":"","background-media":"","overlay-type":"","overlay-color":"","overlay-opacity":"","overlay-gradient":""}},"footnotes":""},"categories":[29,287],"tags":[294,346,343,298,345,291,344],"class_list":["post-9241","post","type-post","status-publish","format-standard","has-post-thumbnail","hentry","category-portada","category-projectes-compartits","tag-aprendreambelscampsientorns","tag-aprenem-amb-els-cda-eda","tag-arqueologia-historia-patrimoni","tag-cda-de-barcelona","tag-estadacda","tag-projectecda","tag-serveis-educatius"],"post_mailing_queue_ids":[],"_links":{"self":[{"href":"https:\/\/projectes.xtec.cat\/camps\/wp-json\/wp\/v2\/posts\/9241","targetHints":{"allow":["GET"]}}],"collection":[{"href":"https:\/\/projectes.xtec.cat\/camps\/wp-json\/wp\/v2\/posts"}],"about":[{"href":"https:\/\/projectes.xtec.cat\/camps\/wp-json\/wp\/v2\/types\/post"}],"author":[{"embeddable":true,"href":"https:\/\/projectes.xtec.cat\/camps\/wp-json\/wp\/v2\/users\/1"}],"replies":[{"embeddable":true,"href":"https:\/\/projectes.xtec.cat\/camps\/wp-json\/wp\/v2\/comments?post=9241"}],"version-history":[{"count":3,"href":"https:\/\/projectes.xtec.cat\/camps\/wp-json\/wp\/v2\/posts\/9241\/revisions"}],"predecessor-version":[{"id":9249,"href":"https:\/\/projectes.xtec.cat\/camps\/wp-json\/wp\/v2\/posts\/9241\/revisions\/9249"}],"wp:featuredmedia":[{"embeddable":true,"href":"https:\/\/projectes.xtec.cat\/camps\/wp-json\/wp\/v2\/media\/9246"}],"wp:attachment":[{"href":"https:\/\/projectes.xtec.cat\/camps\/wp-json\/wp\/v2\/media?parent=9241"}],"wp:term":[{"taxonomy":"category","embeddable":true,"href":"https:\/\/projectes.xtec.cat\/camps\/wp-json\/wp\/v2\/categories?post=9241"},{"taxonomy":"post_tag","embeddable":true,"href":"https:\/\/projectes.xtec.cat\/camps\/wp-json\/wp\/v2\/tags?post=9241"}],"curies":[{"name":"wp","href":"https:\/\/api.w.org\/{rel}","templated":true}]}}