{"id":9250,"date":"2022-03-03T13:31:52","date_gmt":"2022-03-03T12:31:52","guid":{"rendered":"https:\/\/projectes.xtec.cat\/camps\/?p=9250"},"modified":"2022-03-03T13:34:15","modified_gmt":"2022-03-03T12:34:15","slug":"temps-de-quaresma-al-monestir-de-ripoll-i-a-lescola","status":"publish","type":"post","link":"https:\/\/projectes.xtec.cat\/camps\/general\/temps-de-quaresma-al-monestir-de-ripoll-i-a-lescola\/","title":{"rendered":"Temps de quaresma al Monestir de Ripoll i a l\u2019escola."},"content":{"rendered":"<p><a href=\"https:\/\/serveiseducatius.xtec.cat\/cda-ripolles\/wp-content\/uploads\/usu1377\/2021\/02\/vella-quaresma.jpg\"><img loading=\"lazy\" decoding=\"async\" class=\"wp-image-9607 alignleft\" src=\"https:\/\/serveiseducatius.xtec.cat\/cda-ripolles\/wp-content\/uploads\/usu1377\/2021\/02\/vella-quaresma.jpg\" alt=\"\" width=\"150\" height=\"193\" \/><\/a>La quaresma comen\u00e7a el dimecres de cendra,\u00a0<b>aquest 2022 s\u2019escau el dimecres 2 de mar\u00e7,<\/b>\u00a0i acaba el diumenge de Pasqua.\u00a0 L\u2019objectiu d\u2019aquest per\u00edode de temps \u00e9s la reflexi\u00f3 i preparaci\u00f3 per la pasqua cristiana. Tradicionalment\u00a0<b>el dimecres de cendra\u00a0<\/b>es practica\u00a0el\u00a0<strong>dejuni<\/strong>,\u00a0que significa no menjar res aquest dia<b>.\u00a0 L\u2019abstin\u00e8ncia, <\/b>que vol dir evitar menjar carn, es practica<b>\u00a0els divendres de quaresma\u00a0<\/b>en record de la tristesa del Divendres Sant, que va ser quan Jes\u00fas va ser crucificat, i\u00a0relacionant-ho d\u2019alguna manera amb el patiment de Crist durant la passi\u00f3.<\/p>\n<p>Des de l\u2019\u00e8poca medieval era habitual la prohibici\u00f3 del consum de carn i ous, augmentant per altra banda, el consum de peix.\u00a0 Antigament aquestes pr\u00e0ctiques eren molt m\u00e9s extremes i estaven molt m\u00e9s esteses que en l\u2019actualitat,\u00a0<b>i l\u2019abstin\u00e8ncia de carn s\u2019allargava a tots els divendres de l\u2019any<\/b>.\u00a0\u00a0Tradicionalment, als Pa\u00efsos Catalans, el per\u00edode de quaresma es representa per mitj\u00e0 d\u2019una dona vella amb set cames, que simbolitzen les setmanes que s\u2019allargar\u00e0 en el temps, i amb un bacall\u00e0 a la m\u00e0.\u00a0 Per fer el compte enrere des de l\u2019inici d\u2019abstin\u00e8ncia fins el diumenge de Pasqua, cada setmana s\u2019arrenca una cama de la vella quaresma.<\/p>\n<p>Per\u00f2 com es vivia la quaresma al Monestir de Ripoll?<\/p>\n<figure class=\"figure wp-caption alignleft\" style=\"width: 158px\"><img loading=\"lazy\" decoding=\"async\" class=\"\" src=\"https:\/\/www.enciclopedia.cat\/sites\/default\/files\/media\/FOTO\/Regula.jpg\" width=\"158\" height=\"230\" \/><figcaption class=\"wp-caption-text\">Regla de St. Benet de l\u2019any 1499<\/figcaption><\/figure>\n<p>Els monjos del monestir de Santa Maria de Ripoll es regien per la regla de Sant Benet. Aquestes normes recollides en un llibre dictaven com havien d\u2019actuar tots els monjos en totes les casu\u00edstiques possibles, fins i tot en quines hores s\u2019havia de menjar.\u00a0 La vida dels monjos en s\u00ed ja era dedicada plenament a Crist i d\u2019aquesta manera ja s\u2019abstenien de per s\u00ed de moltes coses.\u00a0 Tot i aix\u00ed, en \u00e8poca de quaresma, el cap\u00edtol 49 de la regla dictava el seg\u00fcent:\u00a0<em>\u201cPer b\u00e9 que la vida del monjo hauria de respondre en tot temps a una observan\u00e7a quaresmal, amb tot, com que s\u00f3n pocs els qui tenen aquesta fortalesa, per aix\u00f2 invitem a guardar la pr\u00f2pia vida amb tota la seva puresa, aquests dies de quaresma, i, a la vegada, esborrar, aquests dies sants, totes les neglig\u00e8ncies dels altres temps.\u00a0 Aix\u00f2 es far\u00e0 com cal, si ens retraiem de tota mena de vicis i ens donem a l\u2019oraci\u00f3 amb ll\u00e0grimes, a la lectura i a la compunci\u00f3 del cor, i a l\u2019abstin\u00e8ncia.\u00a0 Per tant, imposem-nos aquests dies alguna cosa de m\u00e9s en la tasca acostumada de la nostra servitud: preg\u00e0ries particulars, abstin\u00e8ncia en el menjar i en el beure, de manera que cadasc\u00fa, ultra la mesura que t\u00e9 prescrita, ofereixi alguna cosa a D\u00e9u per pr\u00f2pia voluntat \u201camb goig de l\u2019Esperit Sant\u201d; \u00e9s a dir, que tregui al seu cos una part del menjar, del beure, de dormir, de parlar molt, de bromejar, i amb una joia plena de deler espiritual esperi la santa Pasqua<\/em>.<em>\u201d<\/em><\/p>\n<p>Al cap\u00edtol 41 d\u2019aquesta regla diu que nom\u00e9s poden menjar al vespre, per\u00f2 que tot s\u2019acabi encara amb la claror del dia.<\/p>\n<p>Les escoles que celebren o recorden aquest per\u00edode de temps acostumen a fer diferents treballs d\u2019expressi\u00f3 pl\u00e0stica relacionats amb la Vella Quaresma, aix\u00ed com treballar a l\u2019\u00e0rea de m\u00fasica can\u00e7ons que hi tenen relaci\u00f3 com la <a href=\"https:\/\/youtu.be\/TTBEbzrWq68\">Vella Quaresma<\/a>, entre altres.<\/p>\n<p>Des del Camp d\u2019Aprenentatge del Ripoll\u00e8s us volem animar a treballar amb esperit cr\u00edtic, d\u2019una forma interdisciplinar o centrat a l\u2019\u00e0rea de coneixement del medi diferents sobre aquesta tem\u00e0tica.\u00a0 Alguns exemples de projectes que podem dur a terme aquests dies tot aprofitant l\u2019\u00e8poca que iniciem per fer-los m\u00e9s significatius, poden ser:<\/p>\n<ul>\n<li>Com es vivia la quaresma en diferents \u00e8poques de la hist\u00f2ria comparant-ho amb l\u2019actualitat?\u00a0 Ens imaginem com es viur\u00e0 en el futur?<\/li>\n<li>Com es viu la quaresma en diferents generacions de la societat actual?\u00a0 Hi ha difer\u00e8ncies entre unes i altres?\u00a0 A qu\u00e8 es deuen aquestes difer\u00e8ncies, si n\u2019hi ha?<\/li>\n<li>Hi ha altres religions amb per\u00edodes de temps o celebracions semblants a la quaresma?\u00a0 Si n\u2019hi ha, quina explicaci\u00f3 hi pots trobar?<\/li>\n<li>Treballem la quaresma i les festivitats que s\u2019hi relacionen (dijous gras, carnestoltes, pasqua\u2026) des d\u2019un punt de vista neutral.\u00a0 Hi podem donar una justificaci\u00f3 no religiosa?<\/li>\n<li>Perqu\u00e8 hi ha festes que es mouen en el calendari?<\/li>\n<li>I tot all\u00f2 que se\u2019ns pugui oc\u00f3rrer.<\/li>\n<\/ul>\n<p>No dubteu en posar-vos en <a href=\"https:\/\/serveiseducatius.xtec.cat\/cda-ripolles\/\">contacte<\/a> amb nosaltres si des del vostre centre teniu dubtes al respecte o necessiteu un cop de m\u00e0.<\/p>\n","protected":false},"excerpt":{"rendered":"<p>La quaresma comen\u00e7a el dimecres de cendra,\u00a0aquest 2022 s\u2019escau el dimecres 2 de mar\u00e7,\u00a0i acaba el diumenge de Pasqua.\u00a0 L\u2019objectiu [&hellip;]<\/p>\n","protected":false},"author":39,"featured_media":9251,"comment_status":"open","ping_status":"closed","sticky":false,"template":"","format":"standard","meta":{"_bbp_topic_count":0,"_bbp_reply_count":0,"_bbp_total_topic_count":0,"_bbp_total_reply_count":0,"_bbp_voice_count":0,"_bbp_anonymous_reply_count":0,"_bbp_topic_count_hidden":0,"_bbp_reply_count_hidden":0,"_bbp_forum_subforum_count":0,"site-sidebar-layout":"default","site-content-layout":"","ast-site-content-layout":"","site-content-style":"default","site-sidebar-style":"default","ast-global-header-display":"","ast-banner-title-visibility":"","ast-main-header-display":"","ast-hfb-above-header-display":"","ast-hfb-below-header-display":"","ast-hfb-mobile-header-display":"","site-post-title":"","ast-breadcrumbs-content":"","ast-featured-img":"","footer-sml-layout":"","theme-transparent-header-meta":"","adv-header-id-meta":"","stick-header-meta":"","header-above-stick-meta":"","header-main-stick-meta":"","header-below-stick-meta":"","astra-migrate-meta-layouts":"default","ast-page-background-enabled":"default","ast-page-background-meta":{"desktop":{"background-color":"var(--ast-global-color-4)","background-image":"","background-repeat":"repeat","background-position":"center center","background-size":"auto","background-attachment":"scroll","background-type":"","background-media":"","overlay-type":"","overlay-color":"","overlay-opacity":"","overlay-gradient":""},"tablet":{"background-color":"","background-image":"","background-repeat":"repeat","background-position":"center center","background-size":"auto","background-attachment":"scroll","background-type":"","background-media":"","overlay-type":"","overlay-color":"","overlay-opacity":"","overlay-gradient":""},"mobile":{"background-color":"","background-image":"","background-repeat":"repeat","background-position":"center center","background-size":"auto","background-attachment":"scroll","background-type":"","background-media":"","overlay-type":"","overlay-color":"","overlay-opacity":"","overlay-gradient":""}},"ast-content-background-meta":{"desktop":{"background-color":"var(--ast-global-color-5)","background-image":"","background-repeat":"repeat","background-position":"center center","background-size":"auto","background-attachment":"scroll","background-type":"","background-media":"","overlay-type":"","overlay-color":"","overlay-opacity":"","overlay-gradient":""},"tablet":{"background-color":"var(--ast-global-color-5)","background-image":"","background-repeat":"repeat","background-position":"center center","background-size":"auto","background-attachment":"scroll","background-type":"","background-media":"","overlay-type":"","overlay-color":"","overlay-opacity":"","overlay-gradient":""},"mobile":{"background-color":"var(--ast-global-color-5)","background-image":"","background-repeat":"repeat","background-position":"center center","background-size":"auto","background-attachment":"scroll","background-type":"","background-media":"","overlay-type":"","overlay-color":"","overlay-opacity":"","overlay-gradient":""}},"footnotes":""},"categories":[1,29],"tags":[294,346,333,334,332,335,336,339,341,310],"class_list":["post-9250","post","type-post","status-publish","format-standard","has-post-thumbnail","hentry","category-general","category-portada","tag-aprendreambelscampsientorns","tag-aprenem-amb-els-cda-eda","tag-aprenemambelscampsientorns","tag-campsientornsdaprenentatge","tag-cda-del-ripolles","tag-dia-assenyalat","tag-esperit-critic","tag-historia","tag-medieval","tag-recurs-didactic"],"post_mailing_queue_ids":[],"_links":{"self":[{"href":"https:\/\/projectes.xtec.cat\/camps\/wp-json\/wp\/v2\/posts\/9250","targetHints":{"allow":["GET"]}}],"collection":[{"href":"https:\/\/projectes.xtec.cat\/camps\/wp-json\/wp\/v2\/posts"}],"about":[{"href":"https:\/\/projectes.xtec.cat\/camps\/wp-json\/wp\/v2\/types\/post"}],"author":[{"embeddable":true,"href":"https:\/\/projectes.xtec.cat\/camps\/wp-json\/wp\/v2\/users\/39"}],"replies":[{"embeddable":true,"href":"https:\/\/projectes.xtec.cat\/camps\/wp-json\/wp\/v2\/comments?post=9250"}],"version-history":[{"count":3,"href":"https:\/\/projectes.xtec.cat\/camps\/wp-json\/wp\/v2\/posts\/9250\/revisions"}],"predecessor-version":[{"id":9254,"href":"https:\/\/projectes.xtec.cat\/camps\/wp-json\/wp\/v2\/posts\/9250\/revisions\/9254"}],"wp:featuredmedia":[{"embeddable":true,"href":"https:\/\/projectes.xtec.cat\/camps\/wp-json\/wp\/v2\/media\/9251"}],"wp:attachment":[{"href":"https:\/\/projectes.xtec.cat\/camps\/wp-json\/wp\/v2\/media?parent=9250"}],"wp:term":[{"taxonomy":"category","embeddable":true,"href":"https:\/\/projectes.xtec.cat\/camps\/wp-json\/wp\/v2\/categories?post=9250"},{"taxonomy":"post_tag","embeddable":true,"href":"https:\/\/projectes.xtec.cat\/camps\/wp-json\/wp\/v2\/tags?post=9250"}],"curies":[{"name":"wp","href":"https:\/\/api.w.org\/{rel}","templated":true}]}}