{"id":9502,"date":"2023-01-11T11:18:18","date_gmt":"2023-01-11T10:18:18","guid":{"rendered":"https:\/\/projectes.xtec.cat\/camps\/?p=9502"},"modified":"2023-01-11T11:19:26","modified_gmt":"2023-01-11T10:19:26","slug":"40-anys-aprenent-al-territori","status":"publish","type":"post","link":"https:\/\/projectes.xtec.cat\/camps\/general\/40-anys-aprenent-al-territori\/","title":{"rendered":"40 anys aprenent al territori"},"content":{"rendered":"<p style=\"text-align: justify\"><span style=\"font-weight: 400\">El dimarts 10 de gener de 2023 va tenir lloc a la Garrotxa la celebraci\u00f3 dels 40 anys dels Camps i Entorns d\u2019Aprenentatge que van iniciar la seva aventura d\u2019aprendre al territori l\u2019any 1982. Es tracta dels <a href=\"https:\/\/serveiseducatius.xtec.cat\/cda-delta\/\" target=\"_blank\" rel=\"noopener\">CdA del Delta de l\u2019Ebre<\/a>, la <a href=\"https:\/\/serveiseducatius.xtec.cat\/cda-tarragona\/\" target=\"_blank\" rel=\"noopener\">Ciutat de Tarragona<\/a>, de <a href=\"https:\/\/serveiseducatius.xtec.cat\/cda-juneda\/\" target=\"_blank\" rel=\"noopener\">Juneda<\/a> i de la <a href=\"https:\/\/serveiseducatius.xtec.cat\/cda-garrotxa\/\" target=\"_blank\" rel=\"noopener\">Garrotxa.<\/a><\/span><\/p>\n<p style=\"text-align: justify\"><span style=\"font-weight: 400\">Una celebraci\u00f3 que va reunir a l\u2019<\/span><i><span style=\"font-weight: 400\"><a href=\"https:\/\/espaicrater.com\/\" target=\"_blank\" rel=\"noopener\">Espai Cr\u00e0ter<\/a> <\/span><\/i><span style=\"font-weight: 400\">d\u2019Olot a tots els membres actuals dels Camps i Entorns, aix\u00ed com mestres <\/span><span style=\"font-weight: 400\">i docents jubilats que n\u2019han format part durant la seva traject\u00f2ria. Tamb\u00e9 es va comptar\u00a0 amb representaci\u00f3 de membres del Departament d\u2019Educaci\u00f3,\u00a0 dels Serveis Educatius i de l\u2019Administraci\u00f3 local.<\/span><\/p>\n<p style=\"text-align: justify\"><span style=\"font-weight: 400\">Un acte de caire familiar que va omplir la <\/span><i><span style=\"font-weight: 400\">Sala Magma<\/span><\/i><span style=\"font-weight: 400\"> de l\u2019Espai Cr\u00e0ter on es va projectar una retrospectiva, des de la creaci\u00f3 fins a l\u2019actualitat, d\u2019aquests Camps d\u2019Aprenentatge.<\/span><\/p>\n<p style=\"text-align: justify\"><span style=\"font-weight: 400\">Tot seguit es va donar pas a una taula rodona presidida pels fundadors d\u2019aquests quatre Camps: l\u2019\u00d2scar Cid, en representaci\u00f3 del Delta de l\u2019Ebre, l\u2019Inda Moragues de la Ciutat de Tarragona, l\u2019\u00c0ngel Sed\u00f3 de Juneda i en Jordi Espadal\u00e9 de la Garrotxa. Una posada en com\u00fa de les pr\u00f2pies viv\u00e8ncies viscudes per engegar els seus projectes de Camp amb una mirada pedag\u00f2gica i de reflexi\u00f3 cap al futur.<\/span><\/p>\n<p style=\"text-align: justify\"><span style=\"font-weight: 400\">Tot seguit es va poder visitar l\u2019esp<\/span><span style=\"font-weight: 400\">ai muse\u00edstic <\/span><i><span style=\"font-weight: 400\">Espai Cr\u00e0ter<\/span><\/i><span style=\"font-weight: 400\">, ubicat al volc\u00e0 del Puig Roser i dedicat a la vulcanologia.<\/span><\/p>\n<p style=\"text-align: justify\"><span style=\"font-weight: 400\">La jornada va concloure amb un dinar de celebraci\u00f3 dels diferents professionals i exprofessionals dels Camps i Entorns d&#8217;Aprenentatge.<\/span><\/p>\n<p>Una bona oportunitat per con\u00e8ixer d&#8217;on venim, saber cap on anem i reflexionar sobre la nostra tasca docent.<\/p>\n<p style=\"text-align: justify\"><span style=\"font-weight: 400\">Llarga vida als Camps i Entorns!<\/span><\/p>\n<p style=\"text-align: justify\"><a href=\"https:\/\/projectes.xtec.cat\/camps\/wp-content\/uploads\/usu2431\/2023\/01\/Trobada-1-1.jpg\"><img loading=\"lazy\" decoding=\"async\" class=\"wp-image-9506 aligncenter\" src=\"https:\/\/projectes.xtec.cat\/camps\/wp-content\/uploads\/usu2431\/2023\/01\/Trobada-1-1.jpg\" alt=\"\" width=\"790\" height=\"592\" srcset=\"https:\/\/projectes.xtec.cat\/camps\/wp-content\/uploads\/usu2431\/2023\/01\/Trobada-1-1.jpg 1024w, https:\/\/projectes.xtec.cat\/camps\/wp-content\/uploads\/usu2431\/2023\/01\/Trobada-1-1-300x225.jpg 300w, https:\/\/projectes.xtec.cat\/camps\/wp-content\/uploads\/usu2431\/2023\/01\/Trobada-1-1-768x576.jpg 768w, https:\/\/projectes.xtec.cat\/camps\/wp-content\/uploads\/usu2431\/2023\/01\/Trobada-1-1-200x150.jpg 200w\" sizes=\"auto, (max-width: 790px) 100vw, 790px\" \/><\/a><\/p>\n<p>&nbsp;<\/p>\n<p style=\"text-align: justify\"><a href=\"https:\/\/projectes.xtec.cat\/camps\/wp-content\/uploads\/usu2431\/2023\/01\/Trobada2-1.jpg\"><img loading=\"lazy\" decoding=\"async\" class=\"wp-image-9507 aligncenter\" style=\"color: #222222\" src=\"https:\/\/projectes.xtec.cat\/camps\/wp-content\/uploads\/usu2431\/2023\/01\/Trobada-2-1024x739.jpg\" alt=\"\" width=\"794\" height=\"573\" srcset=\"https:\/\/projectes.xtec.cat\/camps\/wp-content\/uploads\/usu2431\/2023\/01\/Trobada-2-1024x739.jpg 1024w, https:\/\/projectes.xtec.cat\/camps\/wp-content\/uploads\/usu2431\/2023\/01\/Trobada-2-300x217.jpg 300w, https:\/\/projectes.xtec.cat\/camps\/wp-content\/uploads\/usu2431\/2023\/01\/Trobada-2-768x554.jpg 768w, https:\/\/projectes.xtec.cat\/camps\/wp-content\/uploads\/usu2431\/2023\/01\/Trobada-2-1536x1109.jpg 1536w, https:\/\/projectes.xtec.cat\/camps\/wp-content\/uploads\/usu2431\/2023\/01\/Trobada-2.jpg 1600w\" sizes=\"auto, (max-width: 794px) 100vw, 794px\" \/><\/a><\/p>\n<p>&nbsp;<\/p>\n<p style=\"text-align: justify\"><a href=\"https:\/\/projectes.xtec.cat\/camps\/wp-content\/uploads\/usu2431\/2023\/01\/Trobada2-1.jpg\"><img loading=\"lazy\" decoding=\"async\" class=\"wp-image-9508 aligncenter\" src=\"https:\/\/projectes.xtec.cat\/camps\/wp-content\/uploads\/usu2431\/2023\/01\/Trobada2-1-1024x714.jpg\" alt=\"\" width=\"793\" height=\"553\" srcset=\"https:\/\/projectes.xtec.cat\/camps\/wp-content\/uploads\/usu2431\/2023\/01\/Trobada2-1-1024x714.jpg 1024w, https:\/\/projectes.xtec.cat\/camps\/wp-content\/uploads\/usu2431\/2023\/01\/Trobada2-1-300x209.jpg 300w, https:\/\/projectes.xtec.cat\/camps\/wp-content\/uploads\/usu2431\/2023\/01\/Trobada2-1-768x535.jpg 768w, https:\/\/projectes.xtec.cat\/camps\/wp-content\/uploads\/usu2431\/2023\/01\/Trobada2-1-1536x1070.jpg 1536w, https:\/\/projectes.xtec.cat\/camps\/wp-content\/uploads\/usu2431\/2023\/01\/Trobada2-1.jpg 1600w\" sizes=\"auto, (max-width: 793px) 100vw, 793px\" \/><\/a><\/p>\n","protected":false},"excerpt":{"rendered":"<p>El dimarts 10 de gener de 2023 va tenir lloc a la Garrotxa la celebraci\u00f3 dels 40 anys dels Camps [&hellip;]<\/p>\n","protected":false},"author":35,"featured_media":9508,"comment_status":"open","ping_status":"closed","sticky":false,"template":"","format":"standard","meta":{"_bbp_topic_count":0,"_bbp_reply_count":0,"_bbp_total_topic_count":0,"_bbp_total_reply_count":0,"_bbp_voice_count":0,"_bbp_anonymous_reply_count":0,"_bbp_topic_count_hidden":0,"_bbp_reply_count_hidden":0,"_bbp_forum_subforum_count":0,"site-sidebar-layout":"default","site-content-layout":"","ast-site-content-layout":"","site-content-style":"default","site-sidebar-style":"default","ast-global-header-display":"","ast-banner-title-visibility":"","ast-main-header-display":"","ast-hfb-above-header-display":"","ast-hfb-below-header-display":"","ast-hfb-mobile-header-display":"","site-post-title":"","ast-breadcrumbs-content":"","ast-featured-img":"","footer-sml-layout":"","theme-transparent-header-meta":"","adv-header-id-meta":"","stick-header-meta":"","header-above-stick-meta":"","header-main-stick-meta":"","header-below-stick-meta":"","astra-migrate-meta-layouts":"default","ast-page-background-enabled":"default","ast-page-background-meta":{"desktop":{"background-color":"var(--ast-global-color-4)","background-image":"","background-repeat":"repeat","background-position":"center center","background-size":"auto","background-attachment":"scroll","background-type":"","background-media":"","overlay-type":"","overlay-color":"","overlay-opacity":"","overlay-gradient":""},"tablet":{"background-color":"","background-image":"","background-repeat":"repeat","background-position":"center center","background-size":"auto","background-attachment":"scroll","background-type":"","background-media":"","overlay-type":"","overlay-color":"","overlay-opacity":"","overlay-gradient":""},"mobile":{"background-color":"","background-image":"","background-repeat":"repeat","background-position":"center center","background-size":"auto","background-attachment":"scroll","background-type":"","background-media":"","overlay-type":"","overlay-color":"","overlay-opacity":"","overlay-gradient":""}},"ast-content-background-meta":{"desktop":{"background-color":"var(--ast-global-color-5)","background-image":"","background-repeat":"repeat","background-position":"center center","background-size":"auto","background-attachment":"scroll","background-type":"","background-media":"","overlay-type":"","overlay-color":"","overlay-opacity":"","overlay-gradient":""},"tablet":{"background-color":"var(--ast-global-color-5)","background-image":"","background-repeat":"repeat","background-position":"center center","background-size":"auto","background-attachment":"scroll","background-type":"","background-media":"","overlay-type":"","overlay-color":"","overlay-opacity":"","overlay-gradient":""},"mobile":{"background-color":"var(--ast-global-color-5)","background-image":"","background-repeat":"repeat","background-position":"center center","background-size":"auto","background-attachment":"scroll","background-type":"","background-media":"","overlay-type":"","overlay-color":"","overlay-opacity":"","overlay-gradient":""}},"footnotes":""},"categories":[1,29],"tags":[294,346,333,344],"class_list":["post-9502","post","type-post","status-publish","format-standard","has-post-thumbnail","hentry","category-general","category-portada","tag-aprendreambelscampsientorns","tag-aprenem-amb-els-cda-eda","tag-aprenemambelscampsientorns","tag-serveis-educatius"],"post_mailing_queue_ids":[],"_links":{"self":[{"href":"https:\/\/projectes.xtec.cat\/camps\/wp-json\/wp\/v2\/posts\/9502","targetHints":{"allow":["GET"]}}],"collection":[{"href":"https:\/\/projectes.xtec.cat\/camps\/wp-json\/wp\/v2\/posts"}],"about":[{"href":"https:\/\/projectes.xtec.cat\/camps\/wp-json\/wp\/v2\/types\/post"}],"author":[{"embeddable":true,"href":"https:\/\/projectes.xtec.cat\/camps\/wp-json\/wp\/v2\/users\/35"}],"replies":[{"embeddable":true,"href":"https:\/\/projectes.xtec.cat\/camps\/wp-json\/wp\/v2\/comments?post=9502"}],"version-history":[{"count":2,"href":"https:\/\/projectes.xtec.cat\/camps\/wp-json\/wp\/v2\/posts\/9502\/revisions"}],"predecessor-version":[{"id":9510,"href":"https:\/\/projectes.xtec.cat\/camps\/wp-json\/wp\/v2\/posts\/9502\/revisions\/9510"}],"wp:featuredmedia":[{"embeddable":true,"href":"https:\/\/projectes.xtec.cat\/camps\/wp-json\/wp\/v2\/media\/9508"}],"wp:attachment":[{"href":"https:\/\/projectes.xtec.cat\/camps\/wp-json\/wp\/v2\/media?parent=9502"}],"wp:term":[{"taxonomy":"category","embeddable":true,"href":"https:\/\/projectes.xtec.cat\/camps\/wp-json\/wp\/v2\/categories?post=9502"},{"taxonomy":"post_tag","embeddable":true,"href":"https:\/\/projectes.xtec.cat\/camps\/wp-json\/wp\/v2\/tags?post=9502"}],"curies":[{"name":"wp","href":"https:\/\/api.w.org\/{rel}","templated":true}]}}