{"id":9561,"date":"2023-02-20T21:21:29","date_gmt":"2023-02-20T20:21:29","guid":{"rendered":"https:\/\/projectes.xtec.cat\/camps\/?p=9561"},"modified":"2023-03-08T16:59:09","modified_gmt":"2023-03-08T15:59:09","slug":"jornada-exilis-instituts-de-lalt-emporda-i-un-de-tortosa","status":"publish","type":"post","link":"https:\/\/projectes.xtec.cat\/camps\/general\/jornada-exilis-instituts-de-lalt-emporda-i-un-de-tortosa\/","title":{"rendered":"Jornada Exilis. Instituts de l\u2019Alt Empord\u00e0 i un de Tortosa a l&#8217;EdA del Canig\u00f3"},"content":{"rendered":"<p>A l\u2019Alt Empord\u00e0 hi ha un grup de treball de docents d\u2019hist\u00f2ria de secund\u00e0ria anomenat Exili, Deportaci\u00f3 i Holocaust que treballa la mem\u00f2ria hist\u00f2rica amb el seu alumnat. Una comissi\u00f3 d\u2019aquest grup de treball el setembre passat varen anar a les Terres de l\u2019Ebre per visitar espais de mem\u00f2ria i all\u00e0 varen contactar amb un altre grup de docents que tenen els mateixos objectius. Aquests docents del sud, de l\u2019Institut Dertosa de Tortosa, dona la casualitat que realitzen una estada amb nosaltres per treballar l\u2019Exili. D\u2019aquella trobada del setembre, va sorgir la idea de fer coincidir la seva estada a la Catalunya Nord, a l\u2019EdA del Canig\u00f3, amb una jornada que organitzen els docents del Grup de Treball empordan\u00e8s a la platja d\u2019Argelers. El resultat ha estat una trobada emotiva. M\u00e9s de 500 alumnes de diferents instituts de l\u2019Alt Empord\u00e0 i l\u2019Institut Dertosa s\u2019han trobat a la platja d\u2019Argelers per recordar i commemorar el fets de l\u2019Exili.<\/p>\n<p>La jornada ha comen\u00e7at al mat\u00ed on cada institut participant ha visitat diferents espais de mem\u00f2ria com el MUME de la Jonquera, el memorial Walter Benjamin de Portbou, la Maternitat d\u2019Elna o el Coll de Lli a La Vajol i finalment a la tarda tots els centres s\u2019han trobat a la platja d\u2019Argelers.<\/p>\n<p>All\u00e0, al costat del mon\u00f2lit commemoratiu del que fou el camp de concentraci\u00f3, alumnat de cada centre han llegit textos i han fet una ofrena floral. Llavors testimonis de l\u2019exili, de l\u2019associaci\u00f3 FFREEE, ens han transm\u00e8s emocionats les seves viv\u00e8ncies i per \u00faltim, l\u2019 Alcalde d\u2019Argelers, Antoine Parra ha agra\u00eft la nostra pres\u00e8ncia i la import\u00e0ncia d\u2019aquell acte.<\/p>\n<p>Finalment, ordenadament, tots els centres s\u2019han distribu\u00eft a la platja, sobre la sorra, on l\u2019alumnat\u00a0 ha fet recreacions d\u2019imatges del que va ser el camp d\u2019Argelers i per acabar s\u2019ha representat el que fou el fil ferrat del camp de concentraci\u00f3, al sud, a l\u2019oest, al nord, alumnes fent el male\u00eft fil ferrat i l\u2019est el mar i l\u2019horitz\u00f3.<\/p>\n<p>Des de l\u2019Entorn d\u2019Aprenentatge del Canig\u00f3 que treballem la mem\u00f2ria de l\u2019Exili\u00a0 amb les nostres activitats, ens ha omplert d\u2019emoci\u00f3 participar en aquesta\u00a0 jornada. Saber que hi ha grups de docents que treballen en aquesta l\u00ednia i es dediquen a transmetre el llegat hist\u00f2ric de la lluita contra el feixisme al seu alumnat ens enorgulleix. Nom\u00e9s aix\u00ed, trepitjant la sorra fr\u00e0gil d\u2019Argelers, es consciencia i es transmet un aprenentatge vital pels nostres alumnes: la mem\u00f2ria d\u2019aquells que varen lluitar per la democr\u00e0cia i la llibertat somiant un m\u00f3n m\u00e9s just possibilita l\u2019aprenentatge que una societat justa, democr\u00e0tica i amb respecte cap a totes les persones \u00e9s la millor resposta contra les derives neofeixistes que amenacen la nostra societat.<\/p>\n<p>Tan sols ens queda agrair als docents del Grup de Treball de l\u2019Exili, Deportaci\u00f3 i Holocaust per haver-nos ofert participar d\u2019aquesta jornada contra l\u2019oblit que pret\u00e9n mantenir la mem\u00f2ria viva. Una experi\u00e8ncia educativa que ens verifica que des de l\u2019educaci\u00f3 p\u00fablica \u00e9s la millor trinxera per construir un m\u00f3n m\u00e9s digne per tots i totes.<\/p>\n<p><a href=\"https:\/\/serveiseducatius.xtec.cat\/edadelcanigo\/wp-content\/uploads\/usu1374\/2023\/02\/IMG-20230215-WA0013.jpg\"><img loading=\"lazy\" decoding=\"async\" class=\"alignnone wp-image-9492 size-full\" src=\"https:\/\/serveiseducatius.xtec.cat\/edadelcanigo\/wp-content\/uploads\/usu1374\/2023\/02\/IMG-20230215-WA0013.jpg\" alt=\"\" width=\"1576\" height=\"1133\" \/><\/a><\/p>\n","protected":false},"excerpt":{"rendered":"<p>A l\u2019Alt Empord\u00e0 hi ha un grup de treball de docents d\u2019hist\u00f2ria de secund\u00e0ria anomenat Exili, Deportaci\u00f3 i Holocaust que [&hellip;]<\/p>\n","protected":false},"author":10,"featured_media":9559,"comment_status":"open","ping_status":"closed","sticky":false,"template":"","format":"standard","meta":{"_bbp_topic_count":0,"_bbp_reply_count":0,"_bbp_total_topic_count":0,"_bbp_total_reply_count":0,"_bbp_voice_count":0,"_bbp_anonymous_reply_count":0,"_bbp_topic_count_hidden":0,"_bbp_reply_count_hidden":0,"_bbp_forum_subforum_count":0,"site-sidebar-layout":"default","site-content-layout":"","ast-site-content-layout":"","site-content-style":"default","site-sidebar-style":"default","ast-global-header-display":"","ast-banner-title-visibility":"","ast-main-header-display":"","ast-hfb-above-header-display":"","ast-hfb-below-header-display":"","ast-hfb-mobile-header-display":"","site-post-title":"","ast-breadcrumbs-content":"","ast-featured-img":"","footer-sml-layout":"","theme-transparent-header-meta":"","adv-header-id-meta":"","stick-header-meta":"","header-above-stick-meta":"","header-main-stick-meta":"","header-below-stick-meta":"","astra-migrate-meta-layouts":"default","ast-page-background-enabled":"default","ast-page-background-meta":{"desktop":{"background-color":"var(--ast-global-color-4)","background-image":"","background-repeat":"repeat","background-position":"center center","background-size":"auto","background-attachment":"scroll","background-type":"","background-media":"","overlay-type":"","overlay-color":"","overlay-opacity":"","overlay-gradient":""},"tablet":{"background-color":"","background-image":"","background-repeat":"repeat","background-position":"center center","background-size":"auto","background-attachment":"scroll","background-type":"","background-media":"","overlay-type":"","overlay-color":"","overlay-opacity":"","overlay-gradient":""},"mobile":{"background-color":"","background-image":"","background-repeat":"repeat","background-position":"center center","background-size":"auto","background-attachment":"scroll","background-type":"","background-media":"","overlay-type":"","overlay-color":"","overlay-opacity":"","overlay-gradient":""}},"ast-content-background-meta":{"desktop":{"background-color":"var(--ast-global-color-5)","background-image":"","background-repeat":"repeat","background-position":"center center","background-size":"auto","background-attachment":"scroll","background-type":"","background-media":"","overlay-type":"","overlay-color":"","overlay-opacity":"","overlay-gradient":""},"tablet":{"background-color":"var(--ast-global-color-5)","background-image":"","background-repeat":"repeat","background-position":"center center","background-size":"auto","background-attachment":"scroll","background-type":"","background-media":"","overlay-type":"","overlay-color":"","overlay-opacity":"","overlay-gradient":""},"mobile":{"background-color":"var(--ast-global-color-5)","background-image":"","background-repeat":"repeat","background-position":"center center","background-size":"auto","background-attachment":"scroll","background-type":"","background-media":"","overlay-type":"","overlay-color":"","overlay-opacity":"","overlay-gradient":""}},"footnotes":""},"categories":[1,365,29],"tags":[294,291,293,378,380],"class_list":["post-9561","post","type-post","status-publish","format-standard","has-post-thumbnail","hentry","category-general","category-guerra-civil-i-exili","category-portada","tag-aprendreambelscampsientorns","tag-projectecda","tag-serveiseducatius","tag-sortidacda","tag-sortidaeda"],"post_mailing_queue_ids":[],"_links":{"self":[{"href":"https:\/\/projectes.xtec.cat\/camps\/wp-json\/wp\/v2\/posts\/9561","targetHints":{"allow":["GET"]}}],"collection":[{"href":"https:\/\/projectes.xtec.cat\/camps\/wp-json\/wp\/v2\/posts"}],"about":[{"href":"https:\/\/projectes.xtec.cat\/camps\/wp-json\/wp\/v2\/types\/post"}],"author":[{"embeddable":true,"href":"https:\/\/projectes.xtec.cat\/camps\/wp-json\/wp\/v2\/users\/10"}],"replies":[{"embeddable":true,"href":"https:\/\/projectes.xtec.cat\/camps\/wp-json\/wp\/v2\/comments?post=9561"}],"version-history":[{"count":3,"href":"https:\/\/projectes.xtec.cat\/camps\/wp-json\/wp\/v2\/posts\/9561\/revisions"}],"predecessor-version":[{"id":9580,"href":"https:\/\/projectes.xtec.cat\/camps\/wp-json\/wp\/v2\/posts\/9561\/revisions\/9580"}],"wp:featuredmedia":[{"embeddable":true,"href":"https:\/\/projectes.xtec.cat\/camps\/wp-json\/wp\/v2\/media\/9559"}],"wp:attachment":[{"href":"https:\/\/projectes.xtec.cat\/camps\/wp-json\/wp\/v2\/media?parent=9561"}],"wp:term":[{"taxonomy":"category","embeddable":true,"href":"https:\/\/projectes.xtec.cat\/camps\/wp-json\/wp\/v2\/categories?post=9561"},{"taxonomy":"post_tag","embeddable":true,"href":"https:\/\/projectes.xtec.cat\/camps\/wp-json\/wp\/v2\/tags?post=9561"}],"curies":[{"name":"wp","href":"https:\/\/api.w.org\/{rel}","templated":true}]}}