{"id":9669,"date":"2023-05-02T14:00:20","date_gmt":"2023-05-02T12:00:20","guid":{"rendered":"https:\/\/projectes.xtec.cat\/camps\/?p=9669"},"modified":"2023-05-30T13:51:39","modified_gmt":"2023-05-30T11:51:39","slug":"xx-trobada-de-corals-de-primaria-i-corarts-2023","status":"publish","type":"post","link":"https:\/\/projectes.xtec.cat\/camps\/portada\/xx-trobada-de-corals-de-primaria-i-corarts-2023\/","title":{"rendered":"XX Trobada de Corals de Prim\u00e0ria i CorArts 2023"},"content":{"rendered":"<div>\n<p>Un any m\u00e9s des del CdA Pau Casals hem organitzat les Trobades de Corals a Tarragona.<\/p>\n<\/div>\n<div>\n<p>La XX Trobada de Corals d\u2019educaci\u00f3 infantil i prim\u00e0ria la vam realitzar el dimecres 26 d&#8217;abril al Teatre Auditori de Salou. Els alumnes de les seg\u00fcents escoles van interpretar la cantata<span class=\"apple-converted-space\">\u00a0<\/span><strong>So de Lluna<\/strong><span class=\"apple-converted-space\">\u00a0<\/span>del<span class=\"apple-converted-space\">\u00a0<\/span><strong>Petit Taller de Can\u00e7ons<\/strong><span class=\"apple-converted-space\">\u00a0<\/span>amb una banda de m\u00fasics en directe. Escola La Merc\u00e8 de Martorell, Escola Guillem Fortuny de Cambrils, Escola Salou de Salou, Escola Pau Casals del Vendrell, Escola Castell de Calafell de Calafell, Escola Les Eres de Creixell, Escola Antoni Vilanova de Falset, Escola Santa Maria del Mar de Salou, Escola Montsant de Reus i Escola Antoni Roig de Torredembarra. Cadascuna de les escoles van interpretar una de les can\u00e7ons de la cantata i al final van cantar totes juntes<span class=\"apple-converted-space\">\u00a0<\/span><em>Feli\u00e7orionak,<\/em><span class=\"apple-converted-space\"><i>\u00a0<\/i><\/span>un cant de celebraci\u00f3 a la vida.<\/p>\n<p><a href=\"https:\/\/projectes.xtec.cat\/camps\/wp-content\/uploads\/usu2431\/2023\/05\/IMG_2222-scaled.jpg\"><img loading=\"lazy\" decoding=\"async\" class=\"alignnone size-large wp-image-9672\" src=\"https:\/\/projectes.xtec.cat\/camps\/wp-content\/uploads\/usu2431\/2023\/05\/IMG_2222-1024x576.jpg\" alt=\"\" width=\"1024\" height=\"576\" srcset=\"https:\/\/projectes.xtec.cat\/camps\/wp-content\/uploads\/usu2431\/2023\/05\/IMG_2222-1024x576.jpg 1024w, https:\/\/projectes.xtec.cat\/camps\/wp-content\/uploads\/usu2431\/2023\/05\/IMG_2222-300x169.jpg 300w, https:\/\/projectes.xtec.cat\/camps\/wp-content\/uploads\/usu2431\/2023\/05\/IMG_2222-768x432.jpg 768w, https:\/\/projectes.xtec.cat\/camps\/wp-content\/uploads\/usu2431\/2023\/05\/IMG_2222-1536x864.jpg 1536w, https:\/\/projectes.xtec.cat\/camps\/wp-content\/uploads\/usu2431\/2023\/05\/IMG_2222-2048x1152.jpg 2048w\" sizes=\"auto, (max-width: 1024px) 100vw, 1024px\" \/><\/a><\/p>\n<p><a href=\"https:\/\/projectes.xtec.cat\/camps\/wp-content\/uploads\/usu2431\/bp-attachments\/9665\/IMG_2222-scaled.jpg\"><img loading=\"lazy\" decoding=\"async\" class=\"alignnone size-large wp-image-9666\" src=\"https:\/\/projectes.xtec.cat\/camps\/wp-content\/uploads\/usu2431\/bp-attachments\/9665\/IMG_2222-1024x576.jpg\" alt=\"\" width=\"1024\" height=\"576\" \/><\/a><\/p>\n<\/div>\n<div>\n<p>El CorArts 2023, la Trobada de Corals d\u2019educaci\u00f3 secund\u00e0ria, la vam realitzar el dijous 27 d&#8217;abril a l\u2019Auditori Josep Carreras de Vila-seca.\u00a0<span style=\"font-family: inherit;font-size: 1em\">Els alumnes dels seg\u00fcents instituts van interpretar la cantata<\/span><span class=\"apple-converted-space\" style=\"font-family: inherit;font-size: 1em\">\u00a0<\/span><strong style=\"font-family: inherit;font-size: 1em\">La VEU de la TERRA<\/strong><span style=\"font-family: inherit;font-size: 1em\">\u00a0del<\/span><span class=\"apple-converted-space\" style=\"font-family: inherit;font-size: 1em\">\u00a0<\/span><strong style=\"font-family: inherit;font-size: 1em\">Petit Taller de Can\u00e7ons<\/strong><span class=\"apple-converted-space\" style=\"font-family: inherit;font-size: 1em\">\u00a0<\/span><span style=\"font-family: inherit;font-size: 1em\">amb una banda de m\u00fasics en directe. L&#8217;Institut Joan Amig\u00f3 i Callau de l&#8217;Espluga de Francol\u00ed, l&#8217;Institut Salvador Vilaseca de Reus, l&#8217;Institut Vila-seca de Vila-seca, l&#8217;Institut Els Pallaresos dels Pallaresos, L&#8217;institut Marta Mata de Salou i l&#8217;Institut Escola Pi del Burgar de Reus. Cadascun dels centres va interpretar una de les can\u00e7ons de la cantata i al final van cantar tots junts<\/span><span class=\"apple-converted-space\" style=\"font-family: inherit;font-size: 1em\">\u00a0<\/span><em style=\"font-family: inherit;font-size: 1em\">Vict\u00f2ria,<\/em><span class=\"apple-converted-space\" style=\"font-family: inherit;font-size: 1em\"><i>\u00a0<\/i><\/span><span style=\"font-family: inherit;font-size: 1em\">un cant d&#8217;esperan\u00e7a dedicat a la Terra.<\/span><\/p>\n<p><a href=\"https:\/\/projectes.xtec.cat\/camps\/wp-content\/uploads\/usu2431\/2023\/05\/IMG_2330-scaled.jpg\"><img loading=\"lazy\" decoding=\"async\" class=\"alignnone size-large wp-image-9670\" src=\"https:\/\/projectes.xtec.cat\/camps\/wp-content\/uploads\/usu2431\/2023\/05\/IMG_2330-1024x576.jpg\" alt=\"\" width=\"1024\" height=\"576\" srcset=\"https:\/\/projectes.xtec.cat\/camps\/wp-content\/uploads\/usu2431\/2023\/05\/IMG_2330-1024x576.jpg 1024w, https:\/\/projectes.xtec.cat\/camps\/wp-content\/uploads\/usu2431\/2023\/05\/IMG_2330-300x169.jpg 300w, https:\/\/projectes.xtec.cat\/camps\/wp-content\/uploads\/usu2431\/2023\/05\/IMG_2330-768x432.jpg 768w, https:\/\/projectes.xtec.cat\/camps\/wp-content\/uploads\/usu2431\/2023\/05\/IMG_2330-1536x864.jpg 1536w, https:\/\/projectes.xtec.cat\/camps\/wp-content\/uploads\/usu2431\/2023\/05\/IMG_2330-2048x1152.jpg 2048w\" sizes=\"auto, (max-width: 1024px) 100vw, 1024px\" \/><\/a><\/p>\n<\/div>\n","protected":false},"excerpt":{"rendered":"<p>Un any m\u00e9s des del CdA Pau Casals hem organitzat les Trobades de Corals a Tarragona. La XX Trobada de [&hellip;]<\/p>\n","protected":false},"author":43,"featured_media":9672,"comment_status":"open","ping_status":"closed","sticky":false,"template":"","format":"standard","meta":{"_bbp_topic_count":0,"_bbp_reply_count":0,"_bbp_total_topic_count":0,"_bbp_total_reply_count":0,"_bbp_voice_count":0,"_bbp_anonymous_reply_count":0,"_bbp_topic_count_hidden":0,"_bbp_reply_count_hidden":0,"_bbp_forum_subforum_count":0,"site-sidebar-layout":"default","site-content-layout":"","ast-site-content-layout":"","site-content-style":"default","site-sidebar-style":"default","ast-global-header-display":"","ast-banner-title-visibility":"","ast-main-header-display":"","ast-hfb-above-header-display":"","ast-hfb-below-header-display":"","ast-hfb-mobile-header-display":"","site-post-title":"","ast-breadcrumbs-content":"","ast-featured-img":"","footer-sml-layout":"","theme-transparent-header-meta":"","adv-header-id-meta":"","stick-header-meta":"","header-above-stick-meta":"","header-main-stick-meta":"","header-below-stick-meta":"","astra-migrate-meta-layouts":"default","ast-page-background-enabled":"default","ast-page-background-meta":{"desktop":{"background-color":"var(--ast-global-color-4)","background-image":"","background-repeat":"repeat","background-position":"center center","background-size":"auto","background-attachment":"scroll","background-type":"","background-media":"","overlay-type":"","overlay-color":"","overlay-opacity":"","overlay-gradient":""},"tablet":{"background-color":"","background-image":"","background-repeat":"repeat","background-position":"center center","background-size":"auto","background-attachment":"scroll","background-type":"","background-media":"","overlay-type":"","overlay-color":"","overlay-opacity":"","overlay-gradient":""},"mobile":{"background-color":"","background-image":"","background-repeat":"repeat","background-position":"center center","background-size":"auto","background-attachment":"scroll","background-type":"","background-media":"","overlay-type":"","overlay-color":"","overlay-opacity":"","overlay-gradient":""}},"ast-content-background-meta":{"desktop":{"background-color":"var(--ast-global-color-5)","background-image":"","background-repeat":"repeat","background-position":"center center","background-size":"auto","background-attachment":"scroll","background-type":"","background-media":"","overlay-type":"","overlay-color":"","overlay-opacity":"","overlay-gradient":""},"tablet":{"background-color":"var(--ast-global-color-5)","background-image":"","background-repeat":"repeat","background-position":"center center","background-size":"auto","background-attachment":"scroll","background-type":"","background-media":"","overlay-type":"","overlay-color":"","overlay-opacity":"","overlay-gradient":""},"mobile":{"background-color":"var(--ast-global-color-5)","background-image":"","background-repeat":"repeat","background-position":"center center","background-size":"auto","background-attachment":"scroll","background-type":"","background-media":"","overlay-type":"","overlay-color":"","overlay-opacity":"","overlay-gradient":""}},"footnotes":""},"categories":[29,287],"tags":[294,334,351,386,387,388,331],"class_list":["post-9669","post","type-post","status-publish","format-standard","has-post-thumbnail","hentry","category-portada","category-projectes-compartits","tag-aprendreambelscampsientorns","tag-campsientornsdaprenentatge","tag-cda-pau-casals","tag-concerts","tag-corals","tag-musica","tag-projectecda-aprendreambelscampsientorns"],"post_mailing_queue_ids":[],"_links":{"self":[{"href":"https:\/\/projectes.xtec.cat\/camps\/wp-json\/wp\/v2\/posts\/9669","targetHints":{"allow":["GET"]}}],"collection":[{"href":"https:\/\/projectes.xtec.cat\/camps\/wp-json\/wp\/v2\/posts"}],"about":[{"href":"https:\/\/projectes.xtec.cat\/camps\/wp-json\/wp\/v2\/types\/post"}],"author":[{"embeddable":true,"href":"https:\/\/projectes.xtec.cat\/camps\/wp-json\/wp\/v2\/users\/43"}],"replies":[{"embeddable":true,"href":"https:\/\/projectes.xtec.cat\/camps\/wp-json\/wp\/v2\/comments?post=9669"}],"version-history":[{"count":2,"href":"https:\/\/projectes.xtec.cat\/camps\/wp-json\/wp\/v2\/posts\/9669\/revisions"}],"predecessor-version":[{"id":9673,"href":"https:\/\/projectes.xtec.cat\/camps\/wp-json\/wp\/v2\/posts\/9669\/revisions\/9673"}],"wp:featuredmedia":[{"embeddable":true,"href":"https:\/\/projectes.xtec.cat\/camps\/wp-json\/wp\/v2\/media\/9672"}],"wp:attachment":[{"href":"https:\/\/projectes.xtec.cat\/camps\/wp-json\/wp\/v2\/media?parent=9669"}],"wp:term":[{"taxonomy":"category","embeddable":true,"href":"https:\/\/projectes.xtec.cat\/camps\/wp-json\/wp\/v2\/categories?post=9669"},{"taxonomy":"post_tag","embeddable":true,"href":"https:\/\/projectes.xtec.cat\/camps\/wp-json\/wp\/v2\/tags?post=9669"}],"curies":[{"name":"wp","href":"https:\/\/api.w.org\/{rel}","templated":true}]}}