{"id":9852,"date":"2023-11-13T13:12:44","date_gmt":"2023-11-13T12:12:44","guid":{"rendered":"https:\/\/projectes.xtec.cat\/camps\/?p=9852"},"modified":"2023-11-13T13:16:26","modified_gmt":"2023-11-13T12:16:26","slug":"i-jornades-internacionals-sobre-patrimoni-del-conflicte-grup-de-treball-guerra-civil-i-exili","status":"publish","type":"post","link":"https:\/\/projectes.xtec.cat\/camps\/portada\/i-jornades-internacionals-sobre-patrimoni-del-conflicte-grup-de-treball-guerra-civil-i-exili\/","title":{"rendered":"I Jornades Internacionals sobre Patrimoni del Conflicte &#8211; Grup de Treball Guerra Civil i Exili"},"content":{"rendered":"<p>Els dies 10, 11 i 12 de novembre, diferents representants del Grup de Treball <em>Guerra Civil i Exili. Mem\u00f2ria democr\u00e0tica<\/em> dels Camps i Entorns d\u2019Aprenentatge van presentar una comunicaci\u00f3 a les I Jornades Internacionals sobre Patrimoni del Conflicte, celebrades a Figueres.<\/p>\n<p><a href=\"https:\/\/projectes.xtec.cat\/camps\/general\/i-jornades-internacionals-sobre-patrimoni-del-conflicte-grup-de-treball-guerra-civil-i-exili\/attachment\/jornades-patrimoni-gc-2\/\" rel=\"attachment wp-att-9854\"><img loading=\"lazy\" decoding=\"async\" class=\"wp-image-9854 aligncenter\" src=\"https:\/\/projectes.xtec.cat\/camps\/wp-content\/uploads\/usu2431\/2023\/11\/Jornades-patrimoni-GC-2..jpg\" alt=\"\" width=\"280\" height=\"420\" srcset=\"https:\/\/projectes.xtec.cat\/camps\/wp-content\/uploads\/usu2431\/2023\/11\/Jornades-patrimoni-GC-2..jpg 426w, https:\/\/projectes.xtec.cat\/camps\/wp-content\/uploads\/usu2431\/2023\/11\/Jornades-patrimoni-GC-2.-200x300.jpg 200w\" sizes=\"auto, (max-width: 280px) 100vw, 280px\" \/><\/a><\/p>\n<p>En les jornades, es van explicar els objectius i activitats en l\u2019\u00e0mbit dedicat a patrimoni de la Guerra Civil i Educaci\u00f3.<\/p>\n<p>Des dels set Camps i Entorns d\u2019Aprenentatge que formen part d\u2019aquest Grup de Treball es pret\u00e9n donar a con\u00e8ixer, fer mem\u00f2ria i transmetre a l\u2019alumnat les lluites que han existit al nostre pa\u00eds, a trav\u00e9s de diferents activitats en espais reals, per aconseguir una societat m\u00e9s justa i posar en valor les persones que van patir aquests conflictes. Tamb\u00e9 es t\u00e9 la intenci\u00f3 de fer reflexionar sobre la sense ra\u00f3 de la guerra com a m\u00e8tode per resoldre conflictes i sobre les actituds intolerants i totalit\u00e0ries.<\/p>\n<p><a href=\"https:\/\/projectes.xtec.cat\/camps\/general\/i-jornades-internacionals-sobre-patrimoni-del-conflicte-grup-de-treball-guerra-civil-i-exili\/attachment\/jornades-patrimoni-gc-1\/\" rel=\"attachment wp-att-9853\"><img loading=\"lazy\" decoding=\"async\" class=\"wp-image-9853 aligncenter\" src=\"https:\/\/projectes.xtec.cat\/camps\/wp-content\/uploads\/usu2431\/2023\/11\/Jornades-patrimoni-GC-1.-1024x921.jpg\" alt=\"\" width=\"358\" height=\"322\" srcset=\"https:\/\/projectes.xtec.cat\/camps\/wp-content\/uploads\/usu2431\/2023\/11\/Jornades-patrimoni-GC-1.-1024x921.jpg 1024w, https:\/\/projectes.xtec.cat\/camps\/wp-content\/uploads\/usu2431\/2023\/11\/Jornades-patrimoni-GC-1.-300x270.jpg 300w, https:\/\/projectes.xtec.cat\/camps\/wp-content\/uploads\/usu2431\/2023\/11\/Jornades-patrimoni-GC-1.-768x690.jpg 768w, https:\/\/projectes.xtec.cat\/camps\/wp-content\/uploads\/usu2431\/2023\/11\/Jornades-patrimoni-GC-1.-1536x1381.jpg 1536w, https:\/\/projectes.xtec.cat\/camps\/wp-content\/uploads\/usu2431\/2023\/11\/Jornades-patrimoni-GC-1..jpg 2048w\" sizes=\"auto, (max-width: 358px) 100vw, 358px\" \/><\/a><\/p>\n","protected":false},"excerpt":{"rendered":"<p>Els dies 10, 11 i 12 de novembre, diferents representants del Grup de Treball Guerra Civil i Exili. Mem\u00f2ria democr\u00e0tica [&hellip;]<\/p>\n","protected":false},"author":1,"featured_media":9853,"comment_status":"open","ping_status":"closed","sticky":false,"template":"","format":"standard","meta":{"_bbp_topic_count":0,"_bbp_reply_count":0,"_bbp_total_topic_count":0,"_bbp_total_reply_count":0,"_bbp_voice_count":0,"_bbp_anonymous_reply_count":0,"_bbp_topic_count_hidden":0,"_bbp_reply_count_hidden":0,"_bbp_forum_subforum_count":0,"site-sidebar-layout":"default","site-content-layout":"","ast-site-content-layout":"","site-content-style":"default","site-sidebar-style":"default","ast-global-header-display":"","ast-banner-title-visibility":"","ast-main-header-display":"","ast-hfb-above-header-display":"","ast-hfb-below-header-display":"","ast-hfb-mobile-header-display":"","site-post-title":"","ast-breadcrumbs-content":"","ast-featured-img":"","footer-sml-layout":"","theme-transparent-header-meta":"","adv-header-id-meta":"","stick-header-meta":"","header-above-stick-meta":"","header-main-stick-meta":"","header-below-stick-meta":"","astra-migrate-meta-layouts":"default","ast-page-background-enabled":"default","ast-page-background-meta":{"desktop":{"background-color":"var(--ast-global-color-4)","background-image":"","background-repeat":"repeat","background-position":"center center","background-size":"auto","background-attachment":"scroll","background-type":"","background-media":"","overlay-type":"","overlay-color":"","overlay-opacity":"","overlay-gradient":""},"tablet":{"background-color":"","background-image":"","background-repeat":"repeat","background-position":"center center","background-size":"auto","background-attachment":"scroll","background-type":"","background-media":"","overlay-type":"","overlay-color":"","overlay-opacity":"","overlay-gradient":""},"mobile":{"background-color":"","background-image":"","background-repeat":"repeat","background-position":"center center","background-size":"auto","background-attachment":"scroll","background-type":"","background-media":"","overlay-type":"","overlay-color":"","overlay-opacity":"","overlay-gradient":""}},"ast-content-background-meta":{"desktop":{"background-color":"var(--ast-global-color-5)","background-image":"","background-repeat":"repeat","background-position":"center center","background-size":"auto","background-attachment":"scroll","background-type":"","background-media":"","overlay-type":"","overlay-color":"","overlay-opacity":"","overlay-gradient":""},"tablet":{"background-color":"var(--ast-global-color-5)","background-image":"","background-repeat":"repeat","background-position":"center center","background-size":"auto","background-attachment":"scroll","background-type":"","background-media":"","overlay-type":"","overlay-color":"","overlay-opacity":"","overlay-gradient":""},"mobile":{"background-color":"var(--ast-global-color-5)","background-image":"","background-repeat":"repeat","background-position":"center center","background-size":"auto","background-attachment":"scroll","background-type":"","background-media":"","overlay-type":"","overlay-color":"","overlay-opacity":"","overlay-gradient":""}},"footnotes":""},"categories":[365,29],"tags":[],"class_list":["post-9852","post","type-post","status-publish","format-standard","has-post-thumbnail","hentry","category-guerra-civil-i-exili","category-portada"],"post_mailing_queue_ids":[],"_links":{"self":[{"href":"https:\/\/projectes.xtec.cat\/camps\/wp-json\/wp\/v2\/posts\/9852","targetHints":{"allow":["GET"]}}],"collection":[{"href":"https:\/\/projectes.xtec.cat\/camps\/wp-json\/wp\/v2\/posts"}],"about":[{"href":"https:\/\/projectes.xtec.cat\/camps\/wp-json\/wp\/v2\/types\/post"}],"author":[{"embeddable":true,"href":"https:\/\/projectes.xtec.cat\/camps\/wp-json\/wp\/v2\/users\/1"}],"replies":[{"embeddable":true,"href":"https:\/\/projectes.xtec.cat\/camps\/wp-json\/wp\/v2\/comments?post=9852"}],"version-history":[{"count":2,"href":"https:\/\/projectes.xtec.cat\/camps\/wp-json\/wp\/v2\/posts\/9852\/revisions"}],"predecessor-version":[{"id":9856,"href":"https:\/\/projectes.xtec.cat\/camps\/wp-json\/wp\/v2\/posts\/9852\/revisions\/9856"}],"wp:featuredmedia":[{"embeddable":true,"href":"https:\/\/projectes.xtec.cat\/camps\/wp-json\/wp\/v2\/media\/9853"}],"wp:attachment":[{"href":"https:\/\/projectes.xtec.cat\/camps\/wp-json\/wp\/v2\/media?parent=9852"}],"wp:term":[{"taxonomy":"category","embeddable":true,"href":"https:\/\/projectes.xtec.cat\/camps\/wp-json\/wp\/v2\/categories?post=9852"},{"taxonomy":"post_tag","embeddable":true,"href":"https:\/\/projectes.xtec.cat\/camps\/wp-json\/wp\/v2\/tags?post=9852"}],"curies":[{"name":"wp","href":"https:\/\/api.w.org\/{rel}","templated":true}]}}