{"id":9893,"date":"2024-01-15T12:50:50","date_gmt":"2024-01-15T11:50:50","guid":{"rendered":"https:\/\/projectes.xtec.cat\/camps\/?p=9893"},"modified":"2024-01-15T14:01:43","modified_gmt":"2024-01-15T13:01:43","slug":"trobades-internacionals-xarxa-educacio-pirineus-vius-a-llanca","status":"publish","type":"post","link":"https:\/\/projectes.xtec.cat\/camps\/general\/trobades-internacionals-xarxa-educacio-pirineus-vius-a-llanca\/","title":{"rendered":"Trobades internacionals Xarxa Educaci\u00f3 Pirineus Vius a Llan\u00e7\u00e0"},"content":{"rendered":"<p style=\"text-align: justify\"><a href=\"https:\/\/projectes.xtec.cat\/camps\/wp-content\/uploads\/usu2431\/2024\/01\/1_IMG_20231107_201922-scaled.jpg\"><img loading=\"lazy\" decoding=\"async\" class=\"wp-image-9895 alignright\" src=\"https:\/\/projectes.xtec.cat\/camps\/wp-content\/uploads\/usu2431\/2024\/01\/1_IMG_20231107_201922-1024x575.jpg\" alt=\"\" width=\"357\" height=\"200\" srcset=\"https:\/\/projectes.xtec.cat\/camps\/wp-content\/uploads\/usu2431\/2024\/01\/1_IMG_20231107_201922-1024x575.jpg 1024w, https:\/\/projectes.xtec.cat\/camps\/wp-content\/uploads\/usu2431\/2024\/01\/1_IMG_20231107_201922-300x169.jpg 300w, https:\/\/projectes.xtec.cat\/camps\/wp-content\/uploads\/usu2431\/2024\/01\/1_IMG_20231107_201922-768x432.jpg 768w, https:\/\/projectes.xtec.cat\/camps\/wp-content\/uploads\/usu2431\/2024\/01\/1_IMG_20231107_201922-1536x863.jpg 1536w, https:\/\/projectes.xtec.cat\/camps\/wp-content\/uploads\/usu2431\/2024\/01\/1_IMG_20231107_201922-2048x1151.jpg 2048w\" sizes=\"auto, (max-width: 357px) 100vw, 357px\" \/><\/a>Els passats 7, 8 i 9 de novembre del 2023 es van celebrar les trobades internacionals de la Xarxa Educaci\u00f3 Pirineus Vius a Llan\u00e7\u00e0.\u00a0Aquestes jornades es celebren un cop a l\u2019any i l\u2019empla\u00e7ament de les mateixes es va canviant de lloc, en algun punt de la serralada dels Pirineus. Enguany s\u2019han celebrat a Catalunya, on els Pirineus toquen al mar Mediterrani. Hi van assistir 109 persones, representants de les diferents entitats franceses, navarreses, andorranes, aragoneses i catalanes que formen la xarxa.<\/p>\n<p><a href=\"https:\/\/projectes.xtec.cat\/camps\/wp-content\/uploads\/usu2431\/2024\/01\/2_WhatsApp-Image-2023-12-04-at-10.27.28.jpeg\"><img loading=\"lazy\" decoding=\"async\" class=\"wp-image-9896 alignleft\" src=\"https:\/\/projectes.xtec.cat\/camps\/wp-content\/uploads\/usu2431\/2024\/01\/2_WhatsApp-Image-2023-12-04-at-10.27.28-768x1024.jpeg\" alt=\"\" width=\"203\" height=\"270\" srcset=\"https:\/\/projectes.xtec.cat\/camps\/wp-content\/uploads\/usu2431\/2024\/01\/2_WhatsApp-Image-2023-12-04-at-10.27.28-768x1024.jpeg 768w, https:\/\/projectes.xtec.cat\/camps\/wp-content\/uploads\/usu2431\/2024\/01\/2_WhatsApp-Image-2023-12-04-at-10.27.28-225x300.jpeg 225w, https:\/\/projectes.xtec.cat\/camps\/wp-content\/uploads\/usu2431\/2024\/01\/2_WhatsApp-Image-2023-12-04-at-10.27.28-1152x1536.jpeg 1152w, https:\/\/projectes.xtec.cat\/camps\/wp-content\/uploads\/usu2431\/2024\/01\/2_WhatsApp-Image-2023-12-04-at-10.27.28.jpeg 1200w\" sizes=\"auto, (max-width: 203px) 100vw, 203px\" \/><\/a><\/p>\n<p>&nbsp;<\/p>\n<p style=\"text-align: justify\"><a href=\"https:\/\/projectes.xtec.cat\/camps\/wp-content\/uploads\/usu2431\/2024\/01\/3_Quadre-de-text-resum-CdA-i-EdA-membres-XEPV.jpg\"><img loading=\"lazy\" decoding=\"async\" class=\"size-full wp-image-9897 alignright\" src=\"https:\/\/projectes.xtec.cat\/camps\/wp-content\/uploads\/usu2431\/2024\/01\/3_Quadre-de-text-resum-CdA-i-EdA-membres-XEPV.jpg\" alt=\"\" width=\"212\" height=\"280\" \/><\/a>La Rita Navarro Sagrist\u00e0 (CdA Ripoll\u00e8s), la Xon Vilahur Godoy \u00a0(CdA Emp\u00faries) i la Marta Naharro i Via (CdA Valls\u00a0d\u2019\u00c0neu) hi van assistir en representaci\u00f3 de tots els Camps i Entorns Pirinencs que formen\u00a0part de la XEPV. El tema central d\u2019enguany era la <em>transici\u00f3<\/em>. Per una\u00a0banda, molts dels actes i activitats del programa han girat entorn la <em>transici\u00f3 de forma administrativa<\/em> de la XEPV. Des del seu inici al 1997 fins l\u2019any passat estava sota l\u2019empara administrativa de la <strong><a href=\"https:\/\/www.lpo.fr\/\">Ligue pour la Protection des Oiseaux<\/a><\/strong> de Fran\u00e7a, per\u00f2 ha passat a tenir uns estatuts propis, els quals es van aprovar el novembre del 2022.<\/p>\n<p>&nbsp;<\/p>\n<p style=\"text-align: justify\"><a href=\"https:\/\/projectes.xtec.cat\/camps\/wp-content\/uploads\/usu2431\/2024\/01\/4_WhatsApp-Image-2023-12-04-at-10.37.19.jpeg\"><img loading=\"lazy\" decoding=\"async\" class=\"wp-image-9898 alignleft\" src=\"https:\/\/projectes.xtec.cat\/camps\/wp-content\/uploads\/usu2431\/2024\/01\/4_WhatsApp-Image-2023-12-04-at-10.37.19-1024x768.jpeg\" alt=\"\" width=\"202\" height=\"152\" srcset=\"https:\/\/projectes.xtec.cat\/camps\/wp-content\/uploads\/usu2431\/2024\/01\/4_WhatsApp-Image-2023-12-04-at-10.37.19-1024x768.jpeg 1024w, https:\/\/projectes.xtec.cat\/camps\/wp-content\/uploads\/usu2431\/2024\/01\/4_WhatsApp-Image-2023-12-04-at-10.37.19-300x225.jpeg 300w, https:\/\/projectes.xtec.cat\/camps\/wp-content\/uploads\/usu2431\/2024\/01\/4_WhatsApp-Image-2023-12-04-at-10.37.19-768x576.jpeg 768w, https:\/\/projectes.xtec.cat\/camps\/wp-content\/uploads\/usu2431\/2024\/01\/4_WhatsApp-Image-2023-12-04-at-10.37.19-1536x1152.jpeg 1536w, https:\/\/projectes.xtec.cat\/camps\/wp-content\/uploads\/usu2431\/2024\/01\/4_WhatsApp-Image-2023-12-04-at-10.37.19-200x150.jpeg 200w, https:\/\/projectes.xtec.cat\/camps\/wp-content\/uploads\/usu2431\/2024\/01\/4_WhatsApp-Image-2023-12-04-at-10.37.19.jpeg 1600w\" sizes=\"auto, (max-width: 202px) 100vw, 202px\" \/><\/a>D\u2019altra banda, bona part del programa va estar enfocat a reflexionar i dialogar sobre la transici\u00f3 ecol\u00f2gica. En aquest sentit, Ariane Cronel, consultora independent i autora del podcast sobre Transici\u00f3 Ecol\u00f2gica <strong><a href=\"https:\/\/enquetedavenir.com\/\">\u201cEnqu\u00eate d\u2019Avenir\u201d<\/a><\/strong>, dedicada a explorar els motius de la inacci\u00f3 davant el canvi clim\u00e0tic i a proposar perspectives de futur per guiar la transici\u00f3 ecol\u00f2gica, va dur a terme una pon\u00e8ncia.<\/p>\n<p>&nbsp;<\/p>\n<p style=\"text-align: justify\"><strong>Els principals projectes de la XEPV per al 2024<\/strong><\/p>\n<p style=\"text-align: justify\">Durant les jornades es van presentar els principals projectes amb que est\u00e0 treballant la XEPV en aquests moments, i es van dinamitzar tallers participatius per a desenvolupar-ne les idees i les accions.<\/p>\n<p><img loading=\"lazy\" decoding=\"async\" class=\"wp-image-9900 alignleft\" src=\"https:\/\/projectes.xtec.cat\/camps\/wp-content\/uploads\/usu2431\/2024\/01\/6_WhatsApp-Image-2023-12-04-at-10.27.27-1024x768.jpeg\" alt=\"\" width=\"386\" height=\"290\" srcset=\"https:\/\/projectes.xtec.cat\/camps\/wp-content\/uploads\/usu2431\/2024\/01\/6_WhatsApp-Image-2023-12-04-at-10.27.27-1024x768.jpeg 1024w, https:\/\/projectes.xtec.cat\/camps\/wp-content\/uploads\/usu2431\/2024\/01\/6_WhatsApp-Image-2023-12-04-at-10.27.27-300x225.jpeg 300w, https:\/\/projectes.xtec.cat\/camps\/wp-content\/uploads\/usu2431\/2024\/01\/6_WhatsApp-Image-2023-12-04-at-10.27.27-768x576.jpeg 768w, https:\/\/projectes.xtec.cat\/camps\/wp-content\/uploads\/usu2431\/2024\/01\/6_WhatsApp-Image-2023-12-04-at-10.27.27-1536x1152.jpeg 1536w, https:\/\/projectes.xtec.cat\/camps\/wp-content\/uploads\/usu2431\/2024\/01\/6_WhatsApp-Image-2023-12-04-at-10.27.27-200x150.jpeg 200w, https:\/\/projectes.xtec.cat\/camps\/wp-content\/uploads\/usu2431\/2024\/01\/6_WhatsApp-Image-2023-12-04-at-10.27.27.jpeg 1600w\" sizes=\"auto, (max-width: 386px) 100vw, 386px\" \/><\/p>\n<p><a href=\"https:\/\/projectes.xtec.cat\/camps\/wp-content\/uploads\/usu2431\/2024\/01\/5_IMG_20231107_184842-scaled.jpg\"><img loading=\"lazy\" decoding=\"async\" class=\"wp-image-9899 alignleft\" src=\"https:\/\/projectes.xtec.cat\/camps\/wp-content\/uploads\/usu2431\/2024\/01\/5_IMG_20231107_184842-1024x575.jpg\" alt=\"\" width=\"476\" height=\"267\" srcset=\"https:\/\/projectes.xtec.cat\/camps\/wp-content\/uploads\/usu2431\/2024\/01\/5_IMG_20231107_184842-1024x575.jpg 1024w, https:\/\/projectes.xtec.cat\/camps\/wp-content\/uploads\/usu2431\/2024\/01\/5_IMG_20231107_184842-300x169.jpg 300w, https:\/\/projectes.xtec.cat\/camps\/wp-content\/uploads\/usu2431\/2024\/01\/5_IMG_20231107_184842-768x432.jpg 768w, https:\/\/projectes.xtec.cat\/camps\/wp-content\/uploads\/usu2431\/2024\/01\/5_IMG_20231107_184842-1536x863.jpg 1536w, https:\/\/projectes.xtec.cat\/camps\/wp-content\/uploads\/usu2431\/2024\/01\/5_IMG_20231107_184842-2048x1151.jpg 2048w\" sizes=\"auto, (max-width: 476px) 100vw, 476px\" \/><\/a><\/p>\n<p>&nbsp;<\/p>\n<p>&nbsp;<\/p>\n<p>&nbsp;<\/p>\n<p>&nbsp;<\/p>\n<p>&nbsp;<\/p>\n<p>&nbsp;<\/p>\n<p>&nbsp;<\/p>\n<p style=\"text-align: justify\">Els principals projectes amb que s\u2019est\u00e0 treballant actualment s\u00f3n quatre:<\/p>\n<ul>\n<li style=\"text-align: justify\"><strong>LIFE4CLIMATE:<\/strong> Es tracta d\u2019un Projecte Life, que ja ha estat presentat I disposa de financiaci\u00f3 aprovada. Est\u00e0 encarat a treballar com el canvi clim\u00e0tic afecta i afectar\u00e0 als Pirineus.<\/li>\n<li style=\"text-align: justify\"><strong>ERASMUS+ INCLUPIR:<\/strong> Projecte aprovat i amb financiaci\u00f3 que ser\u00e0 una col.laboraci\u00f3 entre la <strong><a href=\"https:\/\/fedcatalanautisme.org\/qui_som\/\">Federaci\u00f3 Catalana d\u2019Autisme<\/a> <\/strong>i la XEPV. Consistir\u00e0 en un programa de formaci\u00f3 per educadors ambientals per generar activitats adaptades a persones amb Transtorn de l\u2019Espectre Autista.<\/li>\n<li style=\"text-align: justify\"><strong>POCTEFA PITON:<\/strong> Projecte presentat pendent d\u2019aprovaci\u00f3 encarat a pensar i disenyar estrat\u00e8gies per les estacions d\u2019esqu\u00ed per adaptar-se al context del canvi clim\u00e0tic, per orientar un canvi d\u2019usos i activitats.<\/li>\n<li style=\"text-align: justify\"><strong>POCTEFA DESIR:<\/strong> Projecte presentat pendent d\u2019aprovaci\u00f3 encarat a generar un paquet d\u2019activitats d\u2019Educaci\u00f3 Ambiental a dur a terme des dels refugis d\u2019alta muntanya de tots els pirineus (vessant sud i nord).<\/li>\n<\/ul>\n<p style=\"text-align: center\">_____________________________<\/p>\n<p style=\"text-align: justify\"><a href=\"https:\/\/projectes.xtec.cat\/camps\/wp-content\/uploads\/usu2431\/2024\/01\/7_WhatsApp-Image-2023-12-04-at-10.27.22-3.jpeg\"><img loading=\"lazy\" decoding=\"async\" class=\"wp-image-9901 alignright\" src=\"https:\/\/projectes.xtec.cat\/camps\/wp-content\/uploads\/usu2431\/2024\/01\/7_WhatsApp-Image-2023-12-04-at-10.27.22-3-1024x768.jpeg\" alt=\"\" width=\"286\" height=\"215\" srcset=\"https:\/\/projectes.xtec.cat\/camps\/wp-content\/uploads\/usu2431\/2024\/01\/7_WhatsApp-Image-2023-12-04-at-10.27.22-3-1024x768.jpeg 1024w, https:\/\/projectes.xtec.cat\/camps\/wp-content\/uploads\/usu2431\/2024\/01\/7_WhatsApp-Image-2023-12-04-at-10.27.22-3-300x225.jpeg 300w, https:\/\/projectes.xtec.cat\/camps\/wp-content\/uploads\/usu2431\/2024\/01\/7_WhatsApp-Image-2023-12-04-at-10.27.22-3-768x576.jpeg 768w, https:\/\/projectes.xtec.cat\/camps\/wp-content\/uploads\/usu2431\/2024\/01\/7_WhatsApp-Image-2023-12-04-at-10.27.22-3-1536x1152.jpeg 1536w, https:\/\/projectes.xtec.cat\/camps\/wp-content\/uploads\/usu2431\/2024\/01\/7_WhatsApp-Image-2023-12-04-at-10.27.22-3-200x150.jpeg 200w, https:\/\/projectes.xtec.cat\/camps\/wp-content\/uploads\/usu2431\/2024\/01\/7_WhatsApp-Image-2023-12-04-at-10.27.22-3.jpeg 1600w\" sizes=\"auto, (max-width: 286px) 100vw, 286px\" \/><\/a>Durant les jornades es va celebrar assemblea general de la xarxa i es van ratificar els membres del Comit\u00e8 de Decisi\u00f3. A banda de\u00a0molts moments de treball intens, tant en sessi\u00f3 de plenari com en tallers participatius en petit grup, tamb\u00e9 hi va haver moments m\u00e9s distesos per a fer networking, compartir experi\u00e8ncies amb altres entitats, estretir lla\u00e7os i visualitzar \u00a0materials <a href=\"https:\/\/projectes.xtec.cat\/camps\/wp-content\/uploads\/usu2431\/2024\/01\/8_IMG_20231107_142228-scaled.jpg\"><img loading=\"lazy\" decoding=\"async\" class=\"wp-image-9902 alignleft\" src=\"https:\/\/projectes.xtec.cat\/camps\/wp-content\/uploads\/usu2431\/2024\/01\/8_IMG_20231107_142228-1024x575.jpg\" alt=\"\" width=\"285\" height=\"160\" srcset=\"https:\/\/projectes.xtec.cat\/camps\/wp-content\/uploads\/usu2431\/2024\/01\/8_IMG_20231107_142228-1024x575.jpg 1024w, https:\/\/projectes.xtec.cat\/camps\/wp-content\/uploads\/usu2431\/2024\/01\/8_IMG_20231107_142228-300x169.jpg 300w, https:\/\/projectes.xtec.cat\/camps\/wp-content\/uploads\/usu2431\/2024\/01\/8_IMG_20231107_142228-768x432.jpg 768w, https:\/\/projectes.xtec.cat\/camps\/wp-content\/uploads\/usu2431\/2024\/01\/8_IMG_20231107_142228-1536x863.jpg 1536w, https:\/\/projectes.xtec.cat\/camps\/wp-content\/uploads\/usu2431\/2024\/01\/8_IMG_20231107_142228-2048x1151.jpg 2048w\" sizes=\"auto, (max-width: 285px) 100vw, 285px\" \/><\/a>d\u2019Educaci\u00f3 Ambientals d\u2019altres organitzacions. Un bon espai per a fer aquest tipus d\u2019intercanvis va ser el ja nostrat sopar amb productes regionals, aportats per cadascun dels assistents. Tamb\u00e9 es va dedicar un espai del \u00a0programa a con\u00e8ixer els entorns de Llan\u00e7\u00e0, durant el qual es va visitar la llotja del peix de la poblaci\u00f3 i es feu una activitat de descoberta de l\u2019ecosistema platja.<\/p>\n<p><a href=\"https:\/\/projectes.xtec.cat\/camps\/wp-content\/uploads\/usu2431\/2024\/01\/9_WhatsApp-Image-2023-12-04-at-10.34.40-1.jpeg\"><img loading=\"lazy\" decoding=\"async\" class=\" wp-image-9903 alignleft\" src=\"https:\/\/projectes.xtec.cat\/camps\/wp-content\/uploads\/usu2431\/2024\/01\/9_WhatsApp-Image-2023-12-04-at-10.34.40-1-1024x768.jpeg\" alt=\"\" width=\"360\" height=\"270\" srcset=\"https:\/\/projectes.xtec.cat\/camps\/wp-content\/uploads\/usu2431\/2024\/01\/9_WhatsApp-Image-2023-12-04-at-10.34.40-1-1024x768.jpeg 1024w, https:\/\/projectes.xtec.cat\/camps\/wp-content\/uploads\/usu2431\/2024\/01\/9_WhatsApp-Image-2023-12-04-at-10.34.40-1-300x225.jpeg 300w, https:\/\/projectes.xtec.cat\/camps\/wp-content\/uploads\/usu2431\/2024\/01\/9_WhatsApp-Image-2023-12-04-at-10.34.40-1-768x576.jpeg 768w, https:\/\/projectes.xtec.cat\/camps\/wp-content\/uploads\/usu2431\/2024\/01\/9_WhatsApp-Image-2023-12-04-at-10.34.40-1-1536x1152.jpeg 1536w, https:\/\/projectes.xtec.cat\/camps\/wp-content\/uploads\/usu2431\/2024\/01\/9_WhatsApp-Image-2023-12-04-at-10.34.40-1-200x150.jpeg 200w, https:\/\/projectes.xtec.cat\/camps\/wp-content\/uploads\/usu2431\/2024\/01\/9_WhatsApp-Image-2023-12-04-at-10.34.40-1.jpeg 1600w\" sizes=\"auto, (max-width: 360px) 100vw, 360px\" \/><\/a> <a href=\"https:\/\/projectes.xtec.cat\/camps\/wp-content\/uploads\/usu2431\/2024\/01\/10_Imagen2.jpg\"><img loading=\"lazy\" decoding=\"async\" class=\" wp-image-9904 alignleft\" src=\"https:\/\/projectes.xtec.cat\/camps\/wp-content\/uploads\/usu2431\/2024\/01\/10_Imagen2.jpg\" alt=\"\" width=\"439\" height=\"269\" srcset=\"https:\/\/projectes.xtec.cat\/camps\/wp-content\/uploads\/usu2431\/2024\/01\/10_Imagen2.jpg 827w, https:\/\/projectes.xtec.cat\/camps\/wp-content\/uploads\/usu2431\/2024\/01\/10_Imagen2-300x184.jpg 300w, https:\/\/projectes.xtec.cat\/camps\/wp-content\/uploads\/usu2431\/2024\/01\/10_Imagen2-768x471.jpg 768w\" sizes=\"auto, (max-width: 439px) 100vw, 439px\" \/><\/a><\/p>\n<p>&nbsp;<\/p>\n<p>&nbsp;<\/p>\n<p>&nbsp;<\/p>\n<p>&nbsp;<\/p>\n<p>&nbsp;<\/p>\n<p>&nbsp;<\/p>\n<p>&nbsp;<\/p>\n<p style=\"text-align: justify\">Per un <strong>resum m\u00e9s detallat<\/strong> de tots els temes tractats durant els tres dies de jornades podeu accedir a <a href=\"https:\/\/docs.google.com\/presentation\/d\/1VKl_vjU7QZkpVXVGX4grvTkjdDfeevKCnYlNW7coVaI\/edit?usp=sharing\"><strong>aquesta presentaci\u00f3<\/strong><\/a>, on se sintetitza amb imatges el treball efectuat:<\/p>\n<p><a href=\"https:\/\/docs.google.com\/presentation\/d\/1VKl_vjU7QZkpVXVGX4grvTkjdDfeevKCnYlNW7coVaI\/edit?usp=sharing\"><img loading=\"lazy\" decoding=\"async\" class=\"size-full wp-image-9905 aligncenter\" src=\"https:\/\/projectes.xtec.cat\/camps\/wp-content\/uploads\/usu2431\/2024\/01\/11_Diapo-portada-PPT-jornades.jpg\" alt=\"\" width=\"730\" height=\"539\" srcset=\"https:\/\/projectes.xtec.cat\/camps\/wp-content\/uploads\/usu2431\/2024\/01\/11_Diapo-portada-PPT-jornades.jpg 730w, https:\/\/projectes.xtec.cat\/camps\/wp-content\/uploads\/usu2431\/2024\/01\/11_Diapo-portada-PPT-jornades-300x222.jpg 300w\" sizes=\"auto, (max-width: 730px) 100vw, 730px\" \/><\/a><\/p>\n","protected":false},"excerpt":{"rendered":"<p>Els passats 7, 8 i 9 de novembre del 2023 es van celebrar les trobades internacionals de la Xarxa Educaci\u00f3 Pirineus Vius a Llan\u00e7\u00e0.\u00a0Aquestes jornades es celebren un cop a l\u2019any i l\u2019empla\u00e7ament de les mateixes es va canviant de lloc, en algun punt de la serralada dels Pirineus. Enguany s\u2019han celebrat a Catalunya, on els Pirineus toquen al mar Mediterrani. Hi van assistir 109 persones, representants de les diferents entitats franceses, navarreses, andorranes, aragoneses i catalanes que formen la xarxa.<\/p>\n","protected":false},"author":44,"featured_media":9901,"comment_status":"open","ping_status":"closed","sticky":false,"template":"","format":"standard","meta":{"_bbp_topic_count":0,"_bbp_reply_count":0,"_bbp_total_topic_count":0,"_bbp_total_reply_count":0,"_bbp_voice_count":0,"_bbp_anonymous_reply_count":0,"_bbp_topic_count_hidden":0,"_bbp_reply_count_hidden":0,"_bbp_forum_subforum_count":0,"site-sidebar-layout":"default","site-content-layout":"","ast-site-content-layout":"","site-content-style":"default","site-sidebar-style":"default","ast-global-header-display":"","ast-banner-title-visibility":"","ast-main-header-display":"","ast-hfb-above-header-display":"","ast-hfb-below-header-display":"","ast-hfb-mobile-header-display":"","site-post-title":"","ast-breadcrumbs-content":"","ast-featured-img":"","footer-sml-layout":"","theme-transparent-header-meta":"","adv-header-id-meta":"","stick-header-meta":"","header-above-stick-meta":"","header-main-stick-meta":"","header-below-stick-meta":"","astra-migrate-meta-layouts":"default","ast-page-background-enabled":"default","ast-page-background-meta":{"desktop":{"background-color":"var(--ast-global-color-4)","background-image":"","background-repeat":"repeat","background-position":"center center","background-size":"auto","background-attachment":"scroll","background-type":"","background-media":"","overlay-type":"","overlay-color":"","overlay-opacity":"","overlay-gradient":""},"tablet":{"background-color":"","background-image":"","background-repeat":"repeat","background-position":"center center","background-size":"auto","background-attachment":"scroll","background-type":"","background-media":"","overlay-type":"","overlay-color":"","overlay-opacity":"","overlay-gradient":""},"mobile":{"background-color":"","background-image":"","background-repeat":"repeat","background-position":"center center","background-size":"auto","background-attachment":"scroll","background-type":"","background-media":"","overlay-type":"","overlay-color":"","overlay-opacity":"","overlay-gradient":""}},"ast-content-background-meta":{"desktop":{"background-color":"var(--ast-global-color-5)","background-image":"","background-repeat":"repeat","background-position":"center center","background-size":"auto","background-attachment":"scroll","background-type":"","background-media":"","overlay-type":"","overlay-color":"","overlay-opacity":"","overlay-gradient":""},"tablet":{"background-color":"var(--ast-global-color-5)","background-image":"","background-repeat":"repeat","background-position":"center center","background-size":"auto","background-attachment":"scroll","background-type":"","background-media":"","overlay-type":"","overlay-color":"","overlay-opacity":"","overlay-gradient":""},"mobile":{"background-color":"var(--ast-global-color-5)","background-image":"","background-repeat":"repeat","background-position":"center center","background-size":"auto","background-attachment":"scroll","background-type":"","background-media":"","overlay-type":"","overlay-color":"","overlay-opacity":"","overlay-gradient":""}},"footnotes":""},"categories":[1,363,29],"tags":[],"class_list":["post-9893","post","type-post","status-publish","format-standard","has-post-thumbnail","hentry","category-general","category-grups-de-treball","category-portada"],"post_mailing_queue_ids":[],"_links":{"self":[{"href":"https:\/\/projectes.xtec.cat\/camps\/wp-json\/wp\/v2\/posts\/9893","targetHints":{"allow":["GET"]}}],"collection":[{"href":"https:\/\/projectes.xtec.cat\/camps\/wp-json\/wp\/v2\/posts"}],"about":[{"href":"https:\/\/projectes.xtec.cat\/camps\/wp-json\/wp\/v2\/types\/post"}],"author":[{"embeddable":true,"href":"https:\/\/projectes.xtec.cat\/camps\/wp-json\/wp\/v2\/users\/44"}],"replies":[{"embeddable":true,"href":"https:\/\/projectes.xtec.cat\/camps\/wp-json\/wp\/v2\/comments?post=9893"}],"version-history":[{"count":6,"href":"https:\/\/projectes.xtec.cat\/camps\/wp-json\/wp\/v2\/posts\/9893\/revisions"}],"predecessor-version":[{"id":9953,"href":"https:\/\/projectes.xtec.cat\/camps\/wp-json\/wp\/v2\/posts\/9893\/revisions\/9953"}],"wp:featuredmedia":[{"embeddable":true,"href":"https:\/\/projectes.xtec.cat\/camps\/wp-json\/wp\/v2\/media\/9901"}],"wp:attachment":[{"href":"https:\/\/projectes.xtec.cat\/camps\/wp-json\/wp\/v2\/media?parent=9893"}],"wp:term":[{"taxonomy":"category","embeddable":true,"href":"https:\/\/projectes.xtec.cat\/camps\/wp-json\/wp\/v2\/categories?post=9893"},{"taxonomy":"post_tag","embeddable":true,"href":"https:\/\/projectes.xtec.cat\/camps\/wp-json\/wp\/v2\/tags?post=9893"}],"curies":[{"name":"wp","href":"https:\/\/api.w.org\/{rel}","templated":true}]}}