{"id":12656,"date":"2023-10-25T13:53:58","date_gmt":"2023-10-25T11:53:58","guid":{"rendered":"https:\/\/projectes.xtec.cat\/canaldereporters\/?p=12656"},"modified":"2024-05-21T09:08:46","modified_gmt":"2024-05-21T07:08:46","slug":"setmana_ami","status":"publish","type":"post","link":"https:\/\/projectes.xtec.cat\/canaldereporters\/setmana_ami\/","title":{"rendered":""},"content":{"rendered":"\n<div class=\"wp-block-getwid-section alignfull alignfull\"><div class=\"wp-block-getwid-section__wrapper\"><div class=\"wp-block-getwid-section__inner-wrapper\"><div class=\"wp-block-getwid-section__background-holder\"><div class=\"wp-block-getwid-section__background\"><\/div><div class=\"wp-block-getwid-section__foreground\"><\/div><\/div><div class=\"wp-block-getwid-section__content\"><div class=\"wp-block-getwid-section__inner-content\">\n<h2 class=\"wp-block-heading\"><strong>Apropem alumnat i periodistes per celebrar la Setmana AMI<\/strong><\/h2>\n<\/div><\/div><\/div><\/div><\/div>\n\n\n\n<div class=\"wp-block-getwid-section alignfull alignfull\"><div class=\"wp-block-getwid-section__wrapper\"><div class=\"wp-block-getwid-section__inner-wrapper\"><div class=\"wp-block-getwid-section__background-holder\"><div class=\"wp-block-getwid-section__background\"><\/div><div class=\"wp-block-getwid-section__foreground\"><\/div><\/div><div class=\"wp-block-getwid-section__content\"><div class=\"wp-block-getwid-section__inner-content\">\n<div class=\"wp-block-columns is-layout-flex wp-container-core-columns-is-layout-1 wp-block-columns-is-layout-flex\">\n<div class=\"wp-block-column is-layout-flow wp-block-column-is-layout-flow\">\n<h2 class=\"wp-block-heading\">Converses amb la Neus Bonet i l&#8217;Abraham Orriols<\/h2>\n\n\n\n<p>La millor manera que hem trobat per aportar continguts significatius des del Canal de Reporters a la celebraci\u00f3 de la Setmana de l&#8217;Alfabetitzaci\u00f3 Medi\u00e0tica i Informacional (AMI) ha estat permetent que l&#8217;alumnat pugui interactuar amb dos professionals del periodisme en actiu.<\/p>\n\n\n\n<p>Per assolir aquest prop\u00f2sit hem unit esfor\u00e7os amb les Biblioteques Escolars que s\u00f3n motors de l&#8217;educaci\u00f3 medi\u00e0tica des dels mateixos centres.<\/p>\n\n\n\n<p>El dilluns 23 vam reunir el periodista de TV3 Abraham Orriols amb els infants de 5\u00e8 i 6\u00e8 de l&#8217;escola Sant Jordi (Sant Vicen\u00e7 dels Horts), de l&#8217;escola Mas i Perera (Vilafranca del Pened\u00e8s) i de l&#8217;escola Enric Farreny (Lleida).<\/p>\n\n\n\n<p>Amb ell hem parlat de la funci\u00f3 del periodista en una societat democr\u00e0tica, de la import\u00e0ncia d&#8217;estar informat per evitar la manipulaci\u00f3 i de quines son les aptituds que ha de tenir un bon professional de la informaci\u00f3: posar cura en la feina que es fa, tenir empatia i ganes de saber, i capacitat per escoltar. <\/p>\n\n\n\n<p>Durant l&#8217;estona que l&#8217;alumnat dels tres centres van poder formular-li preguntes vam descobrir molts aspectes de la seva vida professional, les seves rutines de treball i algunes an\u00e8cdotes que ens confirmen la import\u00e0ncia de la improvisaci\u00f3 en el m\u00f3n de la comunicaci\u00f3.<\/p>\n<\/div>\n\n\n\n<div class=\"wp-block-column is-layout-flow wp-block-column-is-layout-flow\">\n<figure class=\"wp-block-image aligncenter size-large\"><a href=\"https:\/\/projectes.xtec.cat\/canaldereporters\/wp-content\/uploads\/usu2921\/2023\/10\/seminaris-AMI.jpg\"><img loading=\"lazy\" decoding=\"async\" width=\"1024\" height=\"579\" src=\"https:\/\/projectes.xtec.cat\/canaldereporters\/wp-content\/uploads\/usu2921\/2023\/10\/seminaris-AMI-1024x579.jpg\" alt=\"\" class=\"wp-image-13122\" srcset=\"https:\/\/projectes.xtec.cat\/canaldereporters\/wp-content\/uploads\/usu2921\/2023\/10\/seminaris-AMI-1024x579.jpg 1024w, https:\/\/projectes.xtec.cat\/canaldereporters\/wp-content\/uploads\/usu2921\/2023\/10\/seminaris-AMI-300x170.jpg 300w, https:\/\/projectes.xtec.cat\/canaldereporters\/wp-content\/uploads\/usu2921\/2023\/10\/seminaris-AMI-768x434.jpg 768w, https:\/\/projectes.xtec.cat\/canaldereporters\/wp-content\/uploads\/usu2921\/2023\/10\/seminaris-AMI.jpg 1084w\" sizes=\"auto, (max-width: 1024px) 100vw, 1024px\" \/><\/a><\/figure>\n\n\n\n<p>El dimarts 24 una representaci\u00f3 dels 5 grups de 4t d&#8217;ESO de l&#8217;Ins. Lluis Companys (Ripollet) van assistir a la xerrada i posterior conversa amb la periodista de Catalunya R\u00e0dio Neus Bonet. <\/p>\n\n\n\n<p>En la seva intervenci\u00f3, la Neus va analitzar els diferents nivells de la pir\u00e0mide de la dieta medi\u00e0tica incloent recomanacions per saber com desenvolupar l&#8217;esperit cr\u00edtic, i escollint b\u00e9 els mitjans a trav\u00e9s dels quals ens informem i ens apropem a la realitat que ens envolta.<\/p>\n\n\n\n<p>Podeu <a href=\"https:\/\/projectes.xtec.cat\/canaldereporters\/setmana-ami\/\" data-type=\"URL\" data-id=\"https:\/\/projectes.xtec.cat\/canaldereporters\/setmana-ami\/\" target=\"_blank\" rel=\"noreferrer noopener\">recuperar les dues xerrades<\/a> i visualitzar-les amb el vostre alumnat durant la setmana AMI o quan treballeu a l&#8217;aula l&#8217;educaci\u00f3 medi\u00e0tica. <\/p>\n<\/div>\n<\/div>\n<\/div><\/div><\/div><\/div><\/div>\n\n\n\n<p><\/p>\n","protected":false},"excerpt":{"rendered":"<p>La millor manera que hem trobat per aportar continguts significatius des del Canal de Reporters a la celebraci\u00f3 de la Setmana de l&#8217;Alfabetitzaci\u00f3 Medi\u00e0tica i Informacional (AMI) ha estat permetent que l&#8217;alumnat pugui interactuar amb dos professionals del periodisme en actiu: Abraham Orriols (TV3) i Neus Bonet (Catalunya R\u00e0dio)<\/p>\n","protected":false},"author":17,"featured_media":13132,"comment_status":"closed","ping_status":"open","sticky":false,"template":"","format":"standard","meta":{"site-sidebar-layout":"default","site-content-layout":"plain-container","ast-site-content-layout":"normal-width-container","site-content-style":"unboxed","site-sidebar-style":"unboxed","ast-global-header-display":"","ast-banner-title-visibility":"","ast-main-header-display":"","ast-hfb-above-header-display":"","ast-hfb-below-header-display":"","ast-hfb-mobile-header-display":"","site-post-title":"disabled","ast-breadcrumbs-content":"","ast-featured-img":"","footer-sml-layout":"","theme-transparent-header-meta":"","adv-header-id-meta":"","stick-header-meta":"","header-above-stick-meta":"","header-main-stick-meta":"","header-below-stick-meta":"","astra-migrate-meta-layouts":"set","ast-page-background-enabled":"default","ast-page-background-meta":{"desktop":{"background-color":"","background-image":"","background-repeat":"repeat","background-position":"center center","background-size":"auto","background-attachment":"scroll","background-type":"","background-media":"","overlay-type":"","overlay-color":"","overlay-opacity":"","overlay-gradient":""},"tablet":{"background-color":"","background-image":"","background-repeat":"repeat","background-position":"center center","background-size":"auto","background-attachment":"scroll","background-type":"","background-media":"","overlay-type":"","overlay-color":"","overlay-opacity":"","overlay-gradient":""},"mobile":{"background-color":"","background-image":"","background-repeat":"repeat","background-position":"center center","background-size":"auto","background-attachment":"scroll","background-type":"","background-media":"","overlay-type":"","overlay-color":"","overlay-opacity":"","overlay-gradient":""}},"ast-content-background-meta":{"desktop":{"background-color":"var(--ast-global-color-5)","background-image":"","background-repeat":"repeat","background-position":"center center","background-size":"auto","background-attachment":"scroll","background-type":"","background-media":"","overlay-type":"","overlay-color":"","overlay-opacity":"","overlay-gradient":""},"tablet":{"background-color":"var(--ast-global-color-5)","background-image":"","background-repeat":"repeat","background-position":"center center","background-size":"auto","background-attachment":"scroll","background-type":"","background-media":"","overlay-type":"","overlay-color":"","overlay-opacity":"","overlay-gradient":""},"mobile":{"background-color":"var(--ast-global-color-5)","background-image":"","background-repeat":"repeat","background-position":"center center","background-size":"auto","background-attachment":"scroll","background-type":"","background-media":"","overlay-type":"","overlay-color":"","overlay-opacity":"","overlay-gradient":""}},"footnotes":""},"categories":[1,29],"tags":[],"class_list":["post-12656","post","type-post","status-publish","format-standard","has-post-thumbnail","hentry","category-general","category-portada"],"post_mailing_queue_ids":[],"_links":{"self":[{"href":"https:\/\/projectes.xtec.cat\/canaldereporters\/wp-json\/wp\/v2\/posts\/12656","targetHints":{"allow":["GET"]}}],"collection":[{"href":"https:\/\/projectes.xtec.cat\/canaldereporters\/wp-json\/wp\/v2\/posts"}],"about":[{"href":"https:\/\/projectes.xtec.cat\/canaldereporters\/wp-json\/wp\/v2\/types\/post"}],"author":[{"embeddable":true,"href":"https:\/\/projectes.xtec.cat\/canaldereporters\/wp-json\/wp\/v2\/users\/17"}],"replies":[{"embeddable":true,"href":"https:\/\/projectes.xtec.cat\/canaldereporters\/wp-json\/wp\/v2\/comments?post=12656"}],"version-history":[{"count":6,"href":"https:\/\/projectes.xtec.cat\/canaldereporters\/wp-json\/wp\/v2\/posts\/12656\/revisions"}],"predecessor-version":[{"id":14154,"href":"https:\/\/projectes.xtec.cat\/canaldereporters\/wp-json\/wp\/v2\/posts\/12656\/revisions\/14154"}],"wp:featuredmedia":[{"embeddable":true,"href":"https:\/\/projectes.xtec.cat\/canaldereporters\/wp-json\/wp\/v2\/media\/13132"}],"wp:attachment":[{"href":"https:\/\/projectes.xtec.cat\/canaldereporters\/wp-json\/wp\/v2\/media?parent=12656"}],"wp:term":[{"taxonomy":"category","embeddable":true,"href":"https:\/\/projectes.xtec.cat\/canaldereporters\/wp-json\/wp\/v2\/categories?post=12656"},{"taxonomy":"post_tag","embeddable":true,"href":"https:\/\/projectes.xtec.cat\/canaldereporters\/wp-json\/wp\/v2\/tags?post=12656"}],"curies":[{"name":"wp","href":"https:\/\/api.w.org\/{rel}","templated":true}]}}