{"id":12803,"date":"2023-09-05T14:04:30","date_gmt":"2023-09-05T12:04:30","guid":{"rendered":"https:\/\/projectes.xtec.cat\/canaldereporters\/?p=12803"},"modified":"2023-09-06T11:47:14","modified_gmt":"2023-09-06T09:47:14","slug":"recull-de-cursos","status":"publish","type":"post","link":"https:\/\/projectes.xtec.cat\/canaldereporters\/recull-de-cursos\/","title":{"rendered":"Formaci\u00f3 XTEC sobre educaci\u00f3 medi\u00e0tica"},"content":{"rendered":"\n<div class=\"wp-block-getwid-section alignfull alignfull\"><div class=\"wp-block-getwid-section__wrapper\"><div class=\"wp-block-getwid-section__inner-wrapper\"><div class=\"wp-block-getwid-section__background-holder\"><div class=\"wp-block-getwid-section__background\"><\/div><div class=\"wp-block-getwid-section__foreground\"><\/div><\/div><div class=\"wp-block-getwid-section__content\"><div class=\"wp-block-getwid-section__inner-content\">\n<h2 class=\"wp-block-heading\"><strong>Formaci\u00f3 XTEC sobre educaci\u00f3 medi\u00e0tica<\/strong><\/h2>\n<\/div><\/div><\/div><\/div><\/div>\n\n\n\n<div class=\"wp-block-getwid-section alignfull alignfull\"><div class=\"wp-block-getwid-section__wrapper\"><div class=\"wp-block-getwid-section__inner-wrapper\"><div class=\"wp-block-getwid-section__background-holder\"><div class=\"wp-block-getwid-section__background\"><\/div><div class=\"wp-block-getwid-section__foreground\"><\/div><\/div><div class=\"wp-block-getwid-section__content\"><div class=\"wp-block-getwid-section__inner-content\">\n<div class=\"wp-block-columns is-layout-flex wp-container-core-columns-is-layout-1 wp-block-columns-is-layout-flex\">\n<div class=\"wp-block-column is-layout-flow wp-block-column-is-layout-flow\">\n<p>En el conjunt del territori el Departament organitza activitats formatives que poden ser d&#8217;inter\u00e8s per al personal docent que vulgui adquirir, aprofundir o actualitzar coneixements sobre educaci\u00f3 medi\u00e0tica.<\/p>\n\n\n\n<p>Canal de Reporters ha realitzat una selecci\u00f3 d&#8217;activitats que s&#8217;alineen amb els objectius del projecte. La podeu consultar en l&#8217;<a href=\"https:\/\/projectes.xtec.cat\/canaldereporters\/formacio\/\" data-type=\"URL\" data-id=\"https:\/\/projectes.xtec.cat\/canaldereporters\/formacio\/\">apartat de formaci\u00f3 <\/a>d&#8217;aquest nodes.  <\/p>\n\n\n\n<p>Aquest espai es va nodrint peri\u00f2dicament seguint la publicaci\u00f3 del <a rel=\"noreferrer noopener\" href=\"https:\/\/xtec.gencat.cat\/ca\/formacio\/\" data-type=\"URL\" data-id=\"https:\/\/xtec.gencat.cat\/ca\/formacio\/\" target=\"_blank\">cat\u00e0leg de formaci\u00f3.<\/a><\/p>\n\n\n\n<p>En la selecci\u00f3 que hem elaborat trobareu activitats sobre desinformaci\u00f3 i not\u00edcies falses, r\u00e0dio i televisi\u00f3 escolar i tecnologies audiovisuals com el croma.<\/p>\n<\/div>\n\n\n\n<div class=\"wp-block-column is-layout-flow wp-block-column-is-layout-flow\">\n<div class=\"wp-block-image\"><figure class=\"aligncenter size-large\"><a href=\"https:\/\/projectes.xtec.cat\/canaldereporters\/wp-content\/uploads\/usu2921\/2023\/09\/pagina-formacio-nodes.jpg\"><img loading=\"lazy\" decoding=\"async\" width=\"1024\" height=\"420\" src=\"https:\/\/projectes.xtec.cat\/canaldereporters\/wp-content\/uploads\/usu2921\/2023\/09\/pagina-formacio-nodes-1024x420.jpg\" alt=\"\" class=\"wp-image-12811\" srcset=\"https:\/\/projectes.xtec.cat\/canaldereporters\/wp-content\/uploads\/usu2921\/2023\/09\/pagina-formacio-nodes-1024x420.jpg 1024w, https:\/\/projectes.xtec.cat\/canaldereporters\/wp-content\/uploads\/usu2921\/2023\/09\/pagina-formacio-nodes-300x123.jpg 300w, https:\/\/projectes.xtec.cat\/canaldereporters\/wp-content\/uploads\/usu2921\/2023\/09\/pagina-formacio-nodes-768x315.jpg 768w, https:\/\/projectes.xtec.cat\/canaldereporters\/wp-content\/uploads\/usu2921\/2023\/09\/pagina-formacio-nodes-1536x630.jpg 1536w, https:\/\/projectes.xtec.cat\/canaldereporters\/wp-content\/uploads\/usu2921\/2023\/09\/pagina-formacio-nodes.jpg 1815w\" sizes=\"auto, (max-width: 1024px) 100vw, 1024px\" \/><\/a><\/figure><\/div>\n\n\n\n<p>Consulteu les dates i horari, la modalitat, el programa i les persones destinat\u00e0ries en el detall de cada activitat. <\/p>\n<\/div>\n<\/div>\n<\/div><\/div><\/div><\/div><\/div>\n\n\n\n<p><\/p>\n","protected":false},"excerpt":{"rendered":"<p>Canal de Reporters ha realitzat una selecci\u00f3 d&#8217;activitats que s&#8217;alineen amb els objectius del projecte. La podeu consultar en l&#8217;apartat de formaci\u00f3 d&#8217;aquest nodes.<br \/>\nConsulteu les dates i horari, la modalitat, el programa i les persones destinat\u00e0ries en el detall de cada activitat. <\/p>\n","protected":false},"author":1,"featured_media":12811,"comment_status":"closed","ping_status":"open","sticky":false,"template":"","format":"standard","meta":{"site-sidebar-layout":"default","site-content-layout":"plain-container","ast-site-content-layout":"","site-content-style":"default","site-sidebar-style":"default","ast-global-header-display":"","ast-banner-title-visibility":"","ast-main-header-display":"","ast-hfb-above-header-display":"","ast-hfb-below-header-display":"","ast-hfb-mobile-header-display":"","site-post-title":"","ast-breadcrumbs-content":"","ast-featured-img":"","footer-sml-layout":"","theme-transparent-header-meta":"","adv-header-id-meta":"","stick-header-meta":"","header-above-stick-meta":"","header-main-stick-meta":"","header-below-stick-meta":"","astra-migrate-meta-layouts":"default","ast-page-background-enabled":"default","ast-page-background-meta":{"desktop":{"background-color":"","background-image":"","background-repeat":"repeat","background-position":"center center","background-size":"auto","background-attachment":"scroll","background-type":"","background-media":"","overlay-type":"","overlay-color":"","overlay-opacity":"","overlay-gradient":""},"tablet":{"background-color":"","background-image":"","background-repeat":"repeat","background-position":"center center","background-size":"auto","background-attachment":"scroll","background-type":"","background-media":"","overlay-type":"","overlay-color":"","overlay-opacity":"","overlay-gradient":""},"mobile":{"background-color":"","background-image":"","background-repeat":"repeat","background-position":"center center","background-size":"auto","background-attachment":"scroll","background-type":"","background-media":"","overlay-type":"","overlay-color":"","overlay-opacity":"","overlay-gradient":""}},"ast-content-background-meta":{"desktop":{"background-color":"var(--ast-global-color-5)","background-image":"","background-repeat":"repeat","background-position":"center center","background-size":"auto","background-attachment":"scroll","background-type":"","background-media":"","overlay-type":"","overlay-color":"","overlay-opacity":"","overlay-gradient":""},"tablet":{"background-color":"var(--ast-global-color-5)","background-image":"","background-repeat":"repeat","background-position":"center center","background-size":"auto","background-attachment":"scroll","background-type":"","background-media":"","overlay-type":"","overlay-color":"","overlay-opacity":"","overlay-gradient":""},"mobile":{"background-color":"var(--ast-global-color-5)","background-image":"","background-repeat":"repeat","background-position":"center center","background-size":"auto","background-attachment":"scroll","background-type":"","background-media":"","overlay-type":"","overlay-color":"","overlay-opacity":"","overlay-gradient":""}},"footnotes":""},"categories":[1,29],"tags":[],"class_list":["post-12803","post","type-post","status-publish","format-standard","has-post-thumbnail","hentry","category-general","category-portada"],"post_mailing_queue_ids":[],"_links":{"self":[{"href":"https:\/\/projectes.xtec.cat\/canaldereporters\/wp-json\/wp\/v2\/posts\/12803","targetHints":{"allow":["GET"]}}],"collection":[{"href":"https:\/\/projectes.xtec.cat\/canaldereporters\/wp-json\/wp\/v2\/posts"}],"about":[{"href":"https:\/\/projectes.xtec.cat\/canaldereporters\/wp-json\/wp\/v2\/types\/post"}],"author":[{"embeddable":true,"href":"https:\/\/projectes.xtec.cat\/canaldereporters\/wp-json\/wp\/v2\/users\/1"}],"replies":[{"embeddable":true,"href":"https:\/\/projectes.xtec.cat\/canaldereporters\/wp-json\/wp\/v2\/comments?post=12803"}],"version-history":[{"count":4,"href":"https:\/\/projectes.xtec.cat\/canaldereporters\/wp-json\/wp\/v2\/posts\/12803\/revisions"}],"predecessor-version":[{"id":12818,"href":"https:\/\/projectes.xtec.cat\/canaldereporters\/wp-json\/wp\/v2\/posts\/12803\/revisions\/12818"}],"wp:featuredmedia":[{"embeddable":true,"href":"https:\/\/projectes.xtec.cat\/canaldereporters\/wp-json\/wp\/v2\/media\/12811"}],"wp:attachment":[{"href":"https:\/\/projectes.xtec.cat\/canaldereporters\/wp-json\/wp\/v2\/media?parent=12803"}],"wp:term":[{"taxonomy":"category","embeddable":true,"href":"https:\/\/projectes.xtec.cat\/canaldereporters\/wp-json\/wp\/v2\/categories?post=12803"},{"taxonomy":"post_tag","embeddable":true,"href":"https:\/\/projectes.xtec.cat\/canaldereporters\/wp-json\/wp\/v2\/tags?post=12803"}],"curies":[{"name":"wp","href":"https:\/\/api.w.org\/{rel}","templated":true}]}}