{"id":12961,"date":"2023-10-13T12:40:32","date_gmt":"2023-10-13T10:40:32","guid":{"rendered":"https:\/\/projectes.xtec.cat\/canaldereporters\/?p=12961"},"modified":"2023-10-19T11:06:45","modified_gmt":"2023-10-19T09:06:45","slug":"12961-2","status":"publish","type":"post","link":"https:\/\/projectes.xtec.cat\/canaldereporters\/12961-2\/","title":{"rendered":"Activitats en el marc de la Setmana Mundial AMI de la Unesco"},"content":{"rendered":"\n<div class=\"wp-block-getwid-section alignfull alignfull\"><div class=\"wp-block-getwid-section__wrapper\"><div class=\"wp-block-getwid-section__inner-wrapper\"><div class=\"wp-block-getwid-section__background-holder\"><div class=\"wp-block-getwid-section__background\"><\/div><div class=\"wp-block-getwid-section__foreground\"><\/div><\/div><div class=\"wp-block-getwid-section__content\"><div class=\"wp-block-getwid-section__inner-content\">\n<h2 class=\"wp-block-heading\"><strong><strong>Activitats en el marc de la Setmana Mundial AMI de la Unesco<\/strong><\/strong><\/h2>\n<\/div><\/div><\/div><\/div><\/div>\n\n\n\n<div class=\"wp-block-getwid-section alignfull alignfull\"><div class=\"wp-block-getwid-section__wrapper\"><div class=\"wp-block-getwid-section__inner-wrapper\"><div class=\"wp-block-getwid-section__background-holder\"><div class=\"wp-block-getwid-section__background\"><\/div><div class=\"wp-block-getwid-section__foreground\"><\/div><\/div><div class=\"wp-block-getwid-section__content\"><div class=\"wp-block-getwid-section__inner-content\">\n<div class=\"wp-block-columns is-layout-flex wp-container-core-columns-is-layout-1 wp-block-columns-is-layout-flex\">\n<div class=\"wp-block-column is-layout-flow wp-block-column-is-layout-flow\">\n<h2 class=\"wp-block-heading\">Propostes per al professorat<\/h2>\n\n\n\n<p>Del 23 al 25 d\u2019octubre la UNESCO celebra la Setmana Mundial de l\u2019Alfabetitzaci\u00f3 Medi\u00e0tica i Informacional. Durant aquests tres dies es concentren actes i activitats sobre educaci\u00f3 medi\u00e0tica per mobilitzar tots els agents interessats amb un objectiu com\u00fa.&nbsp;<\/p>\n\n\n\n<p>Aquest any es posa l\u2019accent en els espais digitals i des de la UNESCO es demana a la comunitat internacional i a les plataformes digitals crear una agenda col\u00b7lectiva per avan\u00e7ar en l\u2019alfabetitzaci\u00f3 medi\u00e0tica i informacional.<\/p>\n\n\n\n<p>S\u00f3n nombroses les entitats que a Catalunya realitzaran actes per commemorar aquesta diada i alhora reflexionar i impulsar accions. Des del Canal de Reporters, juntament amb les Biblioteques Escolars, estem preparant continguts que compartirem amb els centres durant aquella setmana.<\/p>\n\n\n\n<p>El Canal de Reporters participar\u00e0 el 23 d\u2019octubre a Barcelona en la jornada <a href=\"https:\/\/learntocheck.org\/ca\/item\/la-jornada-desmuntant-la-desinformacio-obre-la-setmana-de-lalfabetitzacio-mediatica-a-catalunya\/\">Desmuntant la Desinformaci\u00f3<\/a> que organitza l\u2019Associaci\u00f3 Learn to Check, juntament amb el Col\u00b7legi de Periodistes de Catalunya, el Consell de l\u2019Audiovisual de Catalunya (CAC) i la Universitat de Barcelona (UB).<\/p>\n<\/div>\n\n\n\n<div class=\"wp-block-column is-layout-flow wp-block-column-is-layout-flow\">\n<div class=\"wp-block-image\"><figure class=\"aligncenter size-large is-resized\"><a href=\"https:\/\/projectes.xtec.cat\/canaldereporters\/wp-content\/uploads\/usu2921\/2023\/10\/CARTELL_DESMUNTANT_INFORMACIO-225x300-1.jpg\"><img loading=\"lazy\" decoding=\"async\" src=\"https:\/\/projectes.xtec.cat\/canaldereporters\/wp-content\/uploads\/usu2921\/2023\/10\/CARTELL_DESMUNTANT_INFORMACIO-225x300-1.jpg\" alt=\"\" class=\"wp-image-12965\" width=\"211\" height=\"289\"\/><\/a><\/figure><\/div>\n\n\n\n<p>Explicarem el projecte durant un taller on tamb\u00e9 intervindr\u00e0 la Silvia Nicol\u00e0s per explicar com treballen la desinformaci\u00f3 en la ci\u00e8ncia des de l\u2019INS Pau Vila.<\/p>\n\n\n\n<p>Justament la S\u00edlvia va ser una de les protagonistes dels nostres seminaris web del curs passat; el que vam dedicar a la<a href=\"https:\/\/projectes.xtec.cat\/canaldereporters\/seminaris-web\/seminari1_experiencia\/\"> detecci\u00f3 de not\u00edcies falses<\/a>.&nbsp;<\/p>\n\n\n\n<p>Tamb\u00e9 podeu seguir tot el seguit d\u2019activitats que s\u2019han programat en les <a href=\"https:\/\/7ticedu.udg.edu\/\">VII Jornades TIC i Educaci\u00f3 <\/a>organitzades per la Universitat de Girona amb experi\u00e8ncies, recursos i estrat\u00e8gies per treballar l\u2019educaci\u00f3 medi\u00e0tica a les aules.<\/p>\n<\/div>\n<\/div>\n<\/div><\/div><\/div><\/div><\/div>\n\n\n\n<p><\/p>\n","protected":false},"excerpt":{"rendered":"<p>Del 23 al 25 d\u2019octubre la UNESCO celebra la Setmana Mundial de l\u2019Alfabetitzaci\u00f3 Medi\u00e0tica i Informacional. Des del Canal de Reporters, juntament amb les Biblioteques Escolars, estem preparant continguts que compartirem amb els centres durant aquella setmana.<\/p>\n","protected":false},"author":1,"featured_media":12969,"comment_status":"closed","ping_status":"open","sticky":false,"template":"","format":"standard","meta":{"site-sidebar-layout":"default","site-content-layout":"plain-container","ast-site-content-layout":"","site-content-style":"default","site-sidebar-style":"default","ast-global-header-display":"","ast-banner-title-visibility":"","ast-main-header-display":"","ast-hfb-above-header-display":"","ast-hfb-below-header-display":"","ast-hfb-mobile-header-display":"","site-post-title":"","ast-breadcrumbs-content":"","ast-featured-img":"","footer-sml-layout":"","theme-transparent-header-meta":"","adv-header-id-meta":"","stick-header-meta":"","header-above-stick-meta":"","header-main-stick-meta":"","header-below-stick-meta":"","astra-migrate-meta-layouts":"default","ast-page-background-enabled":"default","ast-page-background-meta":{"desktop":{"background-color":"","background-image":"","background-repeat":"repeat","background-position":"center center","background-size":"auto","background-attachment":"scroll","background-type":"","background-media":"","overlay-type":"","overlay-color":"","overlay-opacity":"","overlay-gradient":""},"tablet":{"background-color":"","background-image":"","background-repeat":"repeat","background-position":"center center","background-size":"auto","background-attachment":"scroll","background-type":"","background-media":"","overlay-type":"","overlay-color":"","overlay-opacity":"","overlay-gradient":""},"mobile":{"background-color":"","background-image":"","background-repeat":"repeat","background-position":"center center","background-size":"auto","background-attachment":"scroll","background-type":"","background-media":"","overlay-type":"","overlay-color":"","overlay-opacity":"","overlay-gradient":""}},"ast-content-background-meta":{"desktop":{"background-color":"var(--ast-global-color-5)","background-image":"","background-repeat":"repeat","background-position":"center center","background-size":"auto","background-attachment":"scroll","background-type":"","background-media":"","overlay-type":"","overlay-color":"","overlay-opacity":"","overlay-gradient":""},"tablet":{"background-color":"var(--ast-global-color-5)","background-image":"","background-repeat":"repeat","background-position":"center center","background-size":"auto","background-attachment":"scroll","background-type":"","background-media":"","overlay-type":"","overlay-color":"","overlay-opacity":"","overlay-gradient":""},"mobile":{"background-color":"var(--ast-global-color-5)","background-image":"","background-repeat":"repeat","background-position":"center center","background-size":"auto","background-attachment":"scroll","background-type":"","background-media":"","overlay-type":"","overlay-color":"","overlay-opacity":"","overlay-gradient":""}},"footnotes":""},"categories":[1,29],"tags":[],"class_list":["post-12961","post","type-post","status-publish","format-standard","has-post-thumbnail","hentry","category-general","category-portada"],"post_mailing_queue_ids":[],"_links":{"self":[{"href":"https:\/\/projectes.xtec.cat\/canaldereporters\/wp-json\/wp\/v2\/posts\/12961","targetHints":{"allow":["GET"]}}],"collection":[{"href":"https:\/\/projectes.xtec.cat\/canaldereporters\/wp-json\/wp\/v2\/posts"}],"about":[{"href":"https:\/\/projectes.xtec.cat\/canaldereporters\/wp-json\/wp\/v2\/types\/post"}],"author":[{"embeddable":true,"href":"https:\/\/projectes.xtec.cat\/canaldereporters\/wp-json\/wp\/v2\/users\/1"}],"replies":[{"embeddable":true,"href":"https:\/\/projectes.xtec.cat\/canaldereporters\/wp-json\/wp\/v2\/comments?post=12961"}],"version-history":[{"count":6,"href":"https:\/\/projectes.xtec.cat\/canaldereporters\/wp-json\/wp\/v2\/posts\/12961\/revisions"}],"predecessor-version":[{"id":13063,"href":"https:\/\/projectes.xtec.cat\/canaldereporters\/wp-json\/wp\/v2\/posts\/12961\/revisions\/13063"}],"wp:featuredmedia":[{"embeddable":true,"href":"https:\/\/projectes.xtec.cat\/canaldereporters\/wp-json\/wp\/v2\/media\/12969"}],"wp:attachment":[{"href":"https:\/\/projectes.xtec.cat\/canaldereporters\/wp-json\/wp\/v2\/media?parent=12961"}],"wp:term":[{"taxonomy":"category","embeddable":true,"href":"https:\/\/projectes.xtec.cat\/canaldereporters\/wp-json\/wp\/v2\/categories?post=12961"},{"taxonomy":"post_tag","embeddable":true,"href":"https:\/\/projectes.xtec.cat\/canaldereporters\/wp-json\/wp\/v2\/tags?post=12961"}],"curies":[{"name":"wp","href":"https:\/\/api.w.org\/{rel}","templated":true}]}}