{"id":13086,"date":"2023-10-25T09:32:12","date_gmt":"2023-10-25T07:32:12","guid":{"rendered":"https:\/\/projectes.xtec.cat\/canaldereporters\/?p=13086"},"modified":"2024-01-09T15:46:39","modified_gmt":"2024-01-09T14:46:39","slug":"el-foment-de-la-radio-des-del-crp-badalona","status":"publish","type":"post","link":"https:\/\/projectes.xtec.cat\/canaldereporters\/el-foment-de-la-radio-des-del-crp-badalona\/","title":{"rendered":"El foment de la r\u00e0dio des del CRP Badalona"},"content":{"rendered":"\n<div class=\"wp-block-getwid-section alignfull alignfull\"><div class=\"wp-block-getwid-section__wrapper\"><div class=\"wp-block-getwid-section__inner-wrapper\"><div class=\"wp-block-getwid-section__background-holder\"><div class=\"wp-block-getwid-section__background\"><\/div><div class=\"wp-block-getwid-section__foreground\"><\/div><\/div><div class=\"wp-block-getwid-section__content\"><div class=\"wp-block-getwid-section__inner-content\">\n<h2 class=\"wp-block-heading\">El foment de la r\u00e0dio des del CRP Badalona<\/h2>\n<\/div><\/div><\/div><\/div><\/div>\n\n\n\n<div class=\"wp-block-getwid-section alignfull alignfull\"><div class=\"wp-block-getwid-section__wrapper\"><div class=\"wp-block-getwid-section__inner-wrapper\"><div class=\"wp-block-getwid-section__background-holder\"><div class=\"wp-block-getwid-section__background\"><\/div><div class=\"wp-block-getwid-section__foreground\"><\/div><\/div><div class=\"wp-block-getwid-section__content\"><div class=\"wp-block-getwid-section__inner-content\">\n<div class=\"wp-block-columns is-layout-flex wp-container-core-columns-is-layout-1 wp-block-columns-is-layout-flex\">\n<div class=\"wp-block-column is-layout-flow wp-block-column-is-layout-flow\">\n<p><\/p>\n\n\n\n<h2 class=\"wp-block-heading\">R\u00e0dio a l&#8217;escola amb el nou curr\u00edculum<\/h2>\n\n\n\n<p>El Canal de Reporters completa el seminari dedicat a la r\u00e0dio amb la participaci\u00f3 de la Marta Folguera i el Josep Biayna des del CRP Badalona. <\/p>\n\n\n\n<p>En aquesta ocasi\u00f3 hem picat a la porta de l&#8217;equip dels Serveis Educatius per demanar que ens expliquin la seva experi\u00e8ncia promovent el mitj\u00e0 radiof\u00f2nic amb activitats per a centres, professorat i alumnat. <\/p>\n\n\n\n<p>Qui tingui inter\u00e8s en con\u00e8ixer quins sabers i compet\u00e8ncies poden adquirir l&#8217;alumnat quan fan r\u00e0dio ara t\u00e9 l&#8217;oportunitat de saber-ho escoltant la feina que fan dos mestres apassionats per aquest mitj\u00e0. <\/p>\n<\/div>\n\n\n\n<div class=\"wp-block-column is-layout-flow wp-block-column-is-layout-flow\">\n<figure class=\"wp-block-image size-large is-resized is-style-default\"><a href=\"https:\/\/projectes.xtec.cat\/canaldereporters\/wp-content\/uploads\/usu2921\/2023\/10\/seminari-5_CRP-Badalona-3.jpg\"><img loading=\"lazy\" decoding=\"async\" width=\"557\" height=\"340\" src=\"https:\/\/projectes.xtec.cat\/canaldereporters\/wp-content\/uploads\/usu2921\/2023\/10\/seminari-5_CRP-Badalona-3.jpg\" alt=\"\" class=\"wp-image-13095\" style=\"aspect-ratio:1.645320197044335;width:514px;height:auto\" srcset=\"https:\/\/projectes.xtec.cat\/canaldereporters\/wp-content\/uploads\/usu2921\/2023\/10\/seminari-5_CRP-Badalona-3.jpg 557w, https:\/\/projectes.xtec.cat\/canaldereporters\/wp-content\/uploads\/usu2921\/2023\/10\/seminari-5_CRP-Badalona-3-300x183.jpg 300w\" sizes=\"auto, (max-width: 557px) 100vw, 557px\" \/><\/a><\/figure>\n\n\n\n<p>El Marat\u00f3 de r\u00e0dio, del qual es far\u00e0 aquest curs la 14a edici\u00f3, \u00e9s una de les activitats que m\u00e9s ress\u00f2 t\u00e9 ja que implica la participaci\u00f3 en directe i activa de l&#8217;alumnat que s&#8217;encarrega de presentar els diferents programes que s&#8217;emeten. <\/p>\n\n\n\n<p>L\u2019acc\u00e9s a l\u2019enregistrament est\u00e0 disponible en l\u2019apartat&nbsp;<strong><a rel=\"noreferrer noopener\" href=\"https:\/\/projectes.xtec.cat\/canaldereporters\/seminaris-web\/\" target=\"_blank\">Seminaris<\/a>.<\/strong><\/p>\n<\/div>\n<\/div>\n<\/div><\/div><\/div><\/div><\/div>\n\n\n\n<p><\/p>\n","protected":false},"excerpt":{"rendered":"<p>El Canal de Reporters completa el seminari dedicat a la r\u00e0dio amb la participaci\u00f3 de la Marta Folguera i el Josep Biayna des del CRP Badalona.<br \/>\nEn aquesta ocasi\u00f3 hem picat a la porta de l&#8217;equip dels Serveis Educatius per demanar que ens expliquin la seva experi\u00e8ncia promovent el mitj\u00e0 radiof\u00f2nic amb activitats per a centres, professorat i alumnat.  <\/p>\n","protected":false},"author":1,"featured_media":13105,"comment_status":"closed","ping_status":"open","sticky":false,"template":"","format":"standard","meta":{"site-sidebar-layout":"default","site-content-layout":"plain-container","ast-site-content-layout":"","site-content-style":"default","site-sidebar-style":"default","ast-global-header-display":"","ast-banner-title-visibility":"","ast-main-header-display":"","ast-hfb-above-header-display":"","ast-hfb-below-header-display":"","ast-hfb-mobile-header-display":"","site-post-title":"disabled","ast-breadcrumbs-content":"","ast-featured-img":"","footer-sml-layout":"","theme-transparent-header-meta":"","adv-header-id-meta":"","stick-header-meta":"","header-above-stick-meta":"","header-main-stick-meta":"","header-below-stick-meta":"","astra-migrate-meta-layouts":"default","ast-page-background-enabled":"default","ast-page-background-meta":{"desktop":{"background-color":"","background-image":"","background-repeat":"repeat","background-position":"center center","background-size":"auto","background-attachment":"scroll","background-type":"","background-media":"","overlay-type":"","overlay-color":"","overlay-opacity":"","overlay-gradient":""},"tablet":{"background-color":"","background-image":"","background-repeat":"repeat","background-position":"center center","background-size":"auto","background-attachment":"scroll","background-type":"","background-media":"","overlay-type":"","overlay-color":"","overlay-opacity":"","overlay-gradient":""},"mobile":{"background-color":"","background-image":"","background-repeat":"repeat","background-position":"center center","background-size":"auto","background-attachment":"scroll","background-type":"","background-media":"","overlay-type":"","overlay-color":"","overlay-opacity":"","overlay-gradient":""}},"ast-content-background-meta":{"desktop":{"background-color":"var(--ast-global-color-5)","background-image":"","background-repeat":"repeat","background-position":"center center","background-size":"auto","background-attachment":"scroll","background-type":"","background-media":"","overlay-type":"","overlay-color":"","overlay-opacity":"","overlay-gradient":""},"tablet":{"background-color":"var(--ast-global-color-5)","background-image":"","background-repeat":"repeat","background-position":"center center","background-size":"auto","background-attachment":"scroll","background-type":"","background-media":"","overlay-type":"","overlay-color":"","overlay-opacity":"","overlay-gradient":""},"mobile":{"background-color":"var(--ast-global-color-5)","background-image":"","background-repeat":"repeat","background-position":"center center","background-size":"auto","background-attachment":"scroll","background-type":"","background-media":"","overlay-type":"","overlay-color":"","overlay-opacity":"","overlay-gradient":""}},"footnotes":""},"categories":[1,29],"tags":[],"class_list":["post-13086","post","type-post","status-publish","format-standard","has-post-thumbnail","hentry","category-general","category-portada"],"post_mailing_queue_ids":[],"_links":{"self":[{"href":"https:\/\/projectes.xtec.cat\/canaldereporters\/wp-json\/wp\/v2\/posts\/13086","targetHints":{"allow":["GET"]}}],"collection":[{"href":"https:\/\/projectes.xtec.cat\/canaldereporters\/wp-json\/wp\/v2\/posts"}],"about":[{"href":"https:\/\/projectes.xtec.cat\/canaldereporters\/wp-json\/wp\/v2\/types\/post"}],"author":[{"embeddable":true,"href":"https:\/\/projectes.xtec.cat\/canaldereporters\/wp-json\/wp\/v2\/users\/1"}],"replies":[{"embeddable":true,"href":"https:\/\/projectes.xtec.cat\/canaldereporters\/wp-json\/wp\/v2\/comments?post=13086"}],"version-history":[{"count":5,"href":"https:\/\/projectes.xtec.cat\/canaldereporters\/wp-json\/wp\/v2\/posts\/13086\/revisions"}],"predecessor-version":[{"id":13308,"href":"https:\/\/projectes.xtec.cat\/canaldereporters\/wp-json\/wp\/v2\/posts\/13086\/revisions\/13308"}],"wp:featuredmedia":[{"embeddable":true,"href":"https:\/\/projectes.xtec.cat\/canaldereporters\/wp-json\/wp\/v2\/media\/13105"}],"wp:attachment":[{"href":"https:\/\/projectes.xtec.cat\/canaldereporters\/wp-json\/wp\/v2\/media?parent=13086"}],"wp:term":[{"taxonomy":"category","embeddable":true,"href":"https:\/\/projectes.xtec.cat\/canaldereporters\/wp-json\/wp\/v2\/categories?post=13086"},{"taxonomy":"post_tag","embeddable":true,"href":"https:\/\/projectes.xtec.cat\/canaldereporters\/wp-json\/wp\/v2\/tags?post=13086"}],"curies":[{"name":"wp","href":"https:\/\/api.w.org\/{rel}","templated":true}]}}