{"id":13246,"date":"2023-12-11T13:42:04","date_gmt":"2023-12-11T12:42:04","guid":{"rendered":"https:\/\/projectes.xtec.cat\/canaldereporters\/?p=13246"},"modified":"2025-09-02T15:33:22","modified_gmt":"2025-09-02T13:33:22","slug":"13246-2","status":"publish","type":"post","link":"https:\/\/projectes.xtec.cat\/canaldereporters\/13246-2\/","title":{"rendered":"La tasca d&#8217;una periodista a les xarxes socials"},"content":{"rendered":"\n<div class=\"wp-block-getwid-section alignfull alignfull\"><div class=\"wp-block-getwid-section__wrapper\"><div class=\"wp-block-getwid-section__inner-wrapper\"><div class=\"wp-block-getwid-section__background-holder\"><div class=\"wp-block-getwid-section__background\"><\/div><div class=\"wp-block-getwid-section__foreground\"><\/div><\/div><div class=\"wp-block-getwid-section__content\"><div class=\"wp-block-getwid-section__inner-content\">\n<h2 class=\"wp-block-heading\">La tasca d&#8217;una periodista a les xarxes socials<\/h2>\n<\/div><\/div><\/div><\/div><\/div>\n\n\n\n<div class=\"wp-block-getwid-section alignfull alignfull\"><div class=\"wp-block-getwid-section__wrapper\"><div class=\"wp-block-getwid-section__inner-wrapper\"><div class=\"wp-block-getwid-section__background-holder\"><div class=\"wp-block-getwid-section__background\"><\/div><div class=\"wp-block-getwid-section__foreground\"><\/div><\/div><div class=\"wp-block-getwid-section__content\"><div class=\"wp-block-getwid-section__inner-content\">\n<div class=\"wp-block-columns is-layout-flex wp-container-core-columns-is-layout-1 wp-block-columns-is-layout-flex\">\n<div class=\"wp-block-column is-layout-flow wp-block-column-is-layout-flow\">\n<h2 class=\"wp-block-heading\">La Bet Molina ens explica les claus per elaborar continguts de qualitat<\/h2>\n\n\n\n<p>El Canal de Reporters ha tingut l&#8217;oportunitat de conversar amb la periodista Bet Molina que des de que va finalitzar els seus estudis universitaris s&#8217;ha especialitzat en la creaci\u00f3 de continguts per a xarxes socials.<\/p>\n\n\n\n<p>La Bet ens ofereix un seminari on ens explica com les xarxes poden ser una eina period\u00edstica molt potent per\u00f2 qu\u00e8 \u00e9s molt important saber usar-les i identificar el contingut de qualitat.<\/p>\n\n\n\n<p>Escoltant-la aprendrem quins son els dispositius necessaris per enregistrar i editar els v\u00eddeos, i quins s\u00f3n els elements imprescindibles per aconseguir produccions de gran valor informatiu. <\/p>\n\n\n\n<p>Veurem tamb\u00e9 com molts dels aspectes que es tenen en compte per redactar not\u00edcies i reportatges en els mitjans tradicionals tamb\u00e9 apliquen en aquest cas.<\/p>\n<\/div>\n\n\n\n<div class=\"wp-block-column is-layout-flow wp-block-column-is-layout-flow\">\n<div class=\"wp-block-image\"><figure class=\"alignleft size-large\"><a href=\"https:\/\/projectes.xtec.cat\/canaldereporters\/wp-content\/uploads\/usu2921\/2023\/12\/bet-molina.jpg\"><img loading=\"lazy\" decoding=\"async\" width=\"687\" height=\"340\" src=\"https:\/\/projectes.xtec.cat\/canaldereporters\/wp-content\/uploads\/usu2921\/2023\/12\/bet-molina.jpg\" alt=\"\" class=\"wp-image-13249\" srcset=\"https:\/\/projectes.xtec.cat\/canaldereporters\/wp-content\/uploads\/usu2921\/2023\/12\/bet-molina.jpg 687w, https:\/\/projectes.xtec.cat\/canaldereporters\/wp-content\/uploads\/usu2921\/2023\/12\/bet-molina-300x148.jpg 300w\" sizes=\"auto, (max-width: 687px) 100vw, 687px\" \/><\/a><\/figure><\/div>\n\n\n\n<p><\/p>\n\n\n\n<p>Trobareu com sempre les dues versions del seminari; en format pon\u00e8ncia pensat per al professorat i en format q\u00fcestionari per compartir-lo amb l&#8217;alumnat.<\/p>\n\n\n\n<p>L\u2019acc\u00e9s a l\u2019enregistrament est\u00e0 disponible en l\u2019apartat&nbsp;<strong><a rel=\"noreferrer noopener\" href=\"https:\/\/projectes.xtec.cat\/canaldereporters\/seminaris-web\/\" target=\"_blank\">Seminaris<\/a>.<\/strong><\/p>\n\n\n\n<p><\/p>\n<\/div>\n<\/div>\n<\/div><\/div><\/div><\/div><\/div>\n\n\n\n<p><\/p>\n","protected":false},"excerpt":{"rendered":"<p>El Canal de Reporters ha tingut l&#8217;oportunitat de conversar amb la periodista Bet Molina que des de que va finalitzar els seus estudis universitaris s&#8217;ha especialitzat en la creaci\u00f3 de continguts per a xarxes socials.<br \/>\nL\u2019acc\u00e9s a l\u2019enregistrament est\u00e0 disponible en l\u2019apartat Seminaris.<\/p>\n","protected":false},"author":1,"featured_media":13249,"comment_status":"closed","ping_status":"open","sticky":false,"template":"","format":"standard","meta":{"site-sidebar-layout":"default","site-content-layout":"plain-container","ast-site-content-layout":"","site-content-style":"default","site-sidebar-style":"default","ast-global-header-display":"","ast-banner-title-visibility":"","ast-main-header-display":"","ast-hfb-above-header-display":"","ast-hfb-below-header-display":"","ast-hfb-mobile-header-display":"","site-post-title":"disabled","ast-breadcrumbs-content":"","ast-featured-img":"","footer-sml-layout":"","theme-transparent-header-meta":"","adv-header-id-meta":"","stick-header-meta":"","header-above-stick-meta":"","header-main-stick-meta":"","header-below-stick-meta":"","astra-migrate-meta-layouts":"default","ast-page-background-enabled":"default","ast-page-background-meta":{"desktop":{"background-color":"","background-image":"","background-repeat":"repeat","background-position":"center center","background-size":"auto","background-attachment":"scroll","background-type":"","background-media":"","overlay-type":"","overlay-color":"","overlay-opacity":"","overlay-gradient":""},"tablet":{"background-color":"","background-image":"","background-repeat":"repeat","background-position":"center center","background-size":"auto","background-attachment":"scroll","background-type":"","background-media":"","overlay-type":"","overlay-color":"","overlay-opacity":"","overlay-gradient":""},"mobile":{"background-color":"","background-image":"","background-repeat":"repeat","background-position":"center center","background-size":"auto","background-attachment":"scroll","background-type":"","background-media":"","overlay-type":"","overlay-color":"","overlay-opacity":"","overlay-gradient":""}},"ast-content-background-meta":{"desktop":{"background-color":"var(--ast-global-color-5)","background-image":"","background-repeat":"repeat","background-position":"center center","background-size":"auto","background-attachment":"scroll","background-type":"","background-media":"","overlay-type":"","overlay-color":"","overlay-opacity":"","overlay-gradient":""},"tablet":{"background-color":"var(--ast-global-color-5)","background-image":"","background-repeat":"repeat","background-position":"center center","background-size":"auto","background-attachment":"scroll","background-type":"","background-media":"","overlay-type":"","overlay-color":"","overlay-opacity":"","overlay-gradient":""},"mobile":{"background-color":"var(--ast-global-color-5)","background-image":"","background-repeat":"repeat","background-position":"center center","background-size":"auto","background-attachment":"scroll","background-type":"","background-media":"","overlay-type":"","overlay-color":"","overlay-opacity":"","overlay-gradient":""}},"footnotes":""},"categories":[1],"tags":[],"class_list":["post-13246","post","type-post","status-publish","format-standard","has-post-thumbnail","hentry","category-general"],"post_mailing_queue_ids":[],"_links":{"self":[{"href":"https:\/\/projectes.xtec.cat\/canaldereporters\/wp-json\/wp\/v2\/posts\/13246","targetHints":{"allow":["GET"]}}],"collection":[{"href":"https:\/\/projectes.xtec.cat\/canaldereporters\/wp-json\/wp\/v2\/posts"}],"about":[{"href":"https:\/\/projectes.xtec.cat\/canaldereporters\/wp-json\/wp\/v2\/types\/post"}],"author":[{"embeddable":true,"href":"https:\/\/projectes.xtec.cat\/canaldereporters\/wp-json\/wp\/v2\/users\/1"}],"replies":[{"embeddable":true,"href":"https:\/\/projectes.xtec.cat\/canaldereporters\/wp-json\/wp\/v2\/comments?post=13246"}],"version-history":[{"count":6,"href":"https:\/\/projectes.xtec.cat\/canaldereporters\/wp-json\/wp\/v2\/posts\/13246\/revisions"}],"predecessor-version":[{"id":13253,"href":"https:\/\/projectes.xtec.cat\/canaldereporters\/wp-json\/wp\/v2\/posts\/13246\/revisions\/13253"}],"wp:featuredmedia":[{"embeddable":true,"href":"https:\/\/projectes.xtec.cat\/canaldereporters\/wp-json\/wp\/v2\/media\/13249"}],"wp:attachment":[{"href":"https:\/\/projectes.xtec.cat\/canaldereporters\/wp-json\/wp\/v2\/media?parent=13246"}],"wp:term":[{"taxonomy":"category","embeddable":true,"href":"https:\/\/projectes.xtec.cat\/canaldereporters\/wp-json\/wp\/v2\/categories?post=13246"},{"taxonomy":"post_tag","embeddable":true,"href":"https:\/\/projectes.xtec.cat\/canaldereporters\/wp-json\/wp\/v2\/tags?post=13246"}],"curies":[{"name":"wp","href":"https:\/\/api.w.org\/{rel}","templated":true}]}}