{"id":14534,"date":"2024-09-12T13:54:28","date_gmt":"2024-09-12T11:54:28","guid":{"rendered":"https:\/\/projectes.xtec.cat\/canaldereporters\/?p=14534"},"modified":"2026-02-18T08:41:25","modified_gmt":"2026-02-18T07:41:25","slug":"curs-primer-torn-24-25-cr","status":"publish","type":"post","link":"https:\/\/projectes.xtec.cat\/canaldereporters\/curs-primer-torn-24-25-cr\/","title":{"rendered":"Apunta&#8217;t al curs telem\u00e0tic del Canal de Reporters"},"content":{"rendered":"\n<div class=\"wp-block-getwid-section\"><div class=\"wp-block-getwid-section__wrapper\"><div class=\"wp-block-getwid-section__inner-wrapper\"><div class=\"wp-block-getwid-section__background-holder\"><div class=\"wp-block-getwid-section__background\"><\/div><div class=\"wp-block-getwid-section__foreground\"><\/div><\/div><div class=\"wp-block-getwid-section__content\"><div class=\"wp-block-getwid-section__inner-content\">\n<div class=\"wp-block-columns is-layout-flex wp-container-core-columns-is-layout-1 wp-block-columns-is-layout-flex\">\n<div class=\"wp-block-column is-layout-flow wp-block-column-is-layout-flow\">\n<h2 class=\"wp-block-heading\">Apunta&#8217;t al curs telem\u00e0tic del Canal de Reporters<\/h2>\n<\/div>\n<\/div>\n<\/div><\/div><\/div><\/div><\/div>\n\n\n\n<div class=\"wp-block-getwid-section\"><div class=\"wp-block-getwid-section__wrapper\"><div class=\"wp-block-getwid-section__inner-wrapper\"><div class=\"wp-block-getwid-section__background-holder\"><div class=\"wp-block-getwid-section__background\"><\/div><div class=\"wp-block-getwid-section__foreground\"><\/div><\/div><div class=\"wp-block-getwid-section__content\"><div class=\"wp-block-getwid-section__inner-content\">\n<div class=\"wp-block-columns is-layout-flex wp-container-core-columns-is-layout-2 wp-block-columns-is-layout-flex\">\n<div class=\"wp-block-column is-layout-flow wp-block-column-is-layout-flow\">\n<p><\/p>\n\n\n\n<p>El Canal de Reporters \u00e9s un projecte d\u2019Alfabetitzaci\u00f3 medi\u00e0tica i informacional que permet explicar i entendre el que passa al nostre voltant, cercant all\u00f2 que \u00e9s not\u00edcia i treballant col\u00b7laborativament.<\/p>\n\n\n\n<p>Per fer-ho promou el desenvolupament de les compet\u00e8ncies clau de l\u2019alumnat de prim\u00e0ria i secund\u00e0ria mitjan\u00e7ant la creaci\u00f3 i publicaci\u00f3 de les produccions escrites, sonores o audiovisuals elaborades des de les seves localitats fent visibles les diferents lleng\u00fces existents en els seus centres.<\/p>\n\n\n\n<p><a href=\"https:\/\/aplicacions.gestioeducativa.gencat.cat\/pls\/soloas\/pk_for_mod_ins.p_for_exhaustiu_activitat?p_header=Detall%20d%27activitat%5Epk_for_mod_ins.p_for_detall_activitat?p_codi=9001570529%26p_curs=2024-2025%26p_es_inscr=S&amp;p_codi=9001570529&amp;p_curs=2024-2025&amp;p_es_inscr=S\">El curs \u201cAplicaci\u00f3 d\u2019un projecte d\u2019educaci\u00f3 medi\u00e0tica: Canal de Reporters<\/a>\u201d ofereix consells b\u00e0sics per a publicar not\u00edcies i ofereix consells pr\u00e0ctics per elaborar not\u00edcies escrites, sonores o audiovisuals.<\/p>\n\n\n\n<p>\u270d\ufe0fInscripcions: del 6 al 22 de setembre.&nbsp;&nbsp;<\/p>\n<\/div>\n\n\n\n<div class=\"wp-block-column is-layout-flow wp-block-column-is-layout-flow\">\n<figure class=\"wp-block-image size-full\"><img decoding=\"async\" src=\"https:\/\/projectes.xtec.cat\/canaldereporters\/wp-content\/uploads\/usu2921\/2024\/09\/13_09_2024_curs_cr_primerTorn_24_25.png\" alt=\"\" class=\"wp-image-14536\"\/><\/figure>\n\n\n\n<p><\/p>\n\n\n\n<p>L\u2019activitat formativa ofereix la possibilitat de con\u00e8ixer les eines i recursos que ofereix el projecte per tal de fomentar que l\u2019alumnat aprengui a comunicar, avaluar la informaci\u00f3; i, a la vegada, aprengui les claus per crear i difondre la informaci\u00f3 de forma \u00f2ptima i segura, observant el m\u00f3n amb una mirada cr\u00edtica i contrastant la informaci\u00f3.<\/p>\n<\/div>\n<\/div>\n<\/div><\/div><\/div><\/div><\/div>\n\n\n\n<p><\/p>\n\n\n\n<p><\/p>\n\n\n\n<p><\/p>\n\n\n\n<p><\/p>\n\n\n\n<p><\/p>\n\n\n\n<p><\/p>\n","protected":false},"excerpt":{"rendered":"<p>El curs \u201cAplicaci\u00f3 d\u2019un projecte d\u2019educaci\u00f3 medi\u00e0tica: Canal de Reporters\u201d ofereix consells b\u00e0sics per a publicar not\u00edcies i ofereix consells pr\u00e0ctics per elaborar not\u00edcies escrites, sonores o audiovisuals. <\/p>\n<p>\u270d\ufe0fInscripcions: del 6 al 22 de setembre.  <\/p>\n","protected":false},"author":17,"featured_media":14565,"comment_status":"closed","ping_status":"open","sticky":false,"template":"","format":"standard","meta":{"site-sidebar-layout":"default","site-content-layout":"","ast-site-content-layout":"normal-width-container","site-content-style":"unboxed","site-sidebar-style":"default","ast-global-header-display":"","ast-banner-title-visibility":"","ast-main-header-display":"","ast-hfb-above-header-display":"","ast-hfb-below-header-display":"","ast-hfb-mobile-header-display":"","site-post-title":"disabled","ast-breadcrumbs-content":"","ast-featured-img":"","footer-sml-layout":"","theme-transparent-header-meta":"","adv-header-id-meta":"","stick-header-meta":"","header-above-stick-meta":"","header-main-stick-meta":"","header-below-stick-meta":"","astra-migrate-meta-layouts":"set","ast-page-background-enabled":"default","ast-page-background-meta":{"desktop":{"background-color":"","background-image":"","background-repeat":"repeat","background-position":"center center","background-size":"auto","background-attachment":"scroll","background-type":"","background-media":"","overlay-type":"","overlay-color":"","overlay-opacity":"","overlay-gradient":""},"tablet":{"background-color":"","background-image":"","background-repeat":"repeat","background-position":"center center","background-size":"auto","background-attachment":"scroll","background-type":"","background-media":"","overlay-type":"","overlay-color":"","overlay-opacity":"","overlay-gradient":""},"mobile":{"background-color":"","background-image":"","background-repeat":"repeat","background-position":"center center","background-size":"auto","background-attachment":"scroll","background-type":"","background-media":"","overlay-type":"","overlay-color":"","overlay-opacity":"","overlay-gradient":""}},"ast-content-background-meta":{"desktop":{"background-color":"var(--ast-global-color-5)","background-image":"","background-repeat":"repeat","background-position":"center center","background-size":"auto","background-attachment":"scroll","background-type":"","background-media":"","overlay-type":"","overlay-color":"","overlay-opacity":"","overlay-gradient":""},"tablet":{"background-color":"var(--ast-global-color-5)","background-image":"","background-repeat":"repeat","background-position":"center center","background-size":"auto","background-attachment":"scroll","background-type":"","background-media":"","overlay-type":"","overlay-color":"","overlay-opacity":"","overlay-gradient":""},"mobile":{"background-color":"var(--ast-global-color-5)","background-image":"","background-repeat":"repeat","background-position":"center center","background-size":"auto","background-attachment":"scroll","background-type":"","background-media":"","overlay-type":"","overlay-color":"","overlay-opacity":"","overlay-gradient":""}},"footnotes":""},"categories":[1],"tags":[],"class_list":["post-14534","post","type-post","status-publish","format-standard","has-post-thumbnail","hentry","category-general"],"post_mailing_queue_ids":[],"_links":{"self":[{"href":"https:\/\/projectes.xtec.cat\/canaldereporters\/wp-json\/wp\/v2\/posts\/14534","targetHints":{"allow":["GET"]}}],"collection":[{"href":"https:\/\/projectes.xtec.cat\/canaldereporters\/wp-json\/wp\/v2\/posts"}],"about":[{"href":"https:\/\/projectes.xtec.cat\/canaldereporters\/wp-json\/wp\/v2\/types\/post"}],"author":[{"embeddable":true,"href":"https:\/\/projectes.xtec.cat\/canaldereporters\/wp-json\/wp\/v2\/users\/17"}],"replies":[{"embeddable":true,"href":"https:\/\/projectes.xtec.cat\/canaldereporters\/wp-json\/wp\/v2\/comments?post=14534"}],"version-history":[{"count":6,"href":"https:\/\/projectes.xtec.cat\/canaldereporters\/wp-json\/wp\/v2\/posts\/14534\/revisions"}],"predecessor-version":[{"id":14567,"href":"https:\/\/projectes.xtec.cat\/canaldereporters\/wp-json\/wp\/v2\/posts\/14534\/revisions\/14567"}],"wp:featuredmedia":[{"embeddable":true,"href":"https:\/\/projectes.xtec.cat\/canaldereporters\/wp-json\/wp\/v2\/media\/14565"}],"wp:attachment":[{"href":"https:\/\/projectes.xtec.cat\/canaldereporters\/wp-json\/wp\/v2\/media?parent=14534"}],"wp:term":[{"taxonomy":"category","embeddable":true,"href":"https:\/\/projectes.xtec.cat\/canaldereporters\/wp-json\/wp\/v2\/categories?post=14534"},{"taxonomy":"post_tag","embeddable":true,"href":"https:\/\/projectes.xtec.cat\/canaldereporters\/wp-json\/wp\/v2\/tags?post=14534"}],"curies":[{"name":"wp","href":"https:\/\/api.w.org\/{rel}","templated":true}]}}