{"id":14632,"date":"2024-10-02T11:47:32","date_gmt":"2024-10-02T09:47:32","guid":{"rendered":"https:\/\/projectes.xtec.cat\/canaldereporters\/?p=14632"},"modified":"2026-02-18T08:41:06","modified_gmt":"2026-02-18T07:41:06","slug":"termes-del-podcast","status":"publish","type":"post","link":"https:\/\/projectes.xtec.cat\/canaldereporters\/termes-del-podcast\/","title":{"rendered":"Termes del P\u00f2dcast"},"content":{"rendered":"\n<div class=\"wp-block-getwid-section\"><div class=\"wp-block-getwid-section__wrapper\"><div class=\"wp-block-getwid-section__inner-wrapper\"><div class=\"wp-block-getwid-section__background-holder\"><div class=\"wp-block-getwid-section__background\"><\/div><div class=\"wp-block-getwid-section__foreground\"><\/div><\/div><div class=\"wp-block-getwid-section__content\"><div class=\"wp-block-getwid-section__inner-content\">\n<p>El <a href=\"https:\/\/www.termcat.cat\/ca\" target=\"_blank\" rel=\"noreferrer noopener\">TERMCAT<\/a> i <a href=\"https:\/\/www.espaisonor.cat\/\">l&#8217;Espai Sonor Catal\u00e0<\/a> presenten una infografia interactiva amb termes relacionats amb el p\u00f2dcast amb motiu del Dia Internacional del P\u00f2dcast. Aquesta infografia recull una vintena de termes b\u00e0sics relacionats amb el p\u00f2dcast. Cada terme dona acc\u00e9s a la fitxa completa del terme, amb la definici\u00f3 i equivalents en altres lleng\u00fces.<\/p>\n\n\n<div style=\"width: 100%;\">\n<div style=\"position: relative; padding-bottom: 100%; padding-top: 0; height: 0;\"><iframe loading=\"lazy\" style=\"position: absolute; top: 0; left: 0; width: 100%; height: 100%;\" title=\"Termes del p\u00f2dcast\" src=\"https:\/\/view.genially.com\/66a08e09c5eff97dbb88f738\" width=\"1080px\" height=\"1080px\" frameborder=\"0\" scrolling=\"yes\" allowfullscreen=\"allowfullscreen\"><\/iframe><\/div>\n<\/div>\n\n\n\n<p>TERMCAT, CENTRE DE TERMINOLOGIA.\u00a0<em>Termes del p\u00f2dcast<\/em>\u00a0[en l\u00ednia]. Barcelona: TERMCAT, Centre de Terminologia, 2024. 1 infografia.<br>&lt;<a href=\"https:\/\/www.termcat.cat\/ca\/recursos\/productes-multimedia\/termes-del-podcast\">https:\/\/www.termcat.cat\/ca\/recursos\/productes-multimedia\/termes-del-podcast<\/a>><\/p>\n<\/div><\/div><\/div><\/div><\/div>\n\n\n\n<p><\/p>\n","protected":false},"excerpt":{"rendered":"<p>El TERMCAT i Espai Sonor Catal\u00e0 presenten una infografia interactiva amb termes relacionats amb el p\u00f2dcast amb motiu del Dia Internacional del P\u00f2dcast.<\/p>\n","protected":false},"author":17,"featured_media":14635,"comment_status":"closed","ping_status":"open","sticky":false,"template":"","format":"standard","meta":{"site-sidebar-layout":"default","site-content-layout":"","ast-site-content-layout":"normal-width-container","site-content-style":"unboxed","site-sidebar-style":"default","ast-global-header-display":"","ast-banner-title-visibility":"","ast-main-header-display":"","ast-hfb-above-header-display":"","ast-hfb-below-header-display":"","ast-hfb-mobile-header-display":"","site-post-title":"","ast-breadcrumbs-content":"","ast-featured-img":"","footer-sml-layout":"","theme-transparent-header-meta":"","adv-header-id-meta":"","stick-header-meta":"","header-above-stick-meta":"","header-main-stick-meta":"","header-below-stick-meta":"","astra-migrate-meta-layouts":"set","ast-page-background-enabled":"default","ast-page-background-meta":{"desktop":{"background-color":"","background-image":"","background-repeat":"repeat","background-position":"center center","background-size":"auto","background-attachment":"scroll","background-type":"","background-media":"","overlay-type":"","overlay-color":"","overlay-opacity":"","overlay-gradient":""},"tablet":{"background-color":"","background-image":"","background-repeat":"repeat","background-position":"center center","background-size":"auto","background-attachment":"scroll","background-type":"","background-media":"","overlay-type":"","overlay-color":"","overlay-opacity":"","overlay-gradient":""},"mobile":{"background-color":"","background-image":"","background-repeat":"repeat","background-position":"center center","background-size":"auto","background-attachment":"scroll","background-type":"","background-media":"","overlay-type":"","overlay-color":"","overlay-opacity":"","overlay-gradient":""}},"ast-content-background-meta":{"desktop":{"background-color":"var(--ast-global-color-5)","background-image":"","background-repeat":"repeat","background-position":"center center","background-size":"auto","background-attachment":"scroll","background-type":"","background-media":"","overlay-type":"","overlay-color":"","overlay-opacity":"","overlay-gradient":""},"tablet":{"background-color":"var(--ast-global-color-5)","background-image":"","background-repeat":"repeat","background-position":"center center","background-size":"auto","background-attachment":"scroll","background-type":"","background-media":"","overlay-type":"","overlay-color":"","overlay-opacity":"","overlay-gradient":""},"mobile":{"background-color":"var(--ast-global-color-5)","background-image":"","background-repeat":"repeat","background-position":"center center","background-size":"auto","background-attachment":"scroll","background-type":"","background-media":"","overlay-type":"","overlay-color":"","overlay-opacity":"","overlay-gradient":""}},"footnotes":""},"categories":[1,29],"tags":[],"class_list":["post-14632","post","type-post","status-publish","format-standard","has-post-thumbnail","hentry","category-general","category-portada"],"post_mailing_queue_ids":[],"_links":{"self":[{"href":"https:\/\/projectes.xtec.cat\/canaldereporters\/wp-json\/wp\/v2\/posts\/14632","targetHints":{"allow":["GET"]}}],"collection":[{"href":"https:\/\/projectes.xtec.cat\/canaldereporters\/wp-json\/wp\/v2\/posts"}],"about":[{"href":"https:\/\/projectes.xtec.cat\/canaldereporters\/wp-json\/wp\/v2\/types\/post"}],"author":[{"embeddable":true,"href":"https:\/\/projectes.xtec.cat\/canaldereporters\/wp-json\/wp\/v2\/users\/17"}],"replies":[{"embeddable":true,"href":"https:\/\/projectes.xtec.cat\/canaldereporters\/wp-json\/wp\/v2\/comments?post=14632"}],"version-history":[{"count":4,"href":"https:\/\/projectes.xtec.cat\/canaldereporters\/wp-json\/wp\/v2\/posts\/14632\/revisions"}],"predecessor-version":[{"id":14638,"href":"https:\/\/projectes.xtec.cat\/canaldereporters\/wp-json\/wp\/v2\/posts\/14632\/revisions\/14638"}],"wp:featuredmedia":[{"embeddable":true,"href":"https:\/\/projectes.xtec.cat\/canaldereporters\/wp-json\/wp\/v2\/media\/14635"}],"wp:attachment":[{"href":"https:\/\/projectes.xtec.cat\/canaldereporters\/wp-json\/wp\/v2\/media?parent=14632"}],"wp:term":[{"taxonomy":"category","embeddable":true,"href":"https:\/\/projectes.xtec.cat\/canaldereporters\/wp-json\/wp\/v2\/categories?post=14632"},{"taxonomy":"post_tag","embeddable":true,"href":"https:\/\/projectes.xtec.cat\/canaldereporters\/wp-json\/wp\/v2\/tags?post=14632"}],"curies":[{"name":"wp","href":"https:\/\/api.w.org\/{rel}","templated":true}]}}