{"id":14782,"date":"2024-10-24T12:29:40","date_gmt":"2024-10-24T10:29:40","guid":{"rendered":"https:\/\/projectes.xtec.cat\/canaldereporters\/?p=14782"},"modified":"2026-02-18T08:40:38","modified_gmt":"2026-02-18T07:40:38","slug":"comenca-la-setmana-de-leducacio-mediatica-i-informacional","status":"publish","type":"post","link":"https:\/\/projectes.xtec.cat\/canaldereporters\/comenca-la-setmana-de-leducacio-mediatica-i-informacional\/","title":{"rendered":"Comen\u00e7a la setmana de l&#8217;educaci\u00f3 medi\u00e0tica i informacional"},"content":{"rendered":"\n<div style=\"height:20px\" aria-hidden=\"true\" class=\"wp-block-spacer\"><\/div>\n\n\n\n<div class=\"inherit-container-width wp-block-group alignwide is-layout-constrained wp-block-group-is-layout-constrained\">\n<div class=\"wp-block-columns is-layout-flex wp-container-core-columns-is-layout-2 wp-block-columns-is-layout-flex\">\n<div class=\"wp-block-column is-layout-flow wp-block-column-is-layout-flow\">\n<h3 class=\"wp-block-heading\"><strong><strong>Comen\u00e7a la setmana de l&#8217;educaci\u00f3 medi\u00e0tica i informacional<\/strong><\/strong><\/h3>\n\n\n\n<div class=\"wp-block-columns is-layout-flex wp-container-core-columns-is-layout-1 wp-block-columns-is-layout-flex\">\n<div class=\"wp-block-column is-layout-flow wp-block-column-is-layout-flow\">\n<p>Commemorada anualment des de 2011, la Setmana Mundial de l\u2019Alfabetitzaci\u00f3 Medi\u00e0tica i Informacional reuneix parts interessades de tot el m\u00f3n per a compartir idees i explorar formes innovadores de promoure l\u2019Alfabetitzaci\u00f3 Medi\u00e0tica i Informacional.<\/p>\n\n\n\n<p>El tema d\u2019enguany \u00e9s \u201c<strong>Les noves fronteres digitals de la informaci\u00f3: Alfabetitzaci\u00f3 medi\u00e0tica i informacional per a la informaci\u00f3 d\u2019inter\u00e8s p\u00fablic<\/strong>\u201c. Abordar\u00e0 l\u2019impacte transformador de tecnologies emergents com la Intel\u00b7lig\u00e8ncia Artificial Generativa i la nova generaci\u00f3 de creadors de continguts digitals en la producci\u00f3 i difusi\u00f3 d\u2019informaci\u00f3 d\u2019inter\u00e8s p\u00fablic, destacant tant les oportunitats com els riscos.<\/p>\n\n\n\n<p>La Setmana AMI 2024 subratllar\u00e0 la import\u00e0ncia de seguir el ritme de la r\u00e0pida evoluci\u00f3 del panorama digital i de dotar als usuaris de les habilitats necess\u00e0ries per a identificar, avaluar i comprometre\u2019s amb la informaci\u00f3 d\u2019inter\u00e8s p\u00fablic en l\u00ednia.<\/p>\n<\/div>\n\n\n\n<div class=\"wp-block-column is-layout-flow wp-block-column-is-layout-flow\">\n<figure class=\"wp-block-image size-full\"><a href=\"https:\/\/projectes.xtec.cat\/canaldereporters\/wp-content\/uploads\/usu2921\/2024\/10\/Destaquem_setmana_AMI.png\"><img loading=\"lazy\" decoding=\"async\" width=\"1024\" height=\"576\" src=\"https:\/\/projectes.xtec.cat\/canaldereporters\/wp-content\/uploads\/usu2921\/2024\/10\/Destaquem_setmana_AMI.png\" alt=\"\" class=\"wp-image-14785\" srcset=\"https:\/\/projectes.xtec.cat\/canaldereporters\/wp-content\/uploads\/usu2921\/2024\/10\/Destaquem_setmana_AMI.png 1024w, https:\/\/projectes.xtec.cat\/canaldereporters\/wp-content\/uploads\/usu2921\/2024\/10\/Destaquem_setmana_AMI-300x169.png 300w, https:\/\/projectes.xtec.cat\/canaldereporters\/wp-content\/uploads\/usu2921\/2024\/10\/Destaquem_setmana_AMI-768x432.png 768w\" sizes=\"auto, (max-width: 1024px) 100vw, 1024px\" \/><\/a><\/figure>\n\n\n\n<p>Si voleu m\u00e9s informaci\u00f3 sobre la Setmana, <a href=\"https:\/\/www.unesco.org\/es\/media-information-literacy-week\"><strong>la trobareu al seu web<\/strong><\/a> i a les xarxes amb les etiquetes <strong>#SetmanaMundialAMI2024, #GlobalMILWeek.&nbsp;<\/strong>eixem un <a href=\"https:\/\/www.youtube.com\/watch?v=KHOSF00JMcg\" target=\"_blank\" rel=\"noreferrer noopener\">enlla\u00e7<\/a> on poder visualitzar la pon\u00e8ncia.<\/p>\n<\/div>\n<\/div>\n\n\n\n<p><\/p>\n<\/div>\n<\/div>\n<\/div>\n","protected":false},"excerpt":{"rendered":"<p>Del 24 al 31 d\u2019octubre la UNESCO celebra la Setmana Mundial de l\u2019Alfabetitzaci\u00f3 Medi\u00e0tica i Informacional.<\/p>\n","protected":false},"author":17,"featured_media":14785,"comment_status":"closed","ping_status":"open","sticky":false,"template":"","format":"standard","meta":{"site-sidebar-layout":"default","site-content-layout":"","ast-site-content-layout":"normal-width-container","site-content-style":"unboxed","site-sidebar-style":"default","ast-global-header-display":"","ast-banner-title-visibility":"","ast-main-header-display":"","ast-hfb-above-header-display":"","ast-hfb-below-header-display":"","ast-hfb-mobile-header-display":"","site-post-title":"disabled","ast-breadcrumbs-content":"","ast-featured-img":"","footer-sml-layout":"","theme-transparent-header-meta":"","adv-header-id-meta":"","stick-header-meta":"","header-above-stick-meta":"","header-main-stick-meta":"","header-below-stick-meta":"","astra-migrate-meta-layouts":"set","ast-page-background-enabled":"default","ast-page-background-meta":{"desktop":{"background-color":"","background-image":"","background-repeat":"repeat","background-position":"center center","background-size":"auto","background-attachment":"scroll","background-type":"","background-media":"","overlay-type":"","overlay-color":"","overlay-opacity":"","overlay-gradient":""},"tablet":{"background-color":"","background-image":"","background-repeat":"repeat","background-position":"center center","background-size":"auto","background-attachment":"scroll","background-type":"","background-media":"","overlay-type":"","overlay-color":"","overlay-opacity":"","overlay-gradient":""},"mobile":{"background-color":"","background-image":"","background-repeat":"repeat","background-position":"center center","background-size":"auto","background-attachment":"scroll","background-type":"","background-media":"","overlay-type":"","overlay-color":"","overlay-opacity":"","overlay-gradient":""}},"ast-content-background-meta":{"desktop":{"background-color":"var(--ast-global-color-5)","background-image":"","background-repeat":"repeat","background-position":"center center","background-size":"auto","background-attachment":"scroll","background-type":"","background-media":"","overlay-type":"","overlay-color":"","overlay-opacity":"","overlay-gradient":""},"tablet":{"background-color":"var(--ast-global-color-5)","background-image":"","background-repeat":"repeat","background-position":"center center","background-size":"auto","background-attachment":"scroll","background-type":"","background-media":"","overlay-type":"","overlay-color":"","overlay-opacity":"","overlay-gradient":""},"mobile":{"background-color":"var(--ast-global-color-5)","background-image":"","background-repeat":"repeat","background-position":"center center","background-size":"auto","background-attachment":"scroll","background-type":"","background-media":"","overlay-type":"","overlay-color":"","overlay-opacity":"","overlay-gradient":""}},"footnotes":""},"categories":[1],"tags":[],"class_list":["post-14782","post","type-post","status-publish","format-standard","has-post-thumbnail","hentry","category-general"],"post_mailing_queue_ids":[],"_links":{"self":[{"href":"https:\/\/projectes.xtec.cat\/canaldereporters\/wp-json\/wp\/v2\/posts\/14782","targetHints":{"allow":["GET"]}}],"collection":[{"href":"https:\/\/projectes.xtec.cat\/canaldereporters\/wp-json\/wp\/v2\/posts"}],"about":[{"href":"https:\/\/projectes.xtec.cat\/canaldereporters\/wp-json\/wp\/v2\/types\/post"}],"author":[{"embeddable":true,"href":"https:\/\/projectes.xtec.cat\/canaldereporters\/wp-json\/wp\/v2\/users\/17"}],"replies":[{"embeddable":true,"href":"https:\/\/projectes.xtec.cat\/canaldereporters\/wp-json\/wp\/v2\/comments?post=14782"}],"version-history":[{"count":6,"href":"https:\/\/projectes.xtec.cat\/canaldereporters\/wp-json\/wp\/v2\/posts\/14782\/revisions"}],"predecessor-version":[{"id":14852,"href":"https:\/\/projectes.xtec.cat\/canaldereporters\/wp-json\/wp\/v2\/posts\/14782\/revisions\/14852"}],"wp:featuredmedia":[{"embeddable":true,"href":"https:\/\/projectes.xtec.cat\/canaldereporters\/wp-json\/wp\/v2\/media\/14785"}],"wp:attachment":[{"href":"https:\/\/projectes.xtec.cat\/canaldereporters\/wp-json\/wp\/v2\/media?parent=14782"}],"wp:term":[{"taxonomy":"category","embeddable":true,"href":"https:\/\/projectes.xtec.cat\/canaldereporters\/wp-json\/wp\/v2\/categories?post=14782"},{"taxonomy":"post_tag","embeddable":true,"href":"https:\/\/projectes.xtec.cat\/canaldereporters\/wp-json\/wp\/v2\/tags?post=14782"}],"curies":[{"name":"wp","href":"https:\/\/api.w.org\/{rel}","templated":true}]}}