{"id":14803,"date":"2024-10-24T14:38:06","date_gmt":"2024-10-24T12:38:06","guid":{"rendered":"https:\/\/projectes.xtec.cat\/canaldereporters\/?p=14803"},"modified":"2026-02-18T08:40:28","modified_gmt":"2026-02-18T07:40:28","slug":"dia-internacional-de-les-biblioteques","status":"publish","type":"post","link":"https:\/\/projectes.xtec.cat\/canaldereporters\/dia-internacional-de-les-biblioteques\/","title":{"rendered":"Dia Internacional de les Biblioteques"},"content":{"rendered":"\n<div style=\"height:20px\" aria-hidden=\"true\" class=\"wp-block-spacer\"><\/div>\n\n\n\n<div class=\"inherit-container-width wp-block-group alignwide is-layout-constrained wp-block-group-is-layout-constrained\">\n<div class=\"wp-block-columns is-layout-flex wp-container-core-columns-is-layout-2 wp-block-columns-is-layout-flex\">\n<div class=\"wp-block-column is-layout-flow wp-block-column-is-layout-flow\">\n<h2 class=\"wp-block-heading\"><strong>Dia Internacional de les Biblioteques<\/strong><\/h2>\n\n\n\n<div class=\"wp-block-columns is-layout-flex wp-container-core-columns-is-layout-1 wp-block-columns-is-layout-flex\">\n<div class=\"wp-block-column is-layout-flow wp-block-column-is-layout-flow\">\n<p>Avui, 24 d\u2019octubre, \u00e9s el <strong>Dia Internacional de les Biblioteques<\/strong>. Les Biblioteques p\u00fabliques s\u00f3n una for\u00e7a viva de la societat. Exerceixen una funci\u00f3 important en el desenvolupament i manteniment d\u2019una societat democr\u00e0tica perqu\u00e8 faciliten l\u2019acc\u00e9s a un ampli i variat ventall de coneixements, idees i opinions.<\/p>\n\n\n\n<p>A m\u00e9s d&#8217;oferir acc\u00e9s lliure a la informaci\u00f3, al coneixement i a les obres d\u2019imaginaci\u00f3 mitjan\u00e7ant una s\u00e8rie de recursos i serveis als quals tenen dret tots els ciutadans, les biblioteques p\u00fabliques treballen, entre altres <a href=\"https:\/\/biblioteques.gencat.cat\/ca\/biblioteques\/estructura_organitzacio\/serveis_suport_bp\/regionals\/tarragona\/biblioteques\/missio_biblioteques\/index.html\">missions<\/a>, per impulsar <strong>activitats d\u2019alfabetitzaci\u00f3<\/strong> i programes per a desenvolupar <strong>compet\u00e8ncies medi\u00e0tiques<\/strong>, <strong>informacionals i digitals<\/strong>, per a persones de totes les edats, per tal de bastir una societat informada i democr\u00e0tica.<\/p>\n\n\n\n<p>Des de l&#8217;any 1997 es commemora aquesta data en record de la destrucci\u00f3 de la Biblioteca de Sarajevo durant el conflicte dels Balcans. L&#8217;efem\u00e8ride recorda la necessitat d&#8217;impulsar les biblioteques com a resguard de la cultura dels pobles, dels seus escrits i creences, de fer visible el seu paper a la societat actual com a lloc de trobada amb la cultura i el coneixement i com a instrument de millora de la societat.<\/p>\n<\/div>\n\n\n\n<div class=\"wp-block-column is-layout-flow wp-block-column-is-layout-flow\">\n<p>Enguany se celebra amb el lema &#8220;<strong>Per un futur sostenible<\/strong>&#8220;. Per aquest motiu, les biblioteques p\u00fabliques per mitj\u00e0 d\u2019una s\u00e8rie d\u2019objectius clau relacionats amb la informaci\u00f3, l\u2019alfabetitzaci\u00f3, l\u2019educaci\u00f3, la inclusivitat i la participaci\u00f3 c\u00edvica, contribueixen a assolir els Objectius de Desenvolupament Sostenible i a la construcci\u00f3 de societats m\u00e9s equitatives, humanes i sostenibles.<\/p>\n\n\n\n<figure class=\"wp-block-image size-full\"><img loading=\"lazy\" decoding=\"async\" width=\"1024\" height=\"576\" src=\"https:\/\/projectes.xtec.cat\/canaldereporters\/wp-content\/uploads\/usu2921\/2024\/10\/Destaquem_dia_internacional_biblioteques.png\" alt=\"\" class=\"wp-image-14804\" srcset=\"https:\/\/projectes.xtec.cat\/canaldereporters\/wp-content\/uploads\/usu2921\/2024\/10\/Destaquem_dia_internacional_biblioteques.png 1024w, https:\/\/projectes.xtec.cat\/canaldereporters\/wp-content\/uploads\/usu2921\/2024\/10\/Destaquem_dia_internacional_biblioteques-300x169.png 300w, https:\/\/projectes.xtec.cat\/canaldereporters\/wp-content\/uploads\/usu2921\/2024\/10\/Destaquem_dia_internacional_biblioteques-768x432.png 768w\" sizes=\"auto, (max-width: 1024px) 100vw, 1024px\" \/><\/figure>\n\n\n\n<p><\/p>\n\n\n\n<p><a href=\"https:\/\/x.com\/hashtag\/DiaDeLesBiblioteques?src=hashtag_click\">#DiaDeLesBiblioteques<\/a> <a href=\"https:\/\/projectes.xtec.cat\/bescat\/\">#Bescat<\/a><\/p>\n<\/div>\n<\/div>\n<\/div>\n<\/div>\n<\/div>\n","protected":false},"excerpt":{"rendered":"<p>Avui, 24 d\u2019octubre, \u00e9s el Dia Internacional de les Biblioteques. Enguany se celebra amb el lema &#8220;Per un futur sostenible&#8221;. <\/p>\n","protected":false},"author":17,"featured_media":14804,"comment_status":"closed","ping_status":"open","sticky":false,"template":"","format":"standard","meta":{"site-sidebar-layout":"default","site-content-layout":"","ast-site-content-layout":"normal-width-container","site-content-style":"unboxed","site-sidebar-style":"default","ast-global-header-display":"","ast-banner-title-visibility":"","ast-main-header-display":"","ast-hfb-above-header-display":"","ast-hfb-below-header-display":"","ast-hfb-mobile-header-display":"","site-post-title":"","ast-breadcrumbs-content":"","ast-featured-img":"","footer-sml-layout":"","theme-transparent-header-meta":"","adv-header-id-meta":"","stick-header-meta":"","header-above-stick-meta":"","header-main-stick-meta":"","header-below-stick-meta":"","astra-migrate-meta-layouts":"set","ast-page-background-enabled":"default","ast-page-background-meta":{"desktop":{"background-color":"","background-image":"","background-repeat":"repeat","background-position":"center center","background-size":"auto","background-attachment":"scroll","background-type":"","background-media":"","overlay-type":"","overlay-color":"","overlay-opacity":"","overlay-gradient":""},"tablet":{"background-color":"","background-image":"","background-repeat":"repeat","background-position":"center center","background-size":"auto","background-attachment":"scroll","background-type":"","background-media":"","overlay-type":"","overlay-color":"","overlay-opacity":"","overlay-gradient":""},"mobile":{"background-color":"","background-image":"","background-repeat":"repeat","background-position":"center center","background-size":"auto","background-attachment":"scroll","background-type":"","background-media":"","overlay-type":"","overlay-color":"","overlay-opacity":"","overlay-gradient":""}},"ast-content-background-meta":{"desktop":{"background-color":"var(--ast-global-color-5)","background-image":"","background-repeat":"repeat","background-position":"center center","background-size":"auto","background-attachment":"scroll","background-type":"","background-media":"","overlay-type":"","overlay-color":"","overlay-opacity":"","overlay-gradient":""},"tablet":{"background-color":"var(--ast-global-color-5)","background-image":"","background-repeat":"repeat","background-position":"center center","background-size":"auto","background-attachment":"scroll","background-type":"","background-media":"","overlay-type":"","overlay-color":"","overlay-opacity":"","overlay-gradient":""},"mobile":{"background-color":"var(--ast-global-color-5)","background-image":"","background-repeat":"repeat","background-position":"center center","background-size":"auto","background-attachment":"scroll","background-type":"","background-media":"","overlay-type":"","overlay-color":"","overlay-opacity":"","overlay-gradient":""}},"footnotes":""},"categories":[1],"tags":[],"class_list":["post-14803","post","type-post","status-publish","format-standard","has-post-thumbnail","hentry","category-general"],"post_mailing_queue_ids":[],"_links":{"self":[{"href":"https:\/\/projectes.xtec.cat\/canaldereporters\/wp-json\/wp\/v2\/posts\/14803","targetHints":{"allow":["GET"]}}],"collection":[{"href":"https:\/\/projectes.xtec.cat\/canaldereporters\/wp-json\/wp\/v2\/posts"}],"about":[{"href":"https:\/\/projectes.xtec.cat\/canaldereporters\/wp-json\/wp\/v2\/types\/post"}],"author":[{"embeddable":true,"href":"https:\/\/projectes.xtec.cat\/canaldereporters\/wp-json\/wp\/v2\/users\/17"}],"replies":[{"embeddable":true,"href":"https:\/\/projectes.xtec.cat\/canaldereporters\/wp-json\/wp\/v2\/comments?post=14803"}],"version-history":[{"count":3,"href":"https:\/\/projectes.xtec.cat\/canaldereporters\/wp-json\/wp\/v2\/posts\/14803\/revisions"}],"predecessor-version":[{"id":14807,"href":"https:\/\/projectes.xtec.cat\/canaldereporters\/wp-json\/wp\/v2\/posts\/14803\/revisions\/14807"}],"wp:featuredmedia":[{"embeddable":true,"href":"https:\/\/projectes.xtec.cat\/canaldereporters\/wp-json\/wp\/v2\/media\/14804"}],"wp:attachment":[{"href":"https:\/\/projectes.xtec.cat\/canaldereporters\/wp-json\/wp\/v2\/media?parent=14803"}],"wp:term":[{"taxonomy":"category","embeddable":true,"href":"https:\/\/projectes.xtec.cat\/canaldereporters\/wp-json\/wp\/v2\/categories?post=14803"},{"taxonomy":"post_tag","embeddable":true,"href":"https:\/\/projectes.xtec.cat\/canaldereporters\/wp-json\/wp\/v2\/tags?post=14803"}],"curies":[{"name":"wp","href":"https:\/\/api.w.org\/{rel}","templated":true}]}}