{"id":14840,"date":"2024-10-29T13:24:38","date_gmt":"2024-10-29T12:24:38","guid":{"rendered":"https:\/\/projectes.xtec.cat\/canaldereporters\/?p=14840"},"modified":"2026-02-18T08:40:13","modified_gmt":"2026-02-18T07:40:13","slug":"tret-de-sortida-a-la-setmana-de-lami","status":"publish","type":"post","link":"https:\/\/projectes.xtec.cat\/canaldereporters\/tret-de-sortida-a-la-setmana-de-lami\/","title":{"rendered":"Tret de sortida a la setmana de l\u2019AMI\u00a0"},"content":{"rendered":"\n<div style=\"height:20px\" aria-hidden=\"true\" class=\"wp-block-spacer\"><\/div>\n\n\n\n<div class=\"inherit-container-width wp-block-group alignwide is-layout-constrained wp-block-group-is-layout-constrained\">\n<div class=\"wp-block-columns is-layout-flex wp-container-core-columns-is-layout-2 wp-block-columns-is-layout-flex\">\n<div class=\"wp-block-column is-layout-flow wp-block-column-is-layout-flow\">\n<h3 class=\"wp-block-heading\"><strong><strong>Tret de sortida a la setmana de l\u2019AMI&nbsp;<\/strong><\/strong><\/h3>\n\n\n\n<div class=\"wp-block-columns is-layout-flex wp-container-core-columns-is-layout-1 wp-block-columns-is-layout-flex\">\n<div class=\"wp-block-column is-layout-flow wp-block-column-is-layout-flow\">\n<p>Com sabeu, del 24 al 31 d\u2019octubre se celebra la <a href=\"https:\/\/www.unesco.org\/es\/articles\/celebracion-de-la-semana-mundial-de-la-alfabetizacion-mediatica-e-informacional-2024\" target=\"_blank\" rel=\"noreferrer noopener\">Setmana Mundial de l\u2019Alfabetitzaci\u00f3 Medi\u00e0tica i Informacional<\/a>, promoguda anualment per la UNESCO amb l\u2019objectiu d\u2019augmentar la sensibilitzaci\u00f3 per promoure les connexions de l\u2019Alfabetitzaci\u00f3 Medi\u00e0tica i Informacional a trav\u00e9s de l\u2019educaci\u00f3, la cultura i la ci\u00e8ncia.&nbsp;<\/p>\n\n\n\n<p>El Canal de Reporters i el <a href=\"https:\/\/projectes.xtec.cat\/bescat\/\" target=\"_blank\" rel=\"noreferrer noopener\">Programa de biblioteques escolars<\/a> de Catalunya han unit forces per donar suport a aquesta iniciativa amb diferents accions per a centres d\u2019educaci\u00f3 prim\u00e0ria i secund\u00e0ria, entre elles, la realitzaci\u00f3 d\u2019un seminari web durant el qual l\u2019alumnat ha pogut preguntar a la periodista i divulgadora cient\u00edfica, <a href=\"https:\/\/www.3cat.cat\/tv3\/cori-calero\/autor\/9050\/\" target=\"_blank\" rel=\"noreferrer noopener\">Cori Calero<\/a>, sobre els reptes de la seva professi\u00f3.<\/p>\n\n\n\n<p>Enguany l\u2019eix tem\u00e0tic de la Setmana girar\u00e0 al voltant del <strong>periodisme cient\u00edfic<\/strong>, una disciplina period\u00edstica especialitzada en la transmissi\u00f3 d&#8217;informaci\u00f3 sobre ci\u00e8ncia i tecnologia en mitjans de comunicaci\u00f3 de manera entenedora. Aquest tipus de periodisme, que contribueix a la divulgaci\u00f3 cient\u00edfica en diferents canals, ha esdevingut una eina fonamental per acostar el coneixement cient\u00edfic a la ciutadania.<\/p>\n\n\n\n<p>&nbsp;<\/p>\n<\/div>\n\n\n\n<div class=\"wp-block-column is-layout-flow wp-block-column-is-layout-flow\">\n<p>D\u2019aquesta manera la proposta de treball s\u2019afegeix a la proclama de l\u2019any 2025 com l&#8217;Any Internacional de la Ci\u00e8ncia i la Tecnologia Qu\u00e0ntica per part de la UNESCO, que commemora els cent anys des del desenvolupament inicial de la mec\u00e0nica qu\u00e0ntica.&nbsp;<\/p>\n\n\n\n<p>Tal com reconeix l&#8217;Informe de l&#8217;Alt Grup de l&#8217;Alian\u00e7a de Civilitzacions de les Nacions Unides (UNAOC), l\u2019exposici\u00f3 cont\u00ednua de la poblaci\u00f3 als mitjans de comunicaci\u00f3 de masses representa un desafiament a l&#8217;\u00e0mbit de l&#8217;educaci\u00f3, que s&#8217;ha incrementat a l&#8217;era electr\u00f2nica i digital. L&#8217;avaluaci\u00f3 de les fonts de la informaci\u00f3 requereix destresa i un pensament cr\u00edtic, i constitueix una tasca educativa que t\u00e9 import\u00e0ncia i que se subestima sovint.<\/p>\n\n\n\n<figure class=\"wp-block-image size-large\"><a href=\"https:\/\/projectes.xtec.cat\/canaldereporters\/wp-content\/uploads\/usu2921\/2024\/10\/Shotcut_frame_setmanaAMI.png\"><img loading=\"lazy\" decoding=\"async\" width=\"1024\" height=\"576\" src=\"https:\/\/projectes.xtec.cat\/canaldereporters\/wp-content\/uploads\/usu2921\/2024\/10\/Shotcut_frame_setmanaAMI-1024x576.png\" alt=\"\" class=\"wp-image-14844\" srcset=\"https:\/\/projectes.xtec.cat\/canaldereporters\/wp-content\/uploads\/usu2921\/2024\/10\/Shotcut_frame_setmanaAMI-1024x576.png 1024w, https:\/\/projectes.xtec.cat\/canaldereporters\/wp-content\/uploads\/usu2921\/2024\/10\/Shotcut_frame_setmanaAMI-300x169.png 300w, https:\/\/projectes.xtec.cat\/canaldereporters\/wp-content\/uploads\/usu2921\/2024\/10\/Shotcut_frame_setmanaAMI-768x432.png 768w, https:\/\/projectes.xtec.cat\/canaldereporters\/wp-content\/uploads\/usu2921\/2024\/10\/Shotcut_frame_setmanaAMI.png 1280w\" sizes=\"auto, (max-width: 1024px) 100vw, 1024px\" \/><\/a><\/figure>\n\n\n\n<p>A continuaci\u00f3 us deixem un <a href=\"https:\/\/www.youtube.com\/watch?v=KHOSF00JMcg&amp;list=PLojIWF2RflCq9MLIIfTEsRjNYnHq7JTNE&amp;index=30\" target=\"_blank\" rel=\"noreferrer noopener\">enlla\u00e7<\/a> on poder visualitzar el Seminari.<\/p>\n<\/div>\n<\/div>\n<\/div>\n<\/div>\n<\/div>\n","protected":false},"excerpt":{"rendered":"<p>Tret de sortida a la setmana de l\u2019AMI&nbsp; Com sabeu, del 24 al 31 d\u2019octubre se celebra la Setmana Mundial de l\u2019Alfabetitzaci\u00f3 Medi\u00e0tica i Informacional, promoguda anualment per la UNESCO amb l\u2019objectiu d\u2019augmentar la sensibilitzaci\u00f3 per promoure les connexions de l\u2019Alfabetitzaci\u00f3 Medi\u00e0tica i Informacional a trav\u00e9s de l\u2019educaci\u00f3, la cultura i la ci\u00e8ncia.&nbsp; El Canal [&hellip;]<\/p>\n","protected":false},"author":17,"featured_media":14844,"comment_status":"closed","ping_status":"open","sticky":false,"template":"","format":"standard","meta":{"site-sidebar-layout":"default","site-content-layout":"","ast-site-content-layout":"normal-width-container","site-content-style":"unboxed","site-sidebar-style":"default","ast-global-header-display":"","ast-banner-title-visibility":"","ast-main-header-display":"","ast-hfb-above-header-display":"","ast-hfb-below-header-display":"","ast-hfb-mobile-header-display":"","site-post-title":"disabled","ast-breadcrumbs-content":"","ast-featured-img":"","footer-sml-layout":"","theme-transparent-header-meta":"","adv-header-id-meta":"","stick-header-meta":"","header-above-stick-meta":"","header-main-stick-meta":"","header-below-stick-meta":"","astra-migrate-meta-layouts":"set","ast-page-background-enabled":"default","ast-page-background-meta":{"desktop":{"background-color":"","background-image":"","background-repeat":"repeat","background-position":"center center","background-size":"auto","background-attachment":"scroll","background-type":"","background-media":"","overlay-type":"","overlay-color":"","overlay-opacity":"","overlay-gradient":""},"tablet":{"background-color":"","background-image":"","background-repeat":"repeat","background-position":"center center","background-size":"auto","background-attachment":"scroll","background-type":"","background-media":"","overlay-type":"","overlay-color":"","overlay-opacity":"","overlay-gradient":""},"mobile":{"background-color":"","background-image":"","background-repeat":"repeat","background-position":"center center","background-size":"auto","background-attachment":"scroll","background-type":"","background-media":"","overlay-type":"","overlay-color":"","overlay-opacity":"","overlay-gradient":""}},"ast-content-background-meta":{"desktop":{"background-color":"var(--ast-global-color-5)","background-image":"","background-repeat":"repeat","background-position":"center center","background-size":"auto","background-attachment":"scroll","background-type":"","background-media":"","overlay-type":"","overlay-color":"","overlay-opacity":"","overlay-gradient":""},"tablet":{"background-color":"var(--ast-global-color-5)","background-image":"","background-repeat":"repeat","background-position":"center center","background-size":"auto","background-attachment":"scroll","background-type":"","background-media":"","overlay-type":"","overlay-color":"","overlay-opacity":"","overlay-gradient":""},"mobile":{"background-color":"var(--ast-global-color-5)","background-image":"","background-repeat":"repeat","background-position":"center center","background-size":"auto","background-attachment":"scroll","background-type":"","background-media":"","overlay-type":"","overlay-color":"","overlay-opacity":"","overlay-gradient":""}},"footnotes":""},"categories":[1],"tags":[],"class_list":["post-14840","post","type-post","status-publish","format-standard","has-post-thumbnail","hentry","category-general"],"post_mailing_queue_ids":[],"_links":{"self":[{"href":"https:\/\/projectes.xtec.cat\/canaldereporters\/wp-json\/wp\/v2\/posts\/14840","targetHints":{"allow":["GET"]}}],"collection":[{"href":"https:\/\/projectes.xtec.cat\/canaldereporters\/wp-json\/wp\/v2\/posts"}],"about":[{"href":"https:\/\/projectes.xtec.cat\/canaldereporters\/wp-json\/wp\/v2\/types\/post"}],"author":[{"embeddable":true,"href":"https:\/\/projectes.xtec.cat\/canaldereporters\/wp-json\/wp\/v2\/users\/17"}],"replies":[{"embeddable":true,"href":"https:\/\/projectes.xtec.cat\/canaldereporters\/wp-json\/wp\/v2\/comments?post=14840"}],"version-history":[{"count":5,"href":"https:\/\/projectes.xtec.cat\/canaldereporters\/wp-json\/wp\/v2\/posts\/14840\/revisions"}],"predecessor-version":[{"id":14857,"href":"https:\/\/projectes.xtec.cat\/canaldereporters\/wp-json\/wp\/v2\/posts\/14840\/revisions\/14857"}],"wp:featuredmedia":[{"embeddable":true,"href":"https:\/\/projectes.xtec.cat\/canaldereporters\/wp-json\/wp\/v2\/media\/14844"}],"wp:attachment":[{"href":"https:\/\/projectes.xtec.cat\/canaldereporters\/wp-json\/wp\/v2\/media?parent=14840"}],"wp:term":[{"taxonomy":"category","embeddable":true,"href":"https:\/\/projectes.xtec.cat\/canaldereporters\/wp-json\/wp\/v2\/categories?post=14840"},{"taxonomy":"post_tag","embeddable":true,"href":"https:\/\/projectes.xtec.cat\/canaldereporters\/wp-json\/wp\/v2\/tags?post=14840"}],"curies":[{"name":"wp","href":"https:\/\/api.w.org\/{rel}","templated":true}]}}