{"id":15159,"date":"2025-01-17T14:20:09","date_gmt":"2025-01-17T13:20:09","guid":{"rendered":"https:\/\/projectes.xtec.cat\/canaldereporters\/?p=15159"},"modified":"2025-09-02T15:32:04","modified_gmt":"2025-09-02T13:32:04","slug":"premis-educac","status":"publish","type":"post","link":"https:\/\/projectes.xtec.cat\/canaldereporters\/premis-educac\/","title":{"rendered":"Premis eduCAC"},"content":{"rendered":"\n<div style=\"height:20px\" aria-hidden=\"true\" class=\"wp-block-spacer\"><\/div>\n\n\n\n<div class=\"inherit-container-width wp-block-group alignwide is-layout-constrained wp-block-group-is-layout-constrained\">\n<div class=\"wp-block-columns is-layout-flex wp-container-core-columns-is-layout-2 wp-block-columns-is-layout-flex\">\n<div class=\"wp-block-column is-layout-flow wp-block-column-is-layout-flow\">\n<h3 class=\"wp-block-heading\">Participeu en els 22ns Premis eduCAC !<\/h3>\n\n\n\n<p class=\"has-cyan-bluish-gray-background-color has-background\">El Consell de l\u2019Audiovisual de Catalunya (<a href=\"https:\/\/www.cac.cat\/actualitat\/convocats-els-22ns-premis-educac-que-primer-cop-reconeixeran-la-trajectoria-dels-centres?utm_source=chatgpt.com\" target=\"_blank\" rel=\"noreferrer noopener\"><strong>CAC<\/strong><\/a>), en col\u00b7laboraci\u00f3 amb el Departament d\u2019Educaci\u00f3 de la Generalitat, ha anunciat la convocat\u00f2ria dels <strong>22ns Premis eduCAC<\/strong>, amb l&#8217;objectiu de fomentar l&#8217;alfabetitzaci\u00f3 medi\u00e0tica i l&#8217;esperit cr\u00edtic entre infants i joves.<\/p>\n\n\n\n<div class=\"wp-block-columns is-layout-flex wp-container-core-columns-is-layout-1 wp-block-columns-is-layout-flex\">\n<div class=\"wp-block-column is-layout-flow wp-block-column-is-layout-flow\">\n<p>Aquests premis, que se celebren anualment des del 2003, estan dirigits a la comunitat educativa i es divideixen en tres categories principals:<\/p>\n\n\n\n<ul class=\"wp-block-list\">\n<li><strong>Categoria A: Centres educatius<\/strong><\/li>\n\n\n\n<li><strong>Categoria B: Treballs de recerca de l\u2019alumnat de batxillerat<\/strong><\/li>\n\n\n\n<li><strong>Categoria C: Professorat de centres educatius<\/strong><\/li>\n<\/ul>\n\n\n\n<p>Com a novetat destacada en aquesta edici\u00f3, s&#8217;introdueix una subcategoria espec\u00edfica dins la Categoria A per recon\u00e8ixer la traject\u00f2ria dels centres en la promoci\u00f3 de l&#8217;<strong>educaci\u00f3 medi\u00e0tica<\/strong>.<\/p>\n\n\n\n<figure class=\"wp-block-image size-full\"><a href=\"https:\/\/projectes.xtec.cat\/canaldereporters\/wp-content\/uploads\/usu2921\/2025\/01\/Destaquem_premis_eduCAC.png\"><img loading=\"lazy\" decoding=\"async\" width=\"1024\" height=\"576\" src=\"https:\/\/projectes.xtec.cat\/canaldereporters\/wp-content\/uploads\/usu2921\/2025\/01\/Destaquem_premis_eduCAC.png\" alt=\"\" class=\"wp-image-15162\" srcset=\"https:\/\/projectes.xtec.cat\/canaldereporters\/wp-content\/uploads\/usu2921\/2025\/01\/Destaquem_premis_eduCAC.png 1024w, https:\/\/projectes.xtec.cat\/canaldereporters\/wp-content\/uploads\/usu2921\/2025\/01\/Destaquem_premis_eduCAC-300x169.png 300w, https:\/\/projectes.xtec.cat\/canaldereporters\/wp-content\/uploads\/usu2921\/2025\/01\/Destaquem_premis_eduCAC-768x432.png 768w\" sizes=\"auto, (max-width: 1024px) 100vw, 1024px\" \/><\/a><\/figure>\n\n\n\n<p>&nbsp;<\/p>\n<\/div>\n\n\n\n<div class=\"wp-block-column is-layout-flow wp-block-column-is-layout-flow\">\n<p>Els centres participants hauran de presentar una mostra diversa i representativa de les activitats o projectes que avalin el seu comprom\u00eds en aquest \u00e0mbit.<\/p>\n\n\n\n<figure class=\"wp-block-image size-full\"><a href=\"https:\/\/projectes.xtec.cat\/canaldereporters\/wp-content\/uploads\/usu2921\/2025\/01\/Destaquem_premis_eduCAC_DATES.png\"><img loading=\"lazy\" decoding=\"async\" width=\"1024\" height=\"576\" src=\"https:\/\/projectes.xtec.cat\/canaldereporters\/wp-content\/uploads\/usu2921\/2025\/01\/Destaquem_premis_eduCAC_DATES.png\" alt=\"\" class=\"wp-image-15160\" srcset=\"https:\/\/projectes.xtec.cat\/canaldereporters\/wp-content\/uploads\/usu2921\/2025\/01\/Destaquem_premis_eduCAC_DATES.png 1024w, https:\/\/projectes.xtec.cat\/canaldereporters\/wp-content\/uploads\/usu2921\/2025\/01\/Destaquem_premis_eduCAC_DATES-300x169.png 300w, https:\/\/projectes.xtec.cat\/canaldereporters\/wp-content\/uploads\/usu2921\/2025\/01\/Destaquem_premis_eduCAC_DATES-768x432.png 768w\" sizes=\"auto, (max-width: 1024px) 100vw, 1024px\" \/><\/a><\/figure>\n\n\n\n<p>Podeu escriure a\u00a0<a href=\"mailto:educac@gencat.cat\" target=\"_blank\" rel=\"noreferrer noopener\">educac@gencat.cat<\/a>\u00a0si teniu cap dubte.<\/p>\n\n\n\n<p>Per a m\u00e9s informaci\u00f3 sobre les bases i el proc\u00e9s de participaci\u00f3, podeu consultar el lloc web oficial dels <a href=\"https:\/\/www.educac.cat\/premis-educac\/22ns-premis-educac\">Premis eduCAC<\/a>.<\/p>\n<\/div>\n<\/div>\n<\/div>\n<\/div>\n<\/div>\n","protected":false},"excerpt":{"rendered":"<p>El Consell de l\u2019Audiovisual de Catalunya (CAC), en col\u00b7laboraci\u00f3 amb el Departament d\u2019Educaci\u00f3 de la Generalitat, ha anunciat la convocat\u00f2ria dels 22ns Premis eduCAC, amb l&#8217;objectiu de fomentar l&#8217;alfabetitzaci\u00f3 medi\u00e0tica i l&#8217;esperit cr\u00edtic entre infants i joves.<\/p>\n","protected":false},"author":17,"featured_media":15162,"comment_status":"closed","ping_status":"open","sticky":false,"template":"","format":"standard","meta":{"site-sidebar-layout":"default","site-content-layout":"","ast-site-content-layout":"normal-width-container","site-content-style":"unboxed","site-sidebar-style":"default","ast-global-header-display":"","ast-banner-title-visibility":"","ast-main-header-display":"","ast-hfb-above-header-display":"","ast-hfb-below-header-display":"","ast-hfb-mobile-header-display":"","site-post-title":"disabled","ast-breadcrumbs-content":"","ast-featured-img":"","footer-sml-layout":"","theme-transparent-header-meta":"","adv-header-id-meta":"","stick-header-meta":"","header-above-stick-meta":"","header-main-stick-meta":"","header-below-stick-meta":"","astra-migrate-meta-layouts":"set","ast-page-background-enabled":"default","ast-page-background-meta":{"desktop":{"background-color":"","background-image":"","background-repeat":"repeat","background-position":"center center","background-size":"auto","background-attachment":"scroll","background-type":"","background-media":"","overlay-type":"","overlay-color":"","overlay-opacity":"","overlay-gradient":""},"tablet":{"background-color":"","background-image":"","background-repeat":"repeat","background-position":"center center","background-size":"auto","background-attachment":"scroll","background-type":"","background-media":"","overlay-type":"","overlay-color":"","overlay-opacity":"","overlay-gradient":""},"mobile":{"background-color":"","background-image":"","background-repeat":"repeat","background-position":"center center","background-size":"auto","background-attachment":"scroll","background-type":"","background-media":"","overlay-type":"","overlay-color":"","overlay-opacity":"","overlay-gradient":""}},"ast-content-background-meta":{"desktop":{"background-color":"var(--ast-global-color-5)","background-image":"","background-repeat":"repeat","background-position":"center center","background-size":"auto","background-attachment":"scroll","background-type":"","background-media":"","overlay-type":"","overlay-color":"","overlay-opacity":"","overlay-gradient":""},"tablet":{"background-color":"var(--ast-global-color-5)","background-image":"","background-repeat":"repeat","background-position":"center center","background-size":"auto","background-attachment":"scroll","background-type":"","background-media":"","overlay-type":"","overlay-color":"","overlay-opacity":"","overlay-gradient":""},"mobile":{"background-color":"var(--ast-global-color-5)","background-image":"","background-repeat":"repeat","background-position":"center center","background-size":"auto","background-attachment":"scroll","background-type":"","background-media":"","overlay-type":"","overlay-color":"","overlay-opacity":"","overlay-gradient":""}},"footnotes":""},"categories":[1],"tags":[],"class_list":["post-15159","post","type-post","status-publish","format-standard","has-post-thumbnail","hentry","category-general"],"post_mailing_queue_ids":[],"_links":{"self":[{"href":"https:\/\/projectes.xtec.cat\/canaldereporters\/wp-json\/wp\/v2\/posts\/15159","targetHints":{"allow":["GET"]}}],"collection":[{"href":"https:\/\/projectes.xtec.cat\/canaldereporters\/wp-json\/wp\/v2\/posts"}],"about":[{"href":"https:\/\/projectes.xtec.cat\/canaldereporters\/wp-json\/wp\/v2\/types\/post"}],"author":[{"embeddable":true,"href":"https:\/\/projectes.xtec.cat\/canaldereporters\/wp-json\/wp\/v2\/users\/17"}],"replies":[{"embeddable":true,"href":"https:\/\/projectes.xtec.cat\/canaldereporters\/wp-json\/wp\/v2\/comments?post=15159"}],"version-history":[{"count":6,"href":"https:\/\/projectes.xtec.cat\/canaldereporters\/wp-json\/wp\/v2\/posts\/15159\/revisions"}],"predecessor-version":[{"id":15168,"href":"https:\/\/projectes.xtec.cat\/canaldereporters\/wp-json\/wp\/v2\/posts\/15159\/revisions\/15168"}],"wp:featuredmedia":[{"embeddable":true,"href":"https:\/\/projectes.xtec.cat\/canaldereporters\/wp-json\/wp\/v2\/media\/15162"}],"wp:attachment":[{"href":"https:\/\/projectes.xtec.cat\/canaldereporters\/wp-json\/wp\/v2\/media?parent=15159"}],"wp:term":[{"taxonomy":"category","embeddable":true,"href":"https:\/\/projectes.xtec.cat\/canaldereporters\/wp-json\/wp\/v2\/categories?post=15159"},{"taxonomy":"post_tag","embeddable":true,"href":"https:\/\/projectes.xtec.cat\/canaldereporters\/wp-json\/wp\/v2\/tags?post=15159"}],"curies":[{"name":"wp","href":"https:\/\/api.w.org\/{rel}","templated":true}]}}