{"id":15176,"date":"2025-02-04T13:54:24","date_gmt":"2025-02-04T12:54:24","guid":{"rendered":"https:\/\/projectes.xtec.cat\/canaldereporters\/?p=15176"},"modified":"2026-02-18T08:32:56","modified_gmt":"2026-02-18T07:32:56","slug":"dia-mundial-de-la-radio","status":"publish","type":"post","link":"https:\/\/projectes.xtec.cat\/canaldereporters\/dia-mundial-de-la-radio\/","title":{"rendered":"Dia Mundial de la R\u00e0dio"},"content":{"rendered":"\n<div class=\"wp-block-columns is-layout-flex wp-container-core-columns-is-layout-2 wp-block-columns-is-layout-flex\">\n<div class=\"wp-block-column is-layout-flow wp-block-column-is-layout-flow\">\n<h3 class=\"wp-block-heading\"><strong>Celebrem el Dia Mundial de la R\u00e0dio: 100 anys explicant hist\u00f2ries<\/strong><\/h3>\n\n\n\n<p class=\"has-background\" style=\"background-color:#a9dad9\">El pr\u00f2xim 13 de febrer, se celebra el <a href=\"https:\/\/www.unesco.org\/es\/days\/world-radio\" target=\"_blank\" rel=\"noreferrer noopener\"><strong>Dia Mundial de la R\u00e0dio<\/strong><\/a>, una data proclamada per la UNESCO per destacar la import\u00e0ncia d\u2019aquest mitj\u00e0 de comunicaci\u00f3 que, des de fa un segle, ens acompanya, informa i emociona. La r\u00e0dio ha estat testimoni de la hist\u00f2ria, un pont entre cultures i una eina essencial per a la llibertat d\u2019expressi\u00f3. Enguany la tem\u00e0tica \u00e9s el <strong>canvi clim\u00e0tic <\/strong>i se celebra les nombroses oportunitats que ofereix la radiodifusi\u00f3 per donar <strong>VEU<\/strong> a\u00a0l\u2019emerg\u00e8ncia clim\u00e0tica.<\/p>\n\n\n\n<div class=\"wp-block-columns is-layout-flex wp-container-core-columns-is-layout-1 wp-block-columns-is-layout-flex\">\n<div class=\"wp-block-column is-layout-flow wp-block-column-is-layout-flow\">\n<p>Un any m\u00e9s, el Grup de Treball dels Centres de Recursos Pedag\u00f2gics ha proposat dur a terme la preparaci\u00f3 col\u00b7laborativa d\u2019un programa radiof\u00f2nic al mes de febrer i coincidint amb aquest <strong>dia mundial de la r\u00e0dio<\/strong>. Aix\u00ed doncs, us presentem de nou l\u2019activitat <strong>\u201c<\/strong><a href=\"https:\/\/projectes.xtec.cat\/canaldereporters\/dia-mundial-de-la-radio-100-anys-explicant-histories\/\" target=\"_blank\" rel=\"noreferrer noopener\"><strong>Cent anys explicant hist\u00f2ries<\/strong><\/a><strong>\u201d<\/strong> en la que els centres enregistren una pe\u00e7a sonora basada en un conte, llegenda o relat popular arrelat al territori.<\/p>\n\n\n\n<p>Els CRP han acompanyat a les escoles i instituts que hi han participat oferint suport t\u00e8cnic i pedag\u00f2gic per poder tirar endavant l\u2019enregistrament sonor que s\u2019emetr\u00e0 en un programa radiof\u00f2nicen obert durant <strong>la setmana del 13 de febrer.<\/strong> Des del Canal de Reporters col\u00b7laborem en l\u2019organitzaci\u00f3 d\u2019aquesta activitat que ofereix una excel\u00b7lent oportunitat per treballar la llengua oral i desenvolupar la compet\u00e8ncia digital.<\/p>\n\n\n\n<p>&nbsp;<\/p>\n<\/div>\n\n\n\n<div class=\"wp-block-column is-layout-flow wp-block-column-is-layout-flow\">\n<p>La r\u00e0dio no \u00e9s nom\u00e9s un mitj\u00e0 d\u2019entreteniment, sin\u00f3 tamb\u00e9 una eina educativa i de transformaci\u00f3 social. A les escoles, projectes com <strong>Canal de Reporters<\/strong> fomenten l\u2019\u00fas de la r\u00e0dio com a plataforma perqu\u00e8 els joves puguin expressar-se, compartir les seves veus i aprendre a comunicar-se de manera creativa i cr\u00edtica.<\/p>\n\n\n\n<p>En un m\u00f3n cada vegada m\u00e9s digital, la r\u00e0dio continua sent rellevant per la seva immediatesa, accessibilitat i capacitat per arribar a tots els racons del planeta.&nbsp;<\/p>\n\n\n\n<p>Celebrem junts el poder de la r\u00e0dio i fem que les ones continu\u00efn vibrant! \ud83d\udcfb\u2728<\/p>\n\n\n\n<figure class=\"wp-block-image size-full\"><img loading=\"lazy\" decoding=\"async\" width=\"1014\" height=\"174\" src=\"https:\/\/projectes.xtec.cat\/canaldereporters\/wp-content\/uploads\/usu2921\/2025\/02\/banner_dia_mundial_2025.png\" alt=\"\" class=\"wp-image-15178\" srcset=\"https:\/\/projectes.xtec.cat\/canaldereporters\/wp-content\/uploads\/usu2921\/2025\/02\/banner_dia_mundial_2025.png 1014w, https:\/\/projectes.xtec.cat\/canaldereporters\/wp-content\/uploads\/usu2921\/2025\/02\/banner_dia_mundial_2025-300x51.png 300w, https:\/\/projectes.xtec.cat\/canaldereporters\/wp-content\/uploads\/usu2921\/2025\/02\/banner_dia_mundial_2025-768x132.png 768w\" sizes=\"auto, (max-width: 1014px) 100vw, 1014px\" \/><\/figure>\n<\/div>\n<\/div>\n<\/div>\n<\/div>\n","protected":false},"excerpt":{"rendered":"<p>El pr\u00f2xim 13 de febrer, se celebra el Dia Mundial de la R\u00e0dio, una data proclamada per la UNESCO per destacar la import\u00e0ncia d\u2019aquest mitj\u00e0 de comunicaci\u00f3 que, des de fa un segle, ens acompanya, informa i emociona. Enguany la tem\u00e0tica \u00e9s el canvi clim\u00e0tic. <\/p>\n","protected":false},"author":17,"featured_media":15177,"comment_status":"closed","ping_status":"open","sticky":false,"template":"","format":"standard","meta":{"site-sidebar-layout":"default","site-content-layout":"","ast-site-content-layout":"normal-width-container","site-content-style":"unboxed","site-sidebar-style":"default","ast-global-header-display":"","ast-banner-title-visibility":"","ast-main-header-display":"","ast-hfb-above-header-display":"","ast-hfb-below-header-display":"","ast-hfb-mobile-header-display":"","site-post-title":"disabled","ast-breadcrumbs-content":"","ast-featured-img":"","footer-sml-layout":"","theme-transparent-header-meta":"","adv-header-id-meta":"","stick-header-meta":"","header-above-stick-meta":"","header-main-stick-meta":"","header-below-stick-meta":"","astra-migrate-meta-layouts":"set","ast-page-background-enabled":"default","ast-page-background-meta":{"desktop":{"background-color":"","background-image":"","background-repeat":"repeat","background-position":"center center","background-size":"auto","background-attachment":"scroll","background-type":"","background-media":"","overlay-type":"","overlay-color":"","overlay-opacity":"","overlay-gradient":""},"tablet":{"background-color":"","background-image":"","background-repeat":"repeat","background-position":"center center","background-size":"auto","background-attachment":"scroll","background-type":"","background-media":"","overlay-type":"","overlay-color":"","overlay-opacity":"","overlay-gradient":""},"mobile":{"background-color":"","background-image":"","background-repeat":"repeat","background-position":"center center","background-size":"auto","background-attachment":"scroll","background-type":"","background-media":"","overlay-type":"","overlay-color":"","overlay-opacity":"","overlay-gradient":""}},"ast-content-background-meta":{"desktop":{"background-color":"var(--ast-global-color-5)","background-image":"","background-repeat":"repeat","background-position":"center center","background-size":"auto","background-attachment":"scroll","background-type":"","background-media":"","overlay-type":"","overlay-color":"","overlay-opacity":"","overlay-gradient":""},"tablet":{"background-color":"var(--ast-global-color-5)","background-image":"","background-repeat":"repeat","background-position":"center center","background-size":"auto","background-attachment":"scroll","background-type":"","background-media":"","overlay-type":"","overlay-color":"","overlay-opacity":"","overlay-gradient":""},"mobile":{"background-color":"var(--ast-global-color-5)","background-image":"","background-repeat":"repeat","background-position":"center center","background-size":"auto","background-attachment":"scroll","background-type":"","background-media":"","overlay-type":"","overlay-color":"","overlay-opacity":"","overlay-gradient":""}},"footnotes":""},"categories":[1,29],"tags":[],"class_list":["post-15176","post","type-post","status-publish","format-standard","has-post-thumbnail","hentry","category-general","category-portada"],"post_mailing_queue_ids":[],"_links":{"self":[{"href":"https:\/\/projectes.xtec.cat\/canaldereporters\/wp-json\/wp\/v2\/posts\/15176","targetHints":{"allow":["GET"]}}],"collection":[{"href":"https:\/\/projectes.xtec.cat\/canaldereporters\/wp-json\/wp\/v2\/posts"}],"about":[{"href":"https:\/\/projectes.xtec.cat\/canaldereporters\/wp-json\/wp\/v2\/types\/post"}],"author":[{"embeddable":true,"href":"https:\/\/projectes.xtec.cat\/canaldereporters\/wp-json\/wp\/v2\/users\/17"}],"replies":[{"embeddable":true,"href":"https:\/\/projectes.xtec.cat\/canaldereporters\/wp-json\/wp\/v2\/comments?post=15176"}],"version-history":[{"count":6,"href":"https:\/\/projectes.xtec.cat\/canaldereporters\/wp-json\/wp\/v2\/posts\/15176\/revisions"}],"predecessor-version":[{"id":15194,"href":"https:\/\/projectes.xtec.cat\/canaldereporters\/wp-json\/wp\/v2\/posts\/15176\/revisions\/15194"}],"wp:featuredmedia":[{"embeddable":true,"href":"https:\/\/projectes.xtec.cat\/canaldereporters\/wp-json\/wp\/v2\/media\/15177"}],"wp:attachment":[{"href":"https:\/\/projectes.xtec.cat\/canaldereporters\/wp-json\/wp\/v2\/media?parent=15176"}],"wp:term":[{"taxonomy":"category","embeddable":true,"href":"https:\/\/projectes.xtec.cat\/canaldereporters\/wp-json\/wp\/v2\/categories?post=15176"},{"taxonomy":"post_tag","embeddable":true,"href":"https:\/\/projectes.xtec.cat\/canaldereporters\/wp-json\/wp\/v2\/tags?post=15176"}],"curies":[{"name":"wp","href":"https:\/\/api.w.org\/{rel}","templated":true}]}}