{"id":15454,"date":"2025-04-02T09:42:04","date_gmt":"2025-04-02T07:42:04","guid":{"rendered":"https:\/\/projectes.xtec.cat\/canaldereporters\/?p=15454"},"modified":"2026-02-18T08:33:13","modified_gmt":"2026-02-18T07:33:13","slug":"dia-internacional-de-la-verificacio-contra-la-desinformacio","status":"publish","type":"post","link":"https:\/\/projectes.xtec.cat\/canaldereporters\/dia-internacional-de-la-verificacio-contra-la-desinformacio\/","title":{"rendered":"Dia Internacional de la verificaci\u00f3 contra la Desinformaci\u00f3"},"content":{"rendered":"\n<div class=\"wp-block-columns is-layout-flex wp-container-core-columns-is-layout-2 wp-block-columns-is-layout-flex\">\n<div class=\"wp-block-column is-layout-flow wp-block-column-is-layout-flow\">\n<h3 class=\"wp-block-heading\"><strong>02 d\u2019abril, dia Internacional de la verificaci\u00f3 contra la Desinformaci\u00f3<\/strong><\/h3>\n\n\n\n<p class=\"has-background\" style=\"background-color:#a9dad9\">Avui 02 d\u2019abril celebrem el <strong>Dia Internacional del <em>Fact-Checking<\/em><\/strong> que va ser una iniciativa impulsada originalment per la <strong>International Fact-Checking Network (<\/strong><a href=\"https:\/\/www.poynter.org\/ifcn\/about-ifcn\/\" target=\"_blank\" rel=\"noreferrer noopener\"><strong>IFCN<\/strong><\/a><strong>)<\/strong> \u2014pertanyent al <a href=\"https:\/\/www.poynter.org\/\" target=\"_blank\" rel=\"noreferrer noopener\"><em>Poynter Institute<\/em><\/a>\u2014, amb el suport de xarxes globals de verificadors i mitjans compromesos amb la lluita contra la desinformaci\u00f3.<\/p>\n\n\n\n<div class=\"wp-block-columns is-layout-flex wp-container-core-columns-is-layout-1 wp-block-columns-is-layout-flex\">\n<div class=\"wp-block-column is-layout-flow wp-block-column-is-layout-flow\">\n<p>La celebraci\u00f3 del <strong>Dia Internacional del <\/strong><strong><em>Fact-Checking<\/em><\/strong> t\u00e9 l\u2019objectiu de conscienciar sobre la import\u00e0ncia de combatre la desinformaci\u00f3 i les <em>fake news<\/em>. En un m\u00f3n digital on les not\u00edcies falses es propaguen r\u00e0pidament, verificar les dades i contrastar les fonts \u00e9s m\u00e9s necessari que mai.<\/p>\n\n\n\n<h4 class=\"wp-block-heading\"><strong>Per qu\u00e8 \u00e9s important el <\/strong><strong><em>fact-checking<\/em><\/strong><strong>?<\/strong><\/h4>\n\n\n\n<p>La desinformaci\u00f3 pot tenir conseq\u00fc\u00e8ncies greus: des de decisions personals equivocades fins a impactes en la salut p\u00fablica, la pol\u00edtica o la cohesi\u00f3 social. Com a mitjans de comunicaci\u00f3 i com a ciutadans, tenim la responsabilitat de <strong>consumir i compartir informaci\u00f3 amb rigor<\/strong>, assegurant-nos que el que difonem \u00e9s veritat i no contribueix a l\u2019engany massiu.<\/p>\n\n\n\n<figure class=\"wp-block-image size-full\"><a href=\"https:\/\/projectes.xtec.cat\/canaldereporters\/wp-content\/uploads\/usu2921\/2025\/04\/fact_checked_dia_verificacio.png\"><img loading=\"lazy\" decoding=\"async\" width=\"506\" height=\"100\" src=\"https:\/\/projectes.xtec.cat\/canaldereporters\/wp-content\/uploads\/usu2921\/2025\/04\/fact_checked_dia_verificacio.png\" alt=\"\" class=\"wp-image-15462\" srcset=\"https:\/\/projectes.xtec.cat\/canaldereporters\/wp-content\/uploads\/usu2921\/2025\/04\/fact_checked_dia_verificacio.png 506w, https:\/\/projectes.xtec.cat\/canaldereporters\/wp-content\/uploads\/usu2921\/2025\/04\/fact_checked_dia_verificacio-300x59.png 300w\" sizes=\"auto, (max-width: 506px) 100vw, 506px\" \/><\/a><\/figure>\n\n\n\n<p>&nbsp;<\/p>\n<\/div>\n\n\n\n<div class=\"wp-block-column is-layout-flow wp-block-column-is-layout-flow\">\n<h4 class=\"wp-block-heading\"><strong>Com pots ser part de la soluci\u00f3?<\/strong><\/h4>\n\n\n\n<ul class=\"wp-block-list\">\n<li><strong>Verifica abans de compartir<\/strong>: si una not\u00edcia et sembla sospitosa, busca fonts oficials o mitjans de confian\u00e7a que en parlin.<\/li>\n\n\n\n<li><strong>Desconfia dels titulars sensacionalistes<\/strong>: les exageracions i les emocions fortes solen ser senyals d\u2019alarma.<\/li>\n\n\n\n<li><strong>Fes servir eines de verificaci\u00f3<\/strong>: plataformes com <a href=\"https:\/\/www.verificat.cat\/\" target=\"_blank\" rel=\"noreferrer noopener\"><em>Verificat<\/em><\/a><em>, <\/em><a href=\"https:\/\/www.newtral.es\/\" target=\"_blank\" rel=\"noreferrer noopener\"><em>Newtral<\/em><\/a><em>, <\/em><a href=\"https:\/\/maldita.es\/\" target=\"_blank\" rel=\"noreferrer noopener\"><em>Maldita<\/em><\/a> i <a href=\"https:\/\/verifica.efe.com\/\" target=\"_blank\" rel=\"noreferrer noopener\">Efeverifica<\/a> s\u00f3n fact-checkers certificats per la IFCN.\u00a0<\/li>\n<\/ul>\n\n\n\n<p>Tamb\u00e9 existeix <a href=\"https:\/\/learntocheck.org\/ca\/\" target=\"_blank\" rel=\"noreferrer noopener\">learn to check<\/a>, <a href=\"https:\/\/www.rtve.es\/noticias\/verificartve\/\" target=\"_blank\" rel=\"noreferrer noopener\">verficaTRVE<\/a>, plataformes com <a href=\"https:\/\/www.poletika.org\/\" target=\"_blank\" rel=\"noreferrer noopener\">Pol\u00e9tika<\/a> d\u2019organitzacions i moviments socials, <a href=\"https:\/\/saludsinbulos.com\/\" target=\"_blank\" rel=\"noreferrer noopener\">SaludsinBulos<\/a> amb relaci\u00f3 a la salut o l\u2019especial de Catalunya R\u00e0dio \u201c<a href=\"https:\/\/www.3cat.cat\/catradio\/fets-o-fakes\/especial\/4810\/\" target=\"_blank\" rel=\"noreferrer noopener\">Fets o fakes<\/a>\u201d que poden ajudar a contrastar dades.<\/p>\n\n\n\n<p>Us convidem a continuar <a href=\"https:\/\/projectes.xtec.cat\/canaldereporters\/com-participar\/\" target=\"_blank\" rel=\"noreferrer noopener\">compartint not\u00edcies<\/a> al vostre nodes i treballar per una informaci\u00f3 vera\u00e7 i contrastada.<\/p>\n<\/div>\n<\/div>\n<\/div>\n<\/div>\n","protected":false},"excerpt":{"rendered":"<p>La celebraci\u00f3 del Dia Internacional del Fact-Checking t\u00e9 l\u2019objectiu de conscienciar sobre la import\u00e0ncia de combatre la desinformaci\u00f3 i les fake news. En un m\u00f3n digital on les not\u00edcies falses es propaguen r\u00e0pidament, verificar les dades i contrastar les fonts \u00e9s m\u00e9s necessari que mai.<\/p>\n","protected":false},"author":17,"featured_media":15465,"comment_status":"closed","ping_status":"open","sticky":false,"template":"","format":"standard","meta":{"site-sidebar-layout":"default","site-content-layout":"","ast-site-content-layout":"normal-width-container","site-content-style":"unboxed","site-sidebar-style":"default","ast-global-header-display":"","ast-banner-title-visibility":"","ast-main-header-display":"","ast-hfb-above-header-display":"","ast-hfb-below-header-display":"","ast-hfb-mobile-header-display":"","site-post-title":"disabled","ast-breadcrumbs-content":"","ast-featured-img":"","footer-sml-layout":"","theme-transparent-header-meta":"","adv-header-id-meta":"","stick-header-meta":"","header-above-stick-meta":"","header-main-stick-meta":"","header-below-stick-meta":"","astra-migrate-meta-layouts":"set","ast-page-background-enabled":"default","ast-page-background-meta":{"desktop":{"background-color":"","background-image":"","background-repeat":"repeat","background-position":"center center","background-size":"auto","background-attachment":"scroll","background-type":"","background-media":"","overlay-type":"","overlay-color":"","overlay-opacity":"","overlay-gradient":""},"tablet":{"background-color":"","background-image":"","background-repeat":"repeat","background-position":"center center","background-size":"auto","background-attachment":"scroll","background-type":"","background-media":"","overlay-type":"","overlay-color":"","overlay-opacity":"","overlay-gradient":""},"mobile":{"background-color":"","background-image":"","background-repeat":"repeat","background-position":"center center","background-size":"auto","background-attachment":"scroll","background-type":"","background-media":"","overlay-type":"","overlay-color":"","overlay-opacity":"","overlay-gradient":""}},"ast-content-background-meta":{"desktop":{"background-color":"var(--ast-global-color-5)","background-image":"","background-repeat":"repeat","background-position":"center center","background-size":"auto","background-attachment":"scroll","background-type":"","background-media":"","overlay-type":"","overlay-color":"","overlay-opacity":"","overlay-gradient":""},"tablet":{"background-color":"var(--ast-global-color-5)","background-image":"","background-repeat":"repeat","background-position":"center center","background-size":"auto","background-attachment":"scroll","background-type":"","background-media":"","overlay-type":"","overlay-color":"","overlay-opacity":"","overlay-gradient":""},"mobile":{"background-color":"var(--ast-global-color-5)","background-image":"","background-repeat":"repeat","background-position":"center center","background-size":"auto","background-attachment":"scroll","background-type":"","background-media":"","overlay-type":"","overlay-color":"","overlay-opacity":"","overlay-gradient":""}},"footnotes":""},"categories":[1],"tags":[],"class_list":["post-15454","post","type-post","status-publish","format-standard","has-post-thumbnail","hentry","category-general"],"post_mailing_queue_ids":[],"_links":{"self":[{"href":"https:\/\/projectes.xtec.cat\/canaldereporters\/wp-json\/wp\/v2\/posts\/15454","targetHints":{"allow":["GET"]}}],"collection":[{"href":"https:\/\/projectes.xtec.cat\/canaldereporters\/wp-json\/wp\/v2\/posts"}],"about":[{"href":"https:\/\/projectes.xtec.cat\/canaldereporters\/wp-json\/wp\/v2\/types\/post"}],"author":[{"embeddable":true,"href":"https:\/\/projectes.xtec.cat\/canaldereporters\/wp-json\/wp\/v2\/users\/17"}],"replies":[{"embeddable":true,"href":"https:\/\/projectes.xtec.cat\/canaldereporters\/wp-json\/wp\/v2\/comments?post=15454"}],"version-history":[{"count":6,"href":"https:\/\/projectes.xtec.cat\/canaldereporters\/wp-json\/wp\/v2\/posts\/15454\/revisions"}],"predecessor-version":[{"id":15466,"href":"https:\/\/projectes.xtec.cat\/canaldereporters\/wp-json\/wp\/v2\/posts\/15454\/revisions\/15466"}],"wp:featuredmedia":[{"embeddable":true,"href":"https:\/\/projectes.xtec.cat\/canaldereporters\/wp-json\/wp\/v2\/media\/15465"}],"wp:attachment":[{"href":"https:\/\/projectes.xtec.cat\/canaldereporters\/wp-json\/wp\/v2\/media?parent=15454"}],"wp:term":[{"taxonomy":"category","embeddable":true,"href":"https:\/\/projectes.xtec.cat\/canaldereporters\/wp-json\/wp\/v2\/categories?post=15454"},{"taxonomy":"post_tag","embeddable":true,"href":"https:\/\/projectes.xtec.cat\/canaldereporters\/wp-json\/wp\/v2\/tags?post=15454"}],"curies":[{"name":"wp","href":"https:\/\/api.w.org\/{rel}","templated":true}]}}