{"id":16133,"date":"2025-10-27T14:28:08","date_gmt":"2025-10-27T13:28:08","guid":{"rendered":"https:\/\/projectes.xtec.cat\/canaldereporters\/?p=16133"},"modified":"2026-02-18T08:27:50","modified_gmt":"2026-02-18T07:27:50","slug":"setmanaami2025","status":"publish","type":"post","link":"https:\/\/projectes.xtec.cat\/canaldereporters\/setmanaami2025\/","title":{"rendered":"SetmanaAMI2025"},"content":{"rendered":"\n<div style=\"height:20px\" aria-hidden=\"true\" class=\"wp-block-spacer\"><\/div>\n\n\n\n<div class=\"inherit-container-width wp-block-group alignwide is-layout-constrained wp-block-group-is-layout-constrained\">\n<div class=\"wp-block-columns is-layout-flex wp-container-core-columns-is-layout-2 wp-block-columns-is-layout-flex\">\n<div class=\"wp-block-column is-layout-flow wp-block-column-is-layout-flow\">\n<h3 class=\"wp-block-heading\"><strong><strong>Setmana de l&#8217;educaci\u00f3 medi\u00e0tica i informacional<\/strong><\/strong><\/h3>\n\n\n\n<div class=\"wp-block-columns is-layout-flex wp-container-core-columns-is-layout-1 wp-block-columns-is-layout-flex\">\n<div class=\"wp-block-column is-layout-flow wp-block-column-is-layout-flow\">\n<p>L\u2019alfabetitzaci\u00f3 medi\u00e0tica i informacional abasta diverses compet\u00e8ncies que permeten a les persones i als grups desenvolupar-se en l\u2019actual entorn de la informaci\u00f3 i la comunicaci\u00f3. Inclou un ampli ventall de coneixements, habilitats, actituds i valors per<strong> cercar, accedir, avaluar cr\u00edticament<\/strong>, utilitzar i contribuir millor al contingut de la informaci\u00f3 i dels mitjans de comunicaci\u00f3.<\/p>\n\n\n\n<p>D\u2019aquesta manera, l\u2019alfabetitzaci\u00f3 medi\u00e0tica i informacional permet l\u2019\u00fas creatiu de la tecnologia digital i capacita tots els usuaris mitjan\u00e7ant la millora del seu coneixement dels drets en l\u00ednia i digitals, aix\u00ed com de les q\u00fcestions \u00e8tiques que envolten l\u2019acc\u00e9s i l\u2019\u00fas de la informaci\u00f3. Els ciutadans alfabetitzats en mitjans de comunicaci\u00f3 i informaci\u00f3 estan preparats per participar de manera m\u00e9s efica\u00e7 en el di\u00e0leg, la llibertat d\u2019expressi\u00f3, l\u2019acc\u00e9s a la informaci\u00f3, la igualtat de g\u00e8nere, la diversitat, la pau i el desenvolupament sostenible.<\/p>\n<\/div>\n\n\n\n<div class=\"wp-block-column is-layout-flow wp-block-column-is-layout-flow\">\n<figure class=\"wp-block-image size-full\"><a href=\"https:\/\/www.unesco.org\/en\/weeks\/media-information-literacy?hub=66833\" target=\"_blank\" rel=\" noreferrer noopener\"><img loading=\"lazy\" decoding=\"async\" width=\"918\" height=\"242\" src=\"https:\/\/projectes.xtec.cat\/canaldereporters\/wp-content\/uploads\/usu2921\/2025\/10\/SetmanaAMI2025.png\" alt=\"\" class=\"wp-image-16134\" srcset=\"https:\/\/projectes.xtec.cat\/canaldereporters\/wp-content\/uploads\/usu2921\/2025\/10\/SetmanaAMI2025.png 918w, https:\/\/projectes.xtec.cat\/canaldereporters\/wp-content\/uploads\/usu2921\/2025\/10\/SetmanaAMI2025-300x79.png 300w, https:\/\/projectes.xtec.cat\/canaldereporters\/wp-content\/uploads\/usu2921\/2025\/10\/SetmanaAMI2025-768x202.png 768w\" sizes=\"auto, (max-width: 918px) 100vw, 918px\" \/><\/a><\/figure>\n\n\n\n<p>L\u2019alfabetitzaci\u00f3 medi\u00e0tica i informacional \u00e9s clau per afrontar els reptes del segle XXI, com ara la proliferaci\u00f3 de la desinformaci\u00f3 i la incitaci\u00f3 a l\u2019odi, la p\u00e8rdua de confian\u00e7a en els mitjans de comunicaci\u00f3, aix\u00ed com per adaptar-se a l\u2019impacte transformador de les innovacions digitals, <strong>en particular la intel\u00b7lig\u00e8ncia artificial<\/strong>.<\/p>\n\n\n\n<p>Si voleu m\u00e9s informaci\u00f3 sobre la Setmana, <a href=\"https:\/\/www.unesco.org\/en\/weeks\/media-information-literacy?hub=66833\" target=\"_blank\" rel=\"noreferrer noopener\"><strong>la trobareu al seu web<\/strong><\/a>.<\/p>\n\n\n\n<p>Bona Setmana AMI per a tots i totes. \ud83d\udcbb\ud83d\udd0d\ud83d\udcf0<\/p>\n<\/div>\n<\/div>\n\n\n\n<p><\/p>\n<\/div>\n<\/div>\n<\/div>\n","protected":false},"excerpt":{"rendered":"<p>L\u2019alfabetitzaci\u00f3 medi\u00e0tica i informacional \u00e9s clau per afrontar els reptes del segle XXI, com ara la proliferaci\u00f3 de la desinformaci\u00f3 i la incitaci\u00f3 a l\u2019odi, la p\u00e8rdua de confian\u00e7a en els mitjans de comunicaci\u00f3, aix\u00ed com per adaptar-se a l\u2019impacte transformador de les innovacions digitals, en particular la intel\u00b7lig\u00e8ncia artificial.<\/p>\n","protected":false},"author":17,"featured_media":16135,"comment_status":"closed","ping_status":"open","sticky":false,"template":"","format":"standard","meta":{"site-sidebar-layout":"default","site-content-layout":"","ast-site-content-layout":"default","site-content-style":"unboxed","site-sidebar-style":"default","ast-global-header-display":"","ast-banner-title-visibility":"","ast-main-header-display":"","ast-hfb-above-header-display":"","ast-hfb-below-header-display":"","ast-hfb-mobile-header-display":"","site-post-title":"disabled","ast-breadcrumbs-content":"","ast-featured-img":"","footer-sml-layout":"","theme-transparent-header-meta":"","adv-header-id-meta":"","stick-header-meta":"","header-above-stick-meta":"","header-main-stick-meta":"","header-below-stick-meta":"","astra-migrate-meta-layouts":"set","ast-page-background-enabled":"default","ast-page-background-meta":{"desktop":{"background-color":"","background-image":"","background-repeat":"repeat","background-position":"center center","background-size":"auto","background-attachment":"scroll","background-type":"","background-media":"","overlay-type":"","overlay-color":"","overlay-opacity":"","overlay-gradient":""},"tablet":{"background-color":"","background-image":"","background-repeat":"repeat","background-position":"center center","background-size":"auto","background-attachment":"scroll","background-type":"","background-media":"","overlay-type":"","overlay-color":"","overlay-opacity":"","overlay-gradient":""},"mobile":{"background-color":"","background-image":"","background-repeat":"repeat","background-position":"center center","background-size":"auto","background-attachment":"scroll","background-type":"","background-media":"","overlay-type":"","overlay-color":"","overlay-opacity":"","overlay-gradient":""}},"ast-content-background-meta":{"desktop":{"background-color":"var(--ast-global-color-5)","background-image":"","background-repeat":"repeat","background-position":"center center","background-size":"auto","background-attachment":"scroll","background-type":"","background-media":"","overlay-type":"","overlay-color":"","overlay-opacity":"","overlay-gradient":""},"tablet":{"background-color":"var(--ast-global-color-5)","background-image":"","background-repeat":"repeat","background-position":"center center","background-size":"auto","background-attachment":"scroll","background-type":"","background-media":"","overlay-type":"","overlay-color":"","overlay-opacity":"","overlay-gradient":""},"mobile":{"background-color":"var(--ast-global-color-5)","background-image":"","background-repeat":"repeat","background-position":"center center","background-size":"auto","background-attachment":"scroll","background-type":"","background-media":"","overlay-type":"","overlay-color":"","overlay-opacity":"","overlay-gradient":""}},"footnotes":""},"categories":[1,29],"tags":[],"class_list":["post-16133","post","type-post","status-publish","format-standard","has-post-thumbnail","hentry","category-general","category-portada"],"post_mailing_queue_ids":[],"_links":{"self":[{"href":"https:\/\/projectes.xtec.cat\/canaldereporters\/wp-json\/wp\/v2\/posts\/16133","targetHints":{"allow":["GET"]}}],"collection":[{"href":"https:\/\/projectes.xtec.cat\/canaldereporters\/wp-json\/wp\/v2\/posts"}],"about":[{"href":"https:\/\/projectes.xtec.cat\/canaldereporters\/wp-json\/wp\/v2\/types\/post"}],"author":[{"embeddable":true,"href":"https:\/\/projectes.xtec.cat\/canaldereporters\/wp-json\/wp\/v2\/users\/17"}],"replies":[{"embeddable":true,"href":"https:\/\/projectes.xtec.cat\/canaldereporters\/wp-json\/wp\/v2\/comments?post=16133"}],"version-history":[{"count":2,"href":"https:\/\/projectes.xtec.cat\/canaldereporters\/wp-json\/wp\/v2\/posts\/16133\/revisions"}],"predecessor-version":[{"id":16138,"href":"https:\/\/projectes.xtec.cat\/canaldereporters\/wp-json\/wp\/v2\/posts\/16133\/revisions\/16138"}],"wp:featuredmedia":[{"embeddable":true,"href":"https:\/\/projectes.xtec.cat\/canaldereporters\/wp-json\/wp\/v2\/media\/16135"}],"wp:attachment":[{"href":"https:\/\/projectes.xtec.cat\/canaldereporters\/wp-json\/wp\/v2\/media?parent=16133"}],"wp:term":[{"taxonomy":"category","embeddable":true,"href":"https:\/\/projectes.xtec.cat\/canaldereporters\/wp-json\/wp\/v2\/categories?post=16133"},{"taxonomy":"post_tag","embeddable":true,"href":"https:\/\/projectes.xtec.cat\/canaldereporters\/wp-json\/wp\/v2\/tags?post=16133"}],"curies":[{"name":"wp","href":"https:\/\/api.w.org\/{rel}","templated":true}]}}