{"id":16450,"date":"2026-04-23T00:00:30","date_gmt":"2026-04-22T22:00:30","guid":{"rendered":"https:\/\/projectes.xtec.cat\/canaldereporters\/?p=16450"},"modified":"2026-04-23T10:08:02","modified_gmt":"2026-04-23T08:08:02","slug":"emissio-de-sant-jordi-a-les-ones","status":"publish","type":"post","link":"https:\/\/projectes.xtec.cat\/canaldereporters\/emissio-de-sant-jordi-a-les-ones\/","title":{"rendered":"Emissi\u00f3 de Sant Jordi a les Ones"},"content":{"rendered":"\n<div class=\"wp-block-getwid-section alignwide\"><div class=\"wp-block-getwid-section__wrapper\"><div class=\"wp-block-getwid-section__inner-wrapper\"><div class=\"wp-block-getwid-section__background-holder\"><div class=\"wp-block-getwid-section__background\"><\/div><div class=\"wp-block-getwid-section__foreground\"><\/div><\/div><div class=\"wp-block-getwid-section__content\"><div class=\"wp-block-getwid-section__inner-content\">\n<p>Com cada <strong>23 d\u2019abril<\/strong> celebrem<strong> la diada de Sant Jordi<\/strong> i torna<a href=\"https:\/\/projectes.xtec.cat\/canaldereporters\/sant-jordi-a-les-ones\/\" data-type=\"page\" data-id=\"13773\"> l&#8217;activitat de<strong> SANT JORDI A LES ONES<\/strong>. <\/a>Aquesta proposta ofereix una bona oportunitat per fer sentir la veu de l\u2019alumnat i <strong>convertir la lectura i l\u2019escriptura en experi\u00e8ncies compartides, creatives i significatives.<\/strong><\/p>\n\n\n\n<div class=\"wp-block-columns has-background is-layout-flex wp-container-core-columns-is-layout-1 wp-block-columns-is-layout-flex\" style=\"background-color:#abb7c22e\">\n<div class=\"wp-block-column is-layout-flow wp-container-core-column-is-layout-1 wp-block-column-is-layout-flow\" style=\"flex-basis:100%\">\n<p class=\"has-text-align-right has-medium-font-size\">CLIQUEU AQUEST ENLLA\u00c7 PER SENTIR L&#8217;<a style=\"font-weight: bold;\" href=\"http:\/\/radio.edigital.cat:8084\/canaldereporters\" target=\"_blank\" rel=\"noreferrer noopener\">EMISSI\u00d3 SANT JORDI A LES ONES<\/a><\/p>\n<\/div>\n\n\n\n<div class=\"wp-block-column is-layout-flow wp-block-column-is-layout-flow\" style=\"flex-basis:33.33%\">\n<figure class=\"wp-block-image size-full is-resized\"><a href=\"http:\/\/radio.edigital.cat:8084\/canaldereporters\" target=\"_blank\" rel=\" noreferrer noopener\"><img loading=\"lazy\" decoding=\"async\" width=\"500\" height=\"500\" src=\"https:\/\/projectes.xtec.cat\/canaldereporters\/wp-content\/uploads\/usu2921\/2026\/02\/PLAY2.png\" alt=\"\" class=\"wp-image-16379\" style=\"width:70px;height:auto\" srcset=\"https:\/\/projectes.xtec.cat\/canaldereporters\/wp-content\/uploads\/usu2921\/2026\/02\/PLAY2.png 500w, https:\/\/projectes.xtec.cat\/canaldereporters\/wp-content\/uploads\/usu2921\/2026\/02\/PLAY2-300x300.png 300w, https:\/\/projectes.xtec.cat\/canaldereporters\/wp-content\/uploads\/usu2921\/2026\/02\/PLAY2-150x150.png 150w\" sizes=\"auto, (max-width: 500px) 100vw, 500px\" \/><\/a><\/figure>\n<\/div>\n<\/div>\n\n\n\n<div style=\"height:38px\" aria-hidden=\"true\" class=\"wp-block-spacer\"><\/div>\n\n\n\n<div class=\"wp-block-columns is-layout-flex wp-container-core-columns-is-layout-2 wp-block-columns-is-layout-flex\">\n<div class=\"wp-block-column is-layout-flow wp-block-column-is-layout-flow\" style=\"flex-basis:30%\">\n<figure class=\"wp-block-image size-full is-resized\"><a href=\"https:\/\/projectes.xtec.cat\/canaldereporters\/wp-content\/uploads\/usu2921\/2026\/03\/3.1.1._Sant-Jordi-a-les-Ones-Recomanacio-Literaria_553X553.png\"><img loading=\"lazy\" decoding=\"async\" width=\"553\" height=\"553\" src=\"https:\/\/projectes.xtec.cat\/canaldereporters\/wp-content\/uploads\/usu2921\/2026\/03\/3.1.1._Sant-Jordi-a-les-Ones-Recomanacio-Literaria_553X553.png\" alt=\"\" class=\"wp-image-16426\" style=\"width:350px\" srcset=\"https:\/\/projectes.xtec.cat\/canaldereporters\/wp-content\/uploads\/usu2921\/2026\/03\/3.1.1._Sant-Jordi-a-les-Ones-Recomanacio-Literaria_553X553.png 553w, https:\/\/projectes.xtec.cat\/canaldereporters\/wp-content\/uploads\/usu2921\/2026\/03\/3.1.1._Sant-Jordi-a-les-Ones-Recomanacio-Literaria_553X553-300x300.png 300w, https:\/\/projectes.xtec.cat\/canaldereporters\/wp-content\/uploads\/usu2921\/2026\/03\/3.1.1._Sant-Jordi-a-les-Ones-Recomanacio-Literaria_553X553-150x150.png 150w\" sizes=\"auto, (max-width: 553px) 100vw, 553px\" \/><\/a><\/figure>\n<\/div>\n\n\n\n<div class=\"wp-block-column is-layout-flow wp-block-column-is-layout-flow\">\n<p>La Diada coincideix amb el <strong>Dia Mundial del Llibre<\/strong>, fet que refor\u00e7a el seu valor com una diada que uneix cultura i patrimoni. Les activitats que es proposen ens ajuden a portar aquesta celebraci\u00f3 m\u00e9s enll\u00e0 del paper, incorporant formats comunicatius diversos que engresquin els infants i joves. <\/p>\n\n\n\n<p>L&#8217;activitat radiof\u00f2nica de Sant Jordi a les Ones convida a elaborar recomanacions en format sonor que ens poden&nbsp;<strong>despertar la curiositat, l\u2019inter\u00e8s i les ganes de llegir un llibre<\/strong>. \u00c9s important que, quan enregistrem les recomanacions, donem la informaci\u00f3 necess\u00e0ria perqu\u00e8 l\u2019oient decideixi si li interessa i pugui buscar el llibre.<\/p>\n\n\n\n<p>Recordeu que podeu escoltar totes les recomanacions al&nbsp;<a href=\"https:\/\/projectes.xtec.cat\/canaldereporters\/repositori\/\">REPOSITORI<\/a>&nbsp;d\u2019arxius sonors.<\/p>\n<\/div>\n<\/div>\n\n\n\n<hr class=\"wp-block-separator has-text-color has-pale-cyan-blue-color has-alpha-channel-opacity has-pale-cyan-blue-background-color has-background is-style-wide\"\/>\n<\/div><\/div><\/div><\/div><\/div>\n","protected":false},"excerpt":{"rendered":"<p>Com cada 23 d\u2019abril celebrem la diada de Sant Jordi i torna l&#8217;activitat de SANT JORDI A LES ONES. Aquesta proposta ofereix una bona oportunitat per fer sentir la veu de l\u2019alumnat i convertir la lectura i l\u2019escriptura en experi\u00e8ncies compartides, creatives i significatives.<\/p>\n<p>L&#8217;activitat radiof\u00f2nica de Sant Jordi a les Ones convida a elaborar recomanacions en format sonor que ens poden\u00a0despertar la curiositat, l\u2019inter\u00e8s i les ganes de llegir un llibre.<\/p>\n<p>No us perdeu el programa amb totes les recomanacions liter\u00e0ries d&#8217;enguany!<\/p>\n","protected":false},"author":3,"featured_media":16426,"comment_status":"closed","ping_status":"open","sticky":false,"template":"","format":"standard","meta":{"site-sidebar-layout":"default","site-content-layout":"","ast-site-content-layout":"default","site-content-style":"default","site-sidebar-style":"default","ast-global-header-display":"","ast-banner-title-visibility":"","ast-main-header-display":"","ast-hfb-above-header-display":"","ast-hfb-below-header-display":"","ast-hfb-mobile-header-display":"","site-post-title":"","ast-breadcrumbs-content":"","ast-featured-img":"","footer-sml-layout":"","theme-transparent-header-meta":"","adv-header-id-meta":"","stick-header-meta":"","header-above-stick-meta":"","header-main-stick-meta":"","header-below-stick-meta":"","astra-migrate-meta-layouts":"set","ast-page-background-enabled":"default","ast-page-background-meta":{"desktop":{"background-color":"","background-image":"","background-repeat":"repeat","background-position":"center center","background-size":"auto","background-attachment":"scroll","background-type":"","background-media":"","overlay-type":"","overlay-color":"","overlay-opacity":"","overlay-gradient":""},"tablet":{"background-color":"","background-image":"","background-repeat":"repeat","background-position":"center center","background-size":"auto","background-attachment":"scroll","background-type":"","background-media":"","overlay-type":"","overlay-color":"","overlay-opacity":"","overlay-gradient":""},"mobile":{"background-color":"","background-image":"","background-repeat":"repeat","background-position":"center center","background-size":"auto","background-attachment":"scroll","background-type":"","background-media":"","overlay-type":"","overlay-color":"","overlay-opacity":"","overlay-gradient":""}},"ast-content-background-meta":{"desktop":{"background-color":"var(--ast-global-color-5)","background-image":"","background-repeat":"repeat","background-position":"center center","background-size":"auto","background-attachment":"scroll","background-type":"","background-media":"","overlay-type":"","overlay-color":"","overlay-opacity":"","overlay-gradient":""},"tablet":{"background-color":"var(--ast-global-color-5)","background-image":"","background-repeat":"repeat","background-position":"center center","background-size":"auto","background-attachment":"scroll","background-type":"","background-media":"","overlay-type":"","overlay-color":"","overlay-opacity":"","overlay-gradient":""},"mobile":{"background-color":"var(--ast-global-color-5)","background-image":"","background-repeat":"repeat","background-position":"center center","background-size":"auto","background-attachment":"scroll","background-type":"","background-media":"","overlay-type":"","overlay-color":"","overlay-opacity":"","overlay-gradient":""}},"footnotes":""},"categories":[1,29],"tags":[],"class_list":["post-16450","post","type-post","status-publish","format-standard","has-post-thumbnail","hentry","category-general","category-portada"],"post_mailing_queue_ids":[],"_links":{"self":[{"href":"https:\/\/projectes.xtec.cat\/canaldereporters\/wp-json\/wp\/v2\/posts\/16450","targetHints":{"allow":["GET"]}}],"collection":[{"href":"https:\/\/projectes.xtec.cat\/canaldereporters\/wp-json\/wp\/v2\/posts"}],"about":[{"href":"https:\/\/projectes.xtec.cat\/canaldereporters\/wp-json\/wp\/v2\/types\/post"}],"author":[{"embeddable":true,"href":"https:\/\/projectes.xtec.cat\/canaldereporters\/wp-json\/wp\/v2\/users\/3"}],"replies":[{"embeddable":true,"href":"https:\/\/projectes.xtec.cat\/canaldereporters\/wp-json\/wp\/v2\/comments?post=16450"}],"version-history":[{"count":6,"href":"https:\/\/projectes.xtec.cat\/canaldereporters\/wp-json\/wp\/v2\/posts\/16450\/revisions"}],"predecessor-version":[{"id":16463,"href":"https:\/\/projectes.xtec.cat\/canaldereporters\/wp-json\/wp\/v2\/posts\/16450\/revisions\/16463"}],"wp:featuredmedia":[{"embeddable":true,"href":"https:\/\/projectes.xtec.cat\/canaldereporters\/wp-json\/wp\/v2\/media\/16426"}],"wp:attachment":[{"href":"https:\/\/projectes.xtec.cat\/canaldereporters\/wp-json\/wp\/v2\/media?parent=16450"}],"wp:term":[{"taxonomy":"category","embeddable":true,"href":"https:\/\/projectes.xtec.cat\/canaldereporters\/wp-json\/wp\/v2\/categories?post=16450"},{"taxonomy":"post_tag","embeddable":true,"href":"https:\/\/projectes.xtec.cat\/canaldereporters\/wp-json\/wp\/v2\/tags?post=16450"}],"curies":[{"name":"wp","href":"https:\/\/api.w.org\/{rel}","templated":true}]}}