{"id":10625,"date":"2022-07-04T11:04:15","date_gmt":"2022-07-04T09:04:15","guid":{"rendered":"https:\/\/projectes.xtec.cat\/centresformadors\/?p=10625"},"modified":"2022-07-06T20:29:39","modified_gmt":"2022-07-06T18:29:39","slug":"jornada-tecnica-avaluacio-i-practicum-en-la-formacio-inicial-de-mestres","status":"publish","type":"post","link":"https:\/\/projectes.xtec.cat\/centresformadors\/general\/jornada-tecnica-avaluacio-i-practicum-en-la-formacio-inicial-de-mestres\/","title":{"rendered":"Jornada T\u00e8cnica &#8220;Avaluaci\u00f3 i Pr\u00e0cticum en la formaci\u00f3 inicial de mestres&#8221;"},"content":{"rendered":"<p>El divendres 8 de juliol participarem a la Jornada T\u00e8cnica <em><strong>Avaluaci\u00f3 i Pr\u00e0cticum en la formaci\u00f3 inicial de mestres. <\/strong><\/em>Aquesta jornada, organitzada pel Grup MIF, <em>Millora i Innovaci\u00f3 en la Formaci\u00f3 de Mestres<\/em>, atendr\u00e0 a m\u00e9s de 80 participants, en <strong>format presencial<\/strong>, a la <strong>UVIC<\/strong>, ubicaci\u00f3 on es dur\u00e0 a terme aquesta jornada.<\/p>\n<p>A continuaci\u00f3, us adjuntem el programa:<\/p>\n<p><a href=\"https:\/\/projectes.xtec.cat\/centresformadors\/wp-content\/uploads\/usu1341\/2022\/07\/Programacio-JORNADA.jpg\"><img loading=\"lazy\" decoding=\"async\" class=\"aligncenter size-full wp-image-10635\" src=\"https:\/\/projectes.xtec.cat\/centresformadors\/wp-content\/uploads\/usu1341\/2022\/07\/Programacio-JORNADA.jpg\" alt=\"\" width=\"559\" height=\"784\" srcset=\"https:\/\/projectes.xtec.cat\/centresformadors\/wp-content\/uploads\/usu1341\/2022\/07\/Programacio-JORNADA.jpg 559w, https:\/\/projectes.xtec.cat\/centresformadors\/wp-content\/uploads\/usu1341\/2022\/07\/Programacio-JORNADA-214x300.jpg 214w\" sizes=\"auto, (max-width: 559px) 100vw, 559px\" \/><\/a><\/p>\n<p>&nbsp;<\/p>\n<p>&nbsp;<\/p>\n<p>&nbsp;<\/p>\n","protected":false},"excerpt":{"rendered":"<p>El divendres 8 de juliol participarem a la Jornada T\u00e8cnica Avaluaci\u00f3 i Pr\u00e0cticum en la formaci\u00f3 inicial de mestres. Aquesta jornada, organitzada pel Grup MIF, Millora i Innovaci\u00f3 en la Formaci\u00f3 de Mestres, atendr\u00e0 a m\u00e9s de 80 participants, en format presencial, a la UVIC,&hellip;  <a href=\"https:\/\/projectes.xtec.cat\/centresformadors\/general\/jornada-tecnica-avaluacio-i-practicum-en-la-formacio-inicial-de-mestres\/\" title=\"Read Jornada T\u00e8cnica &#8220;Avaluaci\u00f3 i Pr\u00e0cticum en la formaci\u00f3 inicial de mestres&#8221;\">Llegeix m\u00e9s\u00bb<\/a><\/p>\n","protected":false},"author":1,"featured_media":10635,"comment_status":"open","ping_status":"closed","sticky":false,"template":"","format":"standard","meta":{"_bbp_topic_count":0,"_bbp_reply_count":0,"_bbp_total_topic_count":0,"_bbp_total_reply_count":0,"_bbp_voice_count":0,"_bbp_anonymous_reply_count":0,"_bbp_topic_count_hidden":0,"_bbp_reply_count_hidden":0,"_bbp_forum_subforum_count":0,"footnotes":""},"categories":[1,293,29],"tags":[],"class_list":["post-10625","post","type-post","status-publish","format-standard","has-post-thumbnail","hentry","category-general","category-inici","category-portada"],"post_mailing_queue_ids":[],"_links":{"self":[{"href":"https:\/\/projectes.xtec.cat\/centresformadors\/wp-json\/wp\/v2\/posts\/10625","targetHints":{"allow":["GET"]}}],"collection":[{"href":"https:\/\/projectes.xtec.cat\/centresformadors\/wp-json\/wp\/v2\/posts"}],"about":[{"href":"https:\/\/projectes.xtec.cat\/centresformadors\/wp-json\/wp\/v2\/types\/post"}],"author":[{"embeddable":true,"href":"https:\/\/projectes.xtec.cat\/centresformadors\/wp-json\/wp\/v2\/users\/1"}],"replies":[{"embeddable":true,"href":"https:\/\/projectes.xtec.cat\/centresformadors\/wp-json\/wp\/v2\/comments?post=10625"}],"version-history":[{"count":3,"href":"https:\/\/projectes.xtec.cat\/centresformadors\/wp-json\/wp\/v2\/posts\/10625\/revisions"}],"predecessor-version":[{"id":10643,"href":"https:\/\/projectes.xtec.cat\/centresformadors\/wp-json\/wp\/v2\/posts\/10625\/revisions\/10643"}],"wp:featuredmedia":[{"embeddable":true,"href":"https:\/\/projectes.xtec.cat\/centresformadors\/wp-json\/wp\/v2\/media\/10635"}],"wp:attachment":[{"href":"https:\/\/projectes.xtec.cat\/centresformadors\/wp-json\/wp\/v2\/media?parent=10625"}],"wp:term":[{"taxonomy":"category","embeddable":true,"href":"https:\/\/projectes.xtec.cat\/centresformadors\/wp-json\/wp\/v2\/categories?post=10625"},{"taxonomy":"post_tag","embeddable":true,"href":"https:\/\/projectes.xtec.cat\/centresformadors\/wp-json\/wp\/v2\/tags?post=10625"}],"curies":[{"name":"wp","href":"https:\/\/api.w.org\/{rel}","templated":true}]}}