{"id":10676,"date":"2022-09-22T13:20:46","date_gmt":"2022-09-22T11:20:46","guid":{"rendered":"https:\/\/projectes.xtec.cat\/centresformadors\/?p=10676"},"modified":"2022-09-22T19:42:29","modified_gmt":"2022-09-22T17:42:29","slug":"taula-de-relacio-entre-especialitats-i-docencies-del-master-del-professorat","status":"publish","type":"post","link":"https:\/\/projectes.xtec.cat\/centresformadors\/general\/taula-de-relacio-entre-especialitats-i-docencies-del-master-del-professorat\/","title":{"rendered":"Taula de relaci\u00f3 entre especialitats i doc\u00e8ncies del M\u00e0ster del Professorat"},"content":{"rendered":"<p>Ja teniu a la vostra disposici\u00f3 la <a href=\"https:\/\/projectes.xtec.cat\/centresformadors\/wp-content\/uploads\/usu1341\/2022\/09\/Taula-especialitats-docencia-master.pdf\">taula<\/a> de relaci\u00f3 entre <strong>especialitats del m\u00e0ster<\/strong> i <strong>doc\u00e8ncies.<\/strong><\/p>\n<p>Com ja sabeu, a partir d&#8217;aquest curs a l&#8217;aplicaci\u00f3 de pr\u00e0ctiques nom\u00e9s \u00e9s possible escollir Especialitats del m\u00e0ster.<\/p>\n<p><a href=\"https:\/\/projectes.xtec.cat\/centresformadors\/wp-content\/uploads\/usu1341\/2022\/09\/Captura-de-pantalla_Taula-relacio.png\"><img loading=\"lazy\" decoding=\"async\" class=\"alignnone size-full wp-image-10679\" src=\"https:\/\/projectes.xtec.cat\/centresformadors\/wp-content\/uploads\/usu1341\/2022\/09\/Captura-de-pantalla_Taula-relacio.png\" alt=\"\" width=\"619\" height=\"510\" srcset=\"https:\/\/projectes.xtec.cat\/centresformadors\/wp-content\/uploads\/usu1341\/2022\/09\/Captura-de-pantalla_Taula-relacio.png 619w, https:\/\/projectes.xtec.cat\/centresformadors\/wp-content\/uploads\/usu1341\/2022\/09\/Captura-de-pantalla_Taula-relacio-300x247.png 300w\" sizes=\"auto, (max-width: 619px) 100vw, 619px\" \/><\/a><\/p>\n","protected":false},"excerpt":{"rendered":"<p>Ja teniu a la vostra disposici\u00f3 la <a href=\"https:\/\/projectes.xtec.cat\/centresformadors\/wp-content\/uploads\/usu1341\/2022\/09\/Taula-especialitats-docencia-master.pdf\">taula<\/a> de relaci\u00f3 entre especialitats del m\u00e0ster i doc\u00e8ncies.<br \/>\nCom ja sabeu, a partir d&#8217;aquest curs a l&#8217;aplicaci\u00f3 de pr\u00e0ctiques nom\u00e9s \u00e9s possible escollir Especialitats del m\u00e0ster.<br \/>\n<a href=\"https:\/\/projectes.xtec.cat\/centresformadors\/wp-content\/uploads\/usu1341\/2022\/09\/Captura-de-pantalla_Taula-relacio.png\"><\/a><\/p>\n","protected":false},"author":1,"featured_media":0,"comment_status":"open","ping_status":"closed","sticky":false,"template":"","format":"standard","meta":{"_bbp_topic_count":0,"_bbp_reply_count":0,"_bbp_total_topic_count":0,"_bbp_total_reply_count":0,"_bbp_voice_count":0,"_bbp_anonymous_reply_count":0,"_bbp_topic_count_hidden":0,"_bbp_reply_count_hidden":0,"_bbp_forum_subforum_count":0,"footnotes":""},"categories":[308,1,293],"tags":[],"class_list":["post-10676","post","type-post","status-publish","format-standard","hentry","category-aplicacio","category-general","category-inici"],"post_mailing_queue_ids":[],"_links":{"self":[{"href":"https:\/\/projectes.xtec.cat\/centresformadors\/wp-json\/wp\/v2\/posts\/10676","targetHints":{"allow":["GET"]}}],"collection":[{"href":"https:\/\/projectes.xtec.cat\/centresformadors\/wp-json\/wp\/v2\/posts"}],"about":[{"href":"https:\/\/projectes.xtec.cat\/centresformadors\/wp-json\/wp\/v2\/types\/post"}],"author":[{"embeddable":true,"href":"https:\/\/projectes.xtec.cat\/centresformadors\/wp-json\/wp\/v2\/users\/1"}],"replies":[{"embeddable":true,"href":"https:\/\/projectes.xtec.cat\/centresformadors\/wp-json\/wp\/v2\/comments?post=10676"}],"version-history":[{"count":3,"href":"https:\/\/projectes.xtec.cat\/centresformadors\/wp-json\/wp\/v2\/posts\/10676\/revisions"}],"predecessor-version":[{"id":10691,"href":"https:\/\/projectes.xtec.cat\/centresformadors\/wp-json\/wp\/v2\/posts\/10676\/revisions\/10691"}],"wp:attachment":[{"href":"https:\/\/projectes.xtec.cat\/centresformadors\/wp-json\/wp\/v2\/media?parent=10676"}],"wp:term":[{"taxonomy":"category","embeddable":true,"href":"https:\/\/projectes.xtec.cat\/centresformadors\/wp-json\/wp\/v2\/categories?post=10676"},{"taxonomy":"post_tag","embeddable":true,"href":"https:\/\/projectes.xtec.cat\/centresformadors\/wp-json\/wp\/v2\/tags?post=10676"}],"curies":[{"name":"wp","href":"https:\/\/api.w.org\/{rel}","templated":true}]}}