{"id":11334,"date":"2024-01-30T12:57:33","date_gmt":"2024-01-30T11:57:33","guid":{"rendered":"https:\/\/projectes.xtec.cat\/centresformadors\/?p=11334"},"modified":"2024-02-29T19:03:39","modified_gmt":"2024-02-29T18:03:39","slug":"jornada-les-practiques-universitaries-dels-futurs-docents-en-els-centres-formadors-aprenentatge-construit-i-compartit-entre-la-universitat-i-el-departament-deducacio","status":"publish","type":"post","link":"https:\/\/projectes.xtec.cat\/centresformadors\/general\/jornada-les-practiques-universitaries-dels-futurs-docents-en-els-centres-formadors-aprenentatge-construit-i-compartit-entre-la-universitat-i-el-departament-deducacio\/","title":{"rendered":"Jornada \u201cLes pr\u00e0ctiques universit\u00e0ries dels futurs docents en els centres formadors: aprenentatge constru\u00eft i compartit entre la Universitat i el Departament d\u2019Educaci\u00f3\u201d"},"content":{"rendered":"<p>El proper 1<strong> de febrer<\/strong> tindr\u00e0 lloc la jornada\u00a0 <em><strong>Les pr\u00e0ctiques universit\u00e0ries dels futurs docents en els centres formadors: aprenentatge constru\u00eft i compartit entre la Universitat i el Departament d\u2019Educaci\u00f3<\/strong><\/em>\u201d<strong><em>.<\/em><\/strong> Aquesta jornada est\u00e0 adre\u00e7ada a equips directius, coordinadors\/es, mentors\/es de <span class=\"il\">pr\u00e0ctiques<\/span> de centres formadors.<\/p>\n<p>Organitzada:<\/p>\n<p><a href=\"https:\/\/projectes.xtec.cat\/centresformadors\/wp-content\/uploads\/usu1341\/2024\/01\/Servei-territoral-Girona.jpg\"><img loading=\"lazy\" decoding=\"async\" class=\"wp-image-11338 alignnone\" src=\"https:\/\/projectes.xtec.cat\/centresformadors\/wp-content\/uploads\/usu1341\/2024\/01\/Servei-territoral-Girona.jpg\" alt=\"\" width=\"309\" height=\"73\" srcset=\"https:\/\/projectes.xtec.cat\/centresformadors\/wp-content\/uploads\/usu1341\/2024\/01\/Servei-territoral-Girona.jpg 754w, https:\/\/projectes.xtec.cat\/centresformadors\/wp-content\/uploads\/usu1341\/2024\/01\/Servei-territoral-Girona-300x71.jpg 300w\" sizes=\"auto, (max-width: 309px) 100vw, 309px\" \/><\/a><a href=\"https:\/\/projectes.xtec.cat\/centresformadors\/wp-content\/uploads\/usu1341\/2024\/01\/Universitat-de-Girona.png\"><img loading=\"lazy\" decoding=\"async\" class=\"wp-image-11339 alignnone\" src=\"https:\/\/projectes.xtec.cat\/centresformadors\/wp-content\/uploads\/usu1341\/2024\/01\/Universitat-de-Girona.png\" alt=\"\" width=\"320\" height=\"79\" srcset=\"https:\/\/projectes.xtec.cat\/centresformadors\/wp-content\/uploads\/usu1341\/2024\/01\/Universitat-de-Girona.png 854w, https:\/\/projectes.xtec.cat\/centresformadors\/wp-content\/uploads\/usu1341\/2024\/01\/Universitat-de-Girona-300x74.png 300w, https:\/\/projectes.xtec.cat\/centresformadors\/wp-content\/uploads\/usu1341\/2024\/01\/Universitat-de-Girona-768x190.png 768w\" sizes=\"auto, (max-width: 320px) 100vw, 320px\" \/><\/a><\/p>\n<p>Lloc: <strong>Auditori Josep Irla de la Generalitat a Girona<\/strong> (pl. Pompeu Fabra, 1 de Girona).<\/p>\n<p>Horari de<strong> 10 h da 13 h<\/strong>.<\/p>\n<p>Us compartim a sota el programa de la jornada<\/p>\n<p><a href=\"https:\/\/projectes.xtec.cat\/centresformadors\/wp-content\/uploads\/usu1341\/2023\/07\/Millora-continua.jpg\"><img loading=\"lazy\" decoding=\"async\" class=\" wp-image-11058 alignleft\" src=\"https:\/\/projectes.xtec.cat\/centresformadors\/wp-content\/uploads\/usu1341\/2023\/07\/Millora-continua.jpg\" alt=\"\" width=\"239\" height=\"373\" \/><\/a><\/p>\n<p><strong>10:00-10:15 h<\/strong> Benvinguda, a c\u00e0rrec del Sr. Adam Many\u00e9, director dels Serveis Territorials a Girona del Departament d\u2019Educaci\u00f3 de la Generalitat de Catalunya i de la Dra. Montserrat Vil\u00e0 Su\u00f1\u00e9, degana de la Facultat d\u2019Educaci\u00f3 i Psicologia de la Universitat de Girona<\/p>\n<p><strong>10:15-11:00 h<\/strong> Confer\u00e8ncia \u00das de les pantalles a la inf\u00e0ncia i l&#8217;adolesc\u00e8ncia: oportunitats i reptes a l&#8217;\u00e0mbit escolar a c\u00e0rrec de la Dra. Sara Malo Cerrato, professora agregada del Departament de Psicologia de la Universitat de Girona<\/p>\n<p><strong>11:00-11:30 h<\/strong> Pausa-caf\u00e8<\/p>\n<p><strong>11:30-12:15 h<\/strong> Presentaci\u00f3 d\u2019experi\u00e8ncies i bones pr\u00e0ctiques de centres formadors, d\u2019acompanyament d\u2019estudiants universitaris.<\/p>\n<p><strong>12:15-13:00 h<\/strong> Conclusions i cloenda de la Jornada<\/p>\n<p>&nbsp;<\/p>\n<p>Us animem a participar!<\/p>\n","protected":false},"excerpt":{"rendered":"<p>El proper 1 de febrer tindr\u00e0 lloc la jornada\u00a0 Les pr\u00e0ctiques universit\u00e0ries dels futurs docents en els centres formadors: aprenentatge constru\u00eft i compartit entre la Universitat i el Departament d\u2019Educaci\u00f3\u201d. Aquesta jornada est\u00e0 adre\u00e7ada a equips directius, coordinadors\/es, mentors\/es de pr\u00e0ctiques de centres formadors.<br \/>\nOrganitzada:<br \/>\n<a href=\"https:\/\/projectes.xtec.cat\/centresformadors\/wp-content\/uploads\/usu1341\/2024\/01\/Servei-territoral-Girona.jpg\"><\/a><a&hellip;  <a href=\"https:\/\/projectes.xtec.cat\/centresformadors\/general\/jornada-les-practiques-universitaries-dels-futurs-docents-en-els-centres-formadors-aprenentatge-construit-i-compartit-entre-la-universitat-i-el-departament-deducacio\/\" title=\"Read Jornada \u201cLes pr\u00e0ctiques universit\u00e0ries dels futurs docents en els centres formadors: aprenentatge constru\u00eft i compartit entre la Universitat i el Departament d\u2019Educaci\u00f3\u201d\">Llegeix m\u00e9s\u00bb<\/a><\/p>\n","protected":false},"author":1,"featured_media":11058,"comment_status":"open","ping_status":"closed","sticky":false,"template":"","format":"standard","meta":{"_bbp_topic_count":0,"_bbp_reply_count":0,"_bbp_total_topic_count":0,"_bbp_total_reply_count":0,"_bbp_voice_count":0,"_bbp_anonymous_reply_count":0,"_bbp_topic_count_hidden":0,"_bbp_reply_count_hidden":0,"_bbp_forum_subforum_count":0,"footnotes":""},"categories":[1,293,29],"tags":[],"class_list":["post-11334","post","type-post","status-publish","format-standard","has-post-thumbnail","hentry","category-general","category-inici","category-portada"],"post_mailing_queue_ids":[],"_links":{"self":[{"href":"https:\/\/projectes.xtec.cat\/centresformadors\/wp-json\/wp\/v2\/posts\/11334","targetHints":{"allow":["GET"]}}],"collection":[{"href":"https:\/\/projectes.xtec.cat\/centresformadors\/wp-json\/wp\/v2\/posts"}],"about":[{"href":"https:\/\/projectes.xtec.cat\/centresformadors\/wp-json\/wp\/v2\/types\/post"}],"author":[{"embeddable":true,"href":"https:\/\/projectes.xtec.cat\/centresformadors\/wp-json\/wp\/v2\/users\/1"}],"replies":[{"embeddable":true,"href":"https:\/\/projectes.xtec.cat\/centresformadors\/wp-json\/wp\/v2\/comments?post=11334"}],"version-history":[{"count":4,"href":"https:\/\/projectes.xtec.cat\/centresformadors\/wp-json\/wp\/v2\/posts\/11334\/revisions"}],"predecessor-version":[{"id":11341,"href":"https:\/\/projectes.xtec.cat\/centresformadors\/wp-json\/wp\/v2\/posts\/11334\/revisions\/11341"}],"wp:featuredmedia":[{"embeddable":true,"href":"https:\/\/projectes.xtec.cat\/centresformadors\/wp-json\/wp\/v2\/media\/11058"}],"wp:attachment":[{"href":"https:\/\/projectes.xtec.cat\/centresformadors\/wp-json\/wp\/v2\/media?parent=11334"}],"wp:term":[{"taxonomy":"category","embeddable":true,"href":"https:\/\/projectes.xtec.cat\/centresformadors\/wp-json\/wp\/v2\/categories?post=11334"},{"taxonomy":"post_tag","embeddable":true,"href":"https:\/\/projectes.xtec.cat\/centresformadors\/wp-json\/wp\/v2\/tags?post=11334"}],"curies":[{"name":"wp","href":"https:\/\/api.w.org\/{rel}","templated":true}]}}