{"id":8582,"date":"2020-02-14T11:10:19","date_gmt":"2020-02-14T10:10:19","guid":{"rendered":"https:\/\/projectes.xtec.cat\/centresformadors\/?p=8582"},"modified":"2020-12-09T12:19:45","modified_gmt":"2020-12-09T11:19:45","slug":"linies-de-treball-de-la-comissio-pedagogica","status":"publish","type":"post","link":"https:\/\/projectes.xtec.cat\/centresformadors\/general\/linies-de-treball-de-la-comissio-pedagogica\/","title":{"rendered":"L\u00ednies de treball de la Comissi\u00f3 Pedag\u00f2gica"},"content":{"rendered":"<p>Enguany la Comissi\u00f3 pedag\u00f2gica ha establert les l\u00ednies de treball organitzades en els grups seg\u00fcents:<\/p>\n<p><a href=\"https:\/\/projectes.xtec.cat\/centresformadors\/wp-content\/uploads\/usu1341\/2020\/02\/grups-NO-QR.jpg\"><img loading=\"lazy\" decoding=\"async\" class=\"size-large wp-image-8581 alignleft\" src=\"https:\/\/projectes.xtec.cat\/centresformadors\/wp-content\/uploads\/usu1341\/2020\/02\/grups-NO-QR-640x1024.jpg\" alt=\"\" width=\"640\" height=\"1024\" srcset=\"https:\/\/projectes.xtec.cat\/centresformadors\/wp-content\/uploads\/usu1341\/2020\/02\/grups-NO-QR-640x1024.jpg 640w, https:\/\/projectes.xtec.cat\/centresformadors\/wp-content\/uploads\/usu1341\/2020\/02\/grups-NO-QR-188x300.jpg 188w, https:\/\/projectes.xtec.cat\/centresformadors\/wp-content\/uploads\/usu1341\/2020\/02\/grups-NO-QR-768x1229.jpg 768w, https:\/\/projectes.xtec.cat\/centresformadors\/wp-content\/uploads\/usu1341\/2020\/02\/grups-NO-QR.jpg 2000w\" sizes=\"auto, (max-width: 640px) 100vw, 640px\" \/><\/a><\/p>\n<p>&nbsp;<\/p>\n<p>&nbsp;<\/p>\n<p>&nbsp;<\/p>\n<p>&nbsp;<\/p>\n<p>&nbsp;<\/p>\n<p>&nbsp;<\/p>\n<p>&nbsp;<\/p>\n<p>&nbsp;<\/p>\n<p>&nbsp;<\/p>\n<p>&nbsp;<\/p>\n<p>&nbsp;<\/p>\n<p>&nbsp;<\/p>\n<p>&nbsp;<\/p>\n<p>&nbsp;<\/p>\n<p>&nbsp;<\/p>\n<p>&nbsp;<\/p>\n<p>&nbsp;<\/p>\n<p>&nbsp;<\/p>\n<p>&nbsp;<\/p>\n<p>&nbsp;<\/p>\n<p>&nbsp;<\/p>\n<p>&nbsp;<\/p>\n<p>&nbsp;<\/p>\n<p>&nbsp;<\/p>\n<p>L\u00ednies estrat\u00e8giques per al desenvolupament del NOU MODEL de pr\u00e0ctiques<\/p>\n<p><a href=\"https:\/\/drive.google.com\/file\/d\/1Lr14sqtz-7sa9fJTGS7P66Lh5hqLMx0a\/view?usp=sharing\" target=\"_blank\" rel=\"noopener noreferrer\"><img loading=\"lazy\" decoding=\"async\" class=\"alignleft wp-image-8954 size-full\" src=\"https:\/\/projectes.xtec.cat\/centresformadors\/wp-content\/uploads\/usu1341\/2020\/09\/Captura.png\" alt=\"\" width=\"507\" height=\"292\" srcset=\"https:\/\/projectes.xtec.cat\/centresformadors\/wp-content\/uploads\/usu1341\/2020\/09\/Captura.png 507w, https:\/\/projectes.xtec.cat\/centresformadors\/wp-content\/uploads\/usu1341\/2020\/09\/Captura-300x173.png 300w\" sizes=\"auto, (max-width: 507px) 100vw, 507px\" \/><\/a><\/p>\n<p>&nbsp;<\/p>\n<p>&nbsp;<\/p>\n<p>&nbsp;<\/p>\n<p>&nbsp;<\/p>\n<p>&nbsp;<\/p>\n<p>&nbsp;<\/p>\n<p>&nbsp;<\/p>\n<p>&nbsp;<\/p>\n","protected":false},"excerpt":{"rendered":"<p>Enguany la Comissi\u00f3 pedag\u00f2gica ha establert les l\u00ednies de treball organitzades en els grups seg\u00fcents:<br \/>\n<a href=\"https:\/\/projectes.xtec.cat\/centresformadors\/wp-content\/uploads\/usu1341\/2020\/02\/grups-NO-QR.jpg\"><\/a><br \/>\n&nbsp;<br \/>\n&nbsp;<br \/>\n&nbsp;<br \/>\n&nbsp;<br \/>\n&nbsp;<br \/>\n&nbsp;<br \/>\n&nbsp;<br \/>\n&nbsp;<br \/>\n&nbsp;<br \/>\n&nbsp;<br \/>\n&nbsp;<br \/>\n&nbsp;<br \/>\n&nbsp;<br \/>\n&nbsp;<br \/>\n&nbsp;<br \/>\n&nbsp;<br \/>\n&nbsp;<br \/>\n&nbsp;<br \/>\n&nbsp;<br \/>\n&nbsp;<br \/>\n&nbsp;<br \/>\n&nbsp;<br \/>\n&nbsp;<br \/>\n&nbsp;<br \/>\nL\u00ednies estrat\u00e8giques per al desenvolupament del NOU MODEL de pr\u00e0ctiques<br \/>\n<a href=\"https:\/\/drive.google.com\/file\/d\/1Lr14sqtz-7sa9fJTGS7P66Lh5hqLMx0a\/view?usp=sharing\" target=\"_blank\" rel=\"noopener noreferrer\"><\/a><br \/>\n&nbsp;<br \/>\n&nbsp;<br \/>\n&nbsp;<br \/>\n&nbsp;<br \/>\n&nbsp;<br \/>\n&nbsp;<br \/>\n&nbsp;<br \/>\n&nbsp;<\/p>\n","protected":false},"author":1,"featured_media":0,"comment_status":"open","ping_status":"closed","sticky":false,"template":"","format":"standard","meta":{"_bbp_topic_count":0,"_bbp_reply_count":0,"_bbp_total_topic_count":0,"_bbp_total_reply_count":0,"_bbp_voice_count":0,"_bbp_anonymous_reply_count":0,"_bbp_topic_count_hidden":0,"_bbp_reply_count_hidden":0,"_bbp_forum_subforum_count":0,"footnotes":""},"categories":[305,1],"tags":[],"class_list":["post-8582","post","type-post","status-publish","format-standard","hentry","category-comissio-pedagogica","category-general"],"post_mailing_queue_ids":[],"_links":{"self":[{"href":"https:\/\/projectes.xtec.cat\/centresformadors\/wp-json\/wp\/v2\/posts\/8582","targetHints":{"allow":["GET"]}}],"collection":[{"href":"https:\/\/projectes.xtec.cat\/centresformadors\/wp-json\/wp\/v2\/posts"}],"about":[{"href":"https:\/\/projectes.xtec.cat\/centresformadors\/wp-json\/wp\/v2\/types\/post"}],"author":[{"embeddable":true,"href":"https:\/\/projectes.xtec.cat\/centresformadors\/wp-json\/wp\/v2\/users\/1"}],"replies":[{"embeddable":true,"href":"https:\/\/projectes.xtec.cat\/centresformadors\/wp-json\/wp\/v2\/comments?post=8582"}],"version-history":[{"count":4,"href":"https:\/\/projectes.xtec.cat\/centresformadors\/wp-json\/wp\/v2\/posts\/8582\/revisions"}],"predecessor-version":[{"id":9203,"href":"https:\/\/projectes.xtec.cat\/centresformadors\/wp-json\/wp\/v2\/posts\/8582\/revisions\/9203"}],"wp:attachment":[{"href":"https:\/\/projectes.xtec.cat\/centresformadors\/wp-json\/wp\/v2\/media?parent=8582"}],"wp:term":[{"taxonomy":"category","embeddable":true,"href":"https:\/\/projectes.xtec.cat\/centresformadors\/wp-json\/wp\/v2\/categories?post=8582"},{"taxonomy":"post_tag","embeddable":true,"href":"https:\/\/projectes.xtec.cat\/centresformadors\/wp-json\/wp\/v2\/tags?post=8582"}],"curies":[{"name":"wp","href":"https:\/\/api.w.org\/{rel}","templated":true}]}}