{"id":9392,"date":"2021-02-01T13:16:02","date_gmt":"2021-02-01T12:16:02","guid":{"rendered":"https:\/\/projectes.xtec.cat\/centresformadors\/?p=9392"},"modified":"2021-03-04T11:52:26","modified_gmt":"2021-03-04T10:52:26","slug":"practiques-educatives-basades-en-levidencia","status":"publish","type":"post","link":"https:\/\/projectes.xtec.cat\/centresformadors\/general\/practiques-educatives-basades-en-levidencia\/","title":{"rendered":"Pr\u00e0ctiques educatives basades en l&#8217;evid\u00e8ncia"},"content":{"rendered":"<p>Aquesta tarda la Georgeta Ion, responsable del projecte, \u201c<a href=\"https:\/\/projectes.xtec.cat\/centresformadors\/wp-content\/uploads\/usu1341\/2021\/02\/Pr\u00e0ctiques-basades-en-les-evidencies-per-a-la-inclusi\u00f3-escolar.pdf\" target=\"_blank\" rel=\"noopener noreferrer\">Evidence Informed Practice for School Inclusion<\/a>\u201d Projecte (EIPSI) finan\u00e7at pel Programa ERASMUS+ de la Uni\u00f3 Europea que desenvolupar\u00e0 el Centre de Recerca i Estudis pel Desenvolupament Organitzatiu (CRiEDO) de la Universitat Aut\u00f2noma de Barcelona (<a href=\"http:\/\/edo.uab.cat\/\" target=\"_blank\" rel=\"noopener noreferrer\" data-auth=\"NotApplicable\">http:\/\/edo.uab.cat<\/a>), s&#8217;ha reunit amb els centres formadors del programa d\u2019innovaci\u00f3 pedag\u00f2gica del MUFPS per explicar amb detall en qu\u00e8 consisteix aquest projecte.<\/p>\n<p>Aquesta reuni\u00f3 s\u2019emmarca\u00a0 dins del objectius d\u2019aquest programa, en concret,<em> promoure la col\u00b7laboraci\u00f3 en projectes de recerca i de transformaci\u00f3 educativa entre les universitats i els centres formadors.\u00a0<\/em><\/p>\n<p>&nbsp;<\/p>\n<p>&nbsp;<\/p>\n<p><em> <a href=\"https:\/\/projectes.xtec.cat\/centresformadors\/wp-content\/uploads\/usu1341\/2021\/02\/Tuit-1.png\"><img loading=\"lazy\" decoding=\"async\" class=\"alignnone size-large wp-image-9393\" src=\"https:\/\/projectes.xtec.cat\/centresformadors\/wp-content\/uploads\/usu1341\/2021\/02\/Tuit-1-1024x556.png\" alt=\"\" width=\"1024\" height=\"556\" srcset=\"https:\/\/projectes.xtec.cat\/centresformadors\/wp-content\/uploads\/usu1341\/2021\/02\/Tuit-1-1024x556.png 1024w, https:\/\/projectes.xtec.cat\/centresformadors\/wp-content\/uploads\/usu1341\/2021\/02\/Tuit-1-300x163.png 300w, https:\/\/projectes.xtec.cat\/centresformadors\/wp-content\/uploads\/usu1341\/2021\/02\/Tuit-1-768x417.png 768w, https:\/\/projectes.xtec.cat\/centresformadors\/wp-content\/uploads\/usu1341\/2021\/02\/Tuit-1.png 1234w\" sizes=\"auto, (max-width: 1024px) 100vw, 1024px\" \/><\/a><\/em><\/p>\n","protected":false},"excerpt":{"rendered":"<p>Aquesta tarda la Georgeta Ion, responsable del projecte, \u201c<a href=\"https:\/\/projectes.xtec.cat\/centresformadors\/wp-content\/uploads\/usu1341\/2021\/02\/Pr\u00e0ctiques-basades-en-les-evidencies-per-a-la-inclusi\u00f3-escolar.pdf\" target=\"_blank\" rel=\"noopener noreferrer\">Evidence Informed Practice for School Inclusion<\/a>\u201d Projecte (EIPSI) finan\u00e7at pel Programa ERASMUS+ de la Uni\u00f3 Europea que desenvolupar\u00e0 el Centre de Recerca i Estudis pel Desenvolupament Organitzatiu (CRiEDO) de la Universitat Aut\u00f2noma de&hellip;  <a href=\"https:\/\/projectes.xtec.cat\/centresformadors\/general\/practiques-educatives-basades-en-levidencia\/\" title=\"Read Pr\u00e0ctiques educatives basades en l&#8217;evid\u00e8ncia\">Llegeix m\u00e9s\u00bb<\/a><\/p>\n","protected":false},"author":1,"featured_media":9393,"comment_status":"open","ping_status":"closed","sticky":false,"template":"","format":"standard","meta":{"_bbp_topic_count":0,"_bbp_reply_count":0,"_bbp_total_topic_count":0,"_bbp_total_reply_count":0,"_bbp_voice_count":0,"_bbp_anonymous_reply_count":0,"_bbp_topic_count_hidden":0,"_bbp_reply_count_hidden":0,"_bbp_forum_subforum_count":0,"footnotes":""},"categories":[1,29],"tags":[],"class_list":["post-9392","post","type-post","status-publish","format-standard","has-post-thumbnail","hentry","category-general","category-portada"],"post_mailing_queue_ids":[],"_links":{"self":[{"href":"https:\/\/projectes.xtec.cat\/centresformadors\/wp-json\/wp\/v2\/posts\/9392","targetHints":{"allow":["GET"]}}],"collection":[{"href":"https:\/\/projectes.xtec.cat\/centresformadors\/wp-json\/wp\/v2\/posts"}],"about":[{"href":"https:\/\/projectes.xtec.cat\/centresformadors\/wp-json\/wp\/v2\/types\/post"}],"author":[{"embeddable":true,"href":"https:\/\/projectes.xtec.cat\/centresformadors\/wp-json\/wp\/v2\/users\/1"}],"replies":[{"embeddable":true,"href":"https:\/\/projectes.xtec.cat\/centresformadors\/wp-json\/wp\/v2\/comments?post=9392"}],"version-history":[{"count":3,"href":"https:\/\/projectes.xtec.cat\/centresformadors\/wp-json\/wp\/v2\/posts\/9392\/revisions"}],"predecessor-version":[{"id":9400,"href":"https:\/\/projectes.xtec.cat\/centresformadors\/wp-json\/wp\/v2\/posts\/9392\/revisions\/9400"}],"wp:featuredmedia":[{"embeddable":true,"href":"https:\/\/projectes.xtec.cat\/centresformadors\/wp-json\/wp\/v2\/media\/9393"}],"wp:attachment":[{"href":"https:\/\/projectes.xtec.cat\/centresformadors\/wp-json\/wp\/v2\/media?parent=9392"}],"wp:term":[{"taxonomy":"category","embeddable":true,"href":"https:\/\/projectes.xtec.cat\/centresformadors\/wp-json\/wp\/v2\/categories?post=9392"},{"taxonomy":"post_tag","embeddable":true,"href":"https:\/\/projectes.xtec.cat\/centresformadors\/wp-json\/wp\/v2\/tags?post=9392"}],"curies":[{"name":"wp","href":"https:\/\/api.w.org\/{rel}","templated":true}]}}