{"id":297,"count":65,"description":"Biblioteca escolar\r\n<div class=\"wp-block-columns\">\r\n<div class=\"wp-block-column\">\r\n\r\nEl programa biblioteques escolars t\u00e9 per objectiu potenciar<em>\u00a0<\/em>la<em>\u00a0<\/em>biblioteca escolar<em>\u00a0<\/em>de tots els centres educatius\u00a0com un espai de recursos on tant els alumnes com els professors, i tota la comunitat educativa en general puguin trobar informaci\u00f3 en diversos suports. S'ent\u00e9n la biblioteca com un\u00a0recurs fonamental per a l\u2019adquisici\u00f3 de les compet\u00e8ncies b\u00e0siques i el desplegament dels continguts curriculars, i com un element clau en l\u2019assoliment de l\u2019h\u00e0bit lector, la compet\u00e8ncia informacional i l\u2019adquisici\u00f3 d\u2019aprenentatges aut\u00f2noms.\r\n\r\nEl programa dona suport a les biblioteques escolars amb diverses accions i amb l\u2019elaboraci\u00f3 i difusi\u00f3 de materials i recursos espec\u00edfics.\r\n\r\nL'any 2021 vam entrar a formar part del CETE+, un Consorci Erasmus+ liderat pel Departament d\u2019Educaci\u00f3.\r\n\r\nContacte:\u00a0<a href=\"mailto:biblioteques@xtec.cat\">biblioteques@xtec.cat<\/a>\r\n\r\n<a href=\"https:\/\/projectes.xtec.cat\/cete\/wp-content\/uploads\/usu2644\/2022\/03\/audiencia.png\"><img class=\"alignnone wp-image-8403 size-thumbnail\" src=\"https:\/\/projectes.xtec.cat\/cete\/wp-content\/uploads\/usu2644\/2022\/03\/audiencia-150x150.png\" alt=\"\" width=\"150\" height=\"150\" \/><\/a>\r\n\r\n<\/div>\r\n<div class=\"wp-block-column\">\r\n\r\n\u00cdndex\r\n<ul>\r\n \t<li><a href=\"https:\/\/projectes.xtec.cat\/cete\/objectius-puntedu\/\">Objectius<\/a><\/li>\r\n \t<li><a href=\"https:\/\/projectes.xtec.cat\/cete\/tematiques-puntedu\/\">Tem\u00e0tiques<\/a><\/li>\r\n \t<li><a href=\"https:\/\/projectes.xtec.cat\/cete\/els-nostres-centres-puntedu\/\">Centres<\/a><\/li>\r\n \t<li><a href=\"https:\/\/projectes.xtec.cat\/cete\/linies-daccio-puntedu\/\">L\u00ednies d'acci\u00f3<\/a><\/li>\r\n \t<li><a href=\"https:\/\/projectes.xtec.cat\/cete\/darrers-esdeveniments-puntedu\/\">Darrers esdeveniments<\/a><\/li>\r\n \t<li><a href=\"https:\/\/projectes.xtec.cat\/cete\/evidencies-puntedu\/\">Evid\u00e8ncies<\/a><\/li>\r\n<\/ul>\r\n<\/div>\r\n<\/div>","link":"https:\/\/projectes.xtec.cat\/cete\/categoria\/puntedu\/","name":"PuntEdu","slug":"puntedu","taxonomy":"category","parent":0,"meta":[],"_links":{"self":[{"href":"https:\/\/projectes.xtec.cat\/cete\/wp-json\/wp\/v2\/categories\/297","targetHints":{"allow":["GET"]}}],"collection":[{"href":"https:\/\/projectes.xtec.cat\/cete\/wp-json\/wp\/v2\/categories"}],"about":[{"href":"https:\/\/projectes.xtec.cat\/cete\/wp-json\/wp\/v2\/taxonomies\/category"}],"wp:post_type":[{"href":"https:\/\/projectes.xtec.cat\/cete\/wp-json\/wp\/v2\/posts?categories=297"}],"curies":[{"name":"wp","href":"https:\/\/api.w.org\/{rel}","templated":true}]}}