{"id":10076,"date":"2024-01-17T19:39:11","date_gmt":"2024-01-17T18:39:11","guid":{"rendered":"https:\/\/projectes.xtec.cat\/cete\/?p=10076"},"modified":"2024-01-17T19:39:11","modified_gmt":"2024-01-17T18:39:11","slug":"fem-coneixer-el-projecte-a-la-comunitat-educativa-escola-sant-jordi-equip-de-treball-be-puntedu","status":"publish","type":"post","link":"https:\/\/projectes.xtec.cat\/cete\/portada\/fem-coneixer-el-projecte-a-la-comunitat-educativa-escola-sant-jordi-equip-de-treball-be-puntedu\/","title":{"rendered":"Fem con\u00e8ixer el projecte a la comunitat educativa: Escola Sant Jordi (Equip de treball BE Puntedu)"},"content":{"rendered":"<p><a href=\"https:\/\/projectes.xtec.cat\/cete\/wp-content\/uploads\/usu2644\/2024\/01\/Et-convido-a-llegir.jpg\"><img loading=\"lazy\" decoding=\"async\" class=\" wp-image-10077 alignleft\" src=\"https:\/\/projectes.xtec.cat\/cete\/wp-content\/uploads\/usu2644\/2024\/01\/Et-convido-a-llegir.jpg\" alt=\"\" width=\"185\" height=\"185\" srcset=\"https:\/\/projectes.xtec.cat\/cete\/wp-content\/uploads\/usu2644\/2024\/01\/Et-convido-a-llegir.jpg 1024w, https:\/\/projectes.xtec.cat\/cete\/wp-content\/uploads\/usu2644\/2024\/01\/Et-convido-a-llegir-300x300.jpg 300w, https:\/\/projectes.xtec.cat\/cete\/wp-content\/uploads\/usu2644\/2024\/01\/Et-convido-a-llegir-150x150.jpg 150w, https:\/\/projectes.xtec.cat\/cete\/wp-content\/uploads\/usu2644\/2024\/01\/Et-convido-a-llegir-768x768.jpg 768w\" sizes=\"auto, (max-width: 185px) 100vw, 185px\" \/><\/a>L\u2019<a href=\"https:\/\/agora.xtec.cat\/ceip-santjordi-svhorts\/portada\/et-convido-a-llegir\/\" target=\"_blank\" rel=\"noopener\">escola Sant Jordi<\/a> de Sant Vicen\u00e7 dels Horts forma part de l\u2019equip de treball de BE Puntedu del Projecte Erasmus CETE+ 23. A l\u2019inici del projecte vam parlar de la possibilitat de fer con\u00e8ixer autors i autores europeus i aix\u00ed fer difusi\u00f3, tamb\u00e9, del projecte a tota la comunitat educativa.<\/p>\n<p>Des de la biblioteca escolar han proposat una activitat per a tot l\u2019alumnat que consisteix a recomanar llibres d\u2019autors i autores d\u2019un pa\u00eds de la Uni\u00f3 Europea.<\/p>\n<p>Cada curs t\u00e9 el seu padlet per fer les recomanacions.<\/p>\n<p>L\u2019alumnat d\u2019infantil trobar\u00e0 aquesta tasca a dins del seu<a href=\"https:\/\/blocs.xtec.cat\/infantilsantjordisvh\/i3\/\" target=\"_blank\" rel=\"noopener\">\u00a0bloc<\/a>. Han demanat la col\u00b7laboraci\u00f3 de les fam\u00edlies, sobretot amb l\u2019alumnat m\u00e9s petit.<\/p>\n<p>L\u2019alumnat de Prim\u00e0ria ha d\u2019entrar al classroom on hi tenen el padlet i un v\u00eddeotutorial que explica com fer-ho ( hi ha 2 v\u00eddeos: un per entrar-hi a trav\u00e9s de l\u2019enlla\u00e7 i l\u2019altre ja descarregat per si no funciona l\u2019enlla\u00e7).<\/p>\n<p>Un cop tinguin totes les aportacions prepararan un mapa d\u2019Europa amb les recomanacions dels nens i nenes de l\u2019escola.<\/p>\n","protected":false},"excerpt":{"rendered":"<p><a href=\"https:\/\/projectes.xtec.cat\/cete\/wp-content\/uploads\/usu2644\/2024\/01\/Et-convido-a-llegir.jpg\"><\/a>L\u2019<a href=\"https:\/\/agora.xtec.cat\/ceip-santjordi-svhorts\/portada\/et-convido-a-llegir\/\" target=\"_blank\" rel=\"noopener\">escola Sant Jordi<\/a> de Sant Vicen\u00e7 dels Horts forma part de l\u2019equip de treball de BE Puntedu del Projecte Erasmus CETE+ 23. A l\u2019inici del projecte vam parlar de la possibilitat de fer con\u00e8ixer autors i autores europeus i aix\u00ed fer&hellip;  <a href=\"https:\/\/projectes.xtec.cat\/cete\/portada\/fem-coneixer-el-projecte-a-la-comunitat-educativa-escola-sant-jordi-equip-de-treball-be-puntedu\/\" title=\"Read Fem con\u00e8ixer el projecte a la comunitat educativa: Escola Sant Jordi (Equip de treball BE Puntedu)\">Llegeix m\u00e9s\u00bb<\/a><\/p>\n","protected":false},"author":14,"featured_media":10077,"comment_status":"open","ping_status":"closed","sticky":false,"template":"","format":"standard","meta":{"_bbp_topic_count":0,"_bbp_reply_count":0,"_bbp_total_topic_count":0,"_bbp_total_reply_count":0,"_bbp_voice_count":0,"_bbp_anonymous_reply_count":0,"_bbp_topic_count_hidden":0,"_bbp_reply_count_hidden":0,"_bbp_forum_subforum_count":0,"footnotes":""},"categories":[29,297],"tags":[331],"class_list":["post-10076","post","type-post","status-publish","format-standard","has-post-thumbnail","hentry","category-portada","category-puntedu","tag-erasmusbescat"],"post_mailing_queue_ids":[],"_links":{"self":[{"href":"https:\/\/projectes.xtec.cat\/cete\/wp-json\/wp\/v2\/posts\/10076","targetHints":{"allow":["GET"]}}],"collection":[{"href":"https:\/\/projectes.xtec.cat\/cete\/wp-json\/wp\/v2\/posts"}],"about":[{"href":"https:\/\/projectes.xtec.cat\/cete\/wp-json\/wp\/v2\/types\/post"}],"author":[{"embeddable":true,"href":"https:\/\/projectes.xtec.cat\/cete\/wp-json\/wp\/v2\/users\/14"}],"replies":[{"embeddable":true,"href":"https:\/\/projectes.xtec.cat\/cete\/wp-json\/wp\/v2\/comments?post=10076"}],"version-history":[{"count":2,"href":"https:\/\/projectes.xtec.cat\/cete\/wp-json\/wp\/v2\/posts\/10076\/revisions"}],"predecessor-version":[{"id":10079,"href":"https:\/\/projectes.xtec.cat\/cete\/wp-json\/wp\/v2\/posts\/10076\/revisions\/10079"}],"wp:featuredmedia":[{"embeddable":true,"href":"https:\/\/projectes.xtec.cat\/cete\/wp-json\/wp\/v2\/media\/10077"}],"wp:attachment":[{"href":"https:\/\/projectes.xtec.cat\/cete\/wp-json\/wp\/v2\/media?parent=10076"}],"wp:term":[{"taxonomy":"category","embeddable":true,"href":"https:\/\/projectes.xtec.cat\/cete\/wp-json\/wp\/v2\/categories?post=10076"},{"taxonomy":"post_tag","embeddable":true,"href":"https:\/\/projectes.xtec.cat\/cete\/wp-json\/wp\/v2\/tags?post=10076"}],"curies":[{"name":"wp","href":"https:\/\/api.w.org\/{rel}","templated":true}]}}