{"id":10195,"date":"2024-02-06T10:27:04","date_gmt":"2024-02-06T09:27:04","guid":{"rendered":"https:\/\/projectes.xtec.cat\/cete\/?p=10195"},"modified":"2024-02-06T14:22:50","modified_gmt":"2024-02-06T13:22:50","slug":"job-shadowing-a-de-haan-belgica-de-lequip-emailc-cete","status":"publish","type":"post","link":"https:\/\/projectes.xtec.cat\/cete\/portada\/job-shadowing-a-de-haan-belgica-de-lequip-emailc-cete\/","title":{"rendered":"Job Shadowing a De Haan (B\u00e8lgica) de l&#8217;equip EMAILC CETE+"},"content":{"rendered":"<p><a href=\"https:\/\/projectes.xtec.cat\/cete\/wp-content\/uploads\/usu2644\/2024\/02\/1.jpg\"><img loading=\"lazy\" decoding=\"async\" class=\" wp-image-10199 alignleft\" src=\"https:\/\/projectes.xtec.cat\/cete\/wp-content\/uploads\/usu2644\/2024\/02\/1.jpg\" alt=\"\" width=\"418\" height=\"279\" srcset=\"https:\/\/projectes.xtec.cat\/cete\/wp-content\/uploads\/usu2644\/2024\/02\/1.jpg 887w, https:\/\/projectes.xtec.cat\/cete\/wp-content\/uploads\/usu2644\/2024\/02\/1-300x200.jpg 300w, https:\/\/projectes.xtec.cat\/cete\/wp-content\/uploads\/usu2644\/2024\/02\/1-768x513.jpg 768w\" sizes=\"auto, (max-width: 418px) 100vw, 418px\" \/><\/a>Dins del marc del projecte CETE+ EMAILC, entre el 28 de gener i el 3 de febrer, les docents Sandra Lacruz de l\u2019Institut de Gurb i Maria Novella de l\u2019Institut el Vern de Lli\u00e7\u00e0 de Vall van participar activament en un per\u00edode de job shadowing als centres educatius Maerlant Atheneum i Tienerschool De Haan de B\u00e8lgica. Durant aquesta experi\u00e8ncia, van ser testimonis de com els centres belgues implementen l&#8217;enfocament AICLE.<\/p>\n<p>De primera m\u00e0, les participants han compartit les seves experi\u00e8ncies del job shadowing:<\/p>\n<p>Maria: \u201c<em>El fet que la visita sigui a dos Instituts tan diferents ajuda, en poc temps, a fer-te una idea de diferents maneres de treballar i les diferents metodologies que l\u2019espai i l\u2019entorn permeten aplicar. El primer Institut, <a href=\"https:\/\/www.maerlantatheneum.be\/\">Maerlant Atheneum<\/a>, \u00e9s m\u00e9s gran, amb classes m\u00e9s nombroses i amb sessions m\u00e9s magistrals; l\u2019altre<a href=\"https:\/\/tienerschool.campuseinstein.be\/\"> Tienerschool De Haan<\/a> \u00e9s m\u00e9s petit, semblant a un Institut escola on l\u2019espai permet aplicar altres metodologies d\u2019aprenentatge basades en grups de treballs i espais \u00f2ptims per treball cooperatiu. Tot i les difer\u00e8ncies, he apr\u00e8s molt de tots dos i he pogut adquirir moltes idees per millorar les meves activitats en general i sobretot les AICLE. Realment, una experi\u00e8ncia molt enriquidora<\/em>\u201d<br \/>\nSandra: \u201c<em>Crec que \u00e9s una oportunitat que tot docent hauria de disposar en algun moment de la seva traject\u00f2ria docent, \u00e9s molt enriquidor i aprens molt en tots els sentits. Et permet veure diferents estrat\u00e8gies, formes d\u2019ensenyar i de compartir com veiem els nostres sistemes educatius, aix\u00ed com observar que, en general, tota la joventut \u00e9s igual en tots dos pa\u00efsos (mateixes preocupacions, mateixos jocs entre ells, mateixa forma de relacionar-se\u2026). Tot i que b\u00e0sicament hem seguit nom\u00e9s al mateix professor en els dos centres, hem pogut veure diferents mat\u00e8ries, ja que \u00e9s professor de geografia, angl\u00e8s i hist\u00f2ria. Totes tres les fa en angl\u00e8s, aix\u00ed que hem pogut veure com s\u2019aplica la metodologia AICLE en aquests centres, una metodologia optativa, per\u00f2 amb un gran seguiment per una bona part de l\u2019alumnat. Tots dos instituts s\u00f3n molt diferents en nombre d\u2019alumnes i metodologia, per\u00f2 tots dos tenen un bon nivell d\u2019assoliment de la llengua anglesa, en part perqu\u00e8 tots els dibuixos s\u00f3n en angl\u00e8s subtitulat en flamenc o franc\u00e8s, aix\u00ed com les pel\u00b7l\u00edcules, que les veuen en V.O.S<\/em>.\u201d<\/p>\n<p>Volem agrair especialment al coordinador dels centres educatius belgues, el professor de Geografia Tom Daneels, per organitzar tot el programa. A m\u00e9s, volem estendre el nostre agra\u00efment al personal dels centres visitats. I, per descomptat, a Maria i Sandra per compartir les seves experi\u00e8ncies.<\/p>\n<p>&nbsp;<\/p>\n<p><a href=\"https:\/\/projectes.xtec.cat\/cete\/wp-content\/uploads\/usu2644\/2024\/02\/2.jpg\"><img loading=\"lazy\" decoding=\"async\" class=\" wp-image-10200 alignleft\" src=\"https:\/\/projectes.xtec.cat\/cete\/wp-content\/uploads\/usu2644\/2024\/02\/2.jpg\" alt=\"\" width=\"434\" height=\"322\" srcset=\"https:\/\/projectes.xtec.cat\/cete\/wp-content\/uploads\/usu2644\/2024\/02\/2.jpg 735w, https:\/\/projectes.xtec.cat\/cete\/wp-content\/uploads\/usu2644\/2024\/02\/2-300x222.jpg 300w\" sizes=\"auto, (max-width: 434px) 100vw, 434px\" \/><\/a><\/p>\n<p><a href=\"https:\/\/projectes.xtec.cat\/cete\/wp-content\/uploads\/usu2644\/2024\/02\/3.jpg\"><img loading=\"lazy\" decoding=\"async\" class=\"wp-image-10201 alignnone alignleft\" src=\"https:\/\/projectes.xtec.cat\/cete\/wp-content\/uploads\/usu2644\/2024\/02\/3.jpg\" alt=\"\" width=\"430\" height=\"322\" srcset=\"https:\/\/projectes.xtec.cat\/cete\/wp-content\/uploads\/usu2644\/2024\/02\/3.jpg 562w, https:\/\/projectes.xtec.cat\/cete\/wp-content\/uploads\/usu2644\/2024\/02\/3-300x224.jpg 300w, https:\/\/projectes.xtec.cat\/cete\/wp-content\/uploads\/usu2644\/2024\/02\/3-200x150.jpg 200w\" sizes=\"auto, (max-width: 430px) 100vw, 430px\" \/><\/a><a href=\"https:\/\/projectes.xtec.cat\/cete\/wp-content\/uploads\/usu2644\/2024\/02\/4.jpg\"><img loading=\"lazy\" decoding=\"async\" class=\"wp-image-10202 alignleft\" src=\"https:\/\/projectes.xtec.cat\/cete\/wp-content\/uploads\/usu2644\/2024\/02\/4.jpg\" alt=\"\" width=\"364\" height=\"331\" srcset=\"https:\/\/projectes.xtec.cat\/cete\/wp-content\/uploads\/usu2644\/2024\/02\/4.jpg 728w, https:\/\/projectes.xtec.cat\/cete\/wp-content\/uploads\/usu2644\/2024\/02\/4-300x273.jpg 300w\" sizes=\"auto, (max-width: 364px) 100vw, 364px\" \/><\/a><a href=\"https:\/\/projectes.xtec.cat\/cete\/wp-content\/uploads\/usu2644\/2024\/02\/3.jpg\"><br \/>\n<\/a><\/p>\n<p>&nbsp;<\/p>\n<p><a href=\"https:\/\/projectes.xtec.cat\/cete\/wp-content\/uploads\/usu2644\/2024\/02\/5.jpg\"><img loading=\"lazy\" decoding=\"async\" class=\"wp-image-10206 alignleft\" src=\"https:\/\/projectes.xtec.cat\/cete\/wp-content\/uploads\/usu2644\/2024\/02\/5.jpg\" alt=\"\" width=\"457\" height=\"321\" srcset=\"https:\/\/projectes.xtec.cat\/cete\/wp-content\/uploads\/usu2644\/2024\/02\/5.jpg 964w, https:\/\/projectes.xtec.cat\/cete\/wp-content\/uploads\/usu2644\/2024\/02\/5-300x211.jpg 300w, https:\/\/projectes.xtec.cat\/cete\/wp-content\/uploads\/usu2644\/2024\/02\/5-768x539.jpg 768w\" sizes=\"auto, (max-width: 457px) 100vw, 457px\" \/><\/a><\/p>\n","protected":false},"excerpt":{"rendered":"<p><a href=\"https:\/\/projectes.xtec.cat\/cete\/wp-content\/uploads\/usu2644\/2024\/02\/1.jpg\"><\/a>Dins del marc del projecte CETE+ EMAILC, entre el 28 de gener i el 3 de febrer, les docents Sandra Lacruz de l\u2019Institut de Gurb i Maria Novella de l\u2019Institut el Vern de Lli\u00e7\u00e0 de Vall van participar activament en un per\u00edode de job&hellip;  <a href=\"https:\/\/projectes.xtec.cat\/cete\/portada\/job-shadowing-a-de-haan-belgica-de-lequip-emailc-cete\/\" title=\"Read Job Shadowing a De Haan (B\u00e8lgica) de l&#8217;equip EMAILC CETE+\">Llegeix m\u00e9s\u00bb<\/a><\/p>\n","protected":false},"author":15,"featured_media":10199,"comment_status":"open","ping_status":"closed","sticky":false,"template":"","format":"standard","meta":{"_bbp_topic_count":0,"_bbp_reply_count":0,"_bbp_total_topic_count":0,"_bbp_total_reply_count":0,"_bbp_voice_count":0,"_bbp_anonymous_reply_count":0,"_bbp_topic_count_hidden":0,"_bbp_reply_count_hidden":0,"_bbp_forum_subforum_count":0,"footnotes":""},"categories":[296,29],"tags":[],"class_list":["post-10195","post","type-post","status-publish","format-standard","has-post-thumbnail","hentry","category-emailc","category-portada"],"post_mailing_queue_ids":[],"_links":{"self":[{"href":"https:\/\/projectes.xtec.cat\/cete\/wp-json\/wp\/v2\/posts\/10195","targetHints":{"allow":["GET"]}}],"collection":[{"href":"https:\/\/projectes.xtec.cat\/cete\/wp-json\/wp\/v2\/posts"}],"about":[{"href":"https:\/\/projectes.xtec.cat\/cete\/wp-json\/wp\/v2\/types\/post"}],"author":[{"embeddable":true,"href":"https:\/\/projectes.xtec.cat\/cete\/wp-json\/wp\/v2\/users\/15"}],"replies":[{"embeddable":true,"href":"https:\/\/projectes.xtec.cat\/cete\/wp-json\/wp\/v2\/comments?post=10195"}],"version-history":[{"count":6,"href":"https:\/\/projectes.xtec.cat\/cete\/wp-json\/wp\/v2\/posts\/10195\/revisions"}],"predecessor-version":[{"id":10209,"href":"https:\/\/projectes.xtec.cat\/cete\/wp-json\/wp\/v2\/posts\/10195\/revisions\/10209"}],"wp:featuredmedia":[{"embeddable":true,"href":"https:\/\/projectes.xtec.cat\/cete\/wp-json\/wp\/v2\/media\/10199"}],"wp:attachment":[{"href":"https:\/\/projectes.xtec.cat\/cete\/wp-json\/wp\/v2\/media?parent=10195"}],"wp:term":[{"taxonomy":"category","embeddable":true,"href":"https:\/\/projectes.xtec.cat\/cete\/wp-json\/wp\/v2\/categories?post=10195"},{"taxonomy":"post_tag","embeddable":true,"href":"https:\/\/projectes.xtec.cat\/cete\/wp-json\/wp\/v2\/tags?post=10195"}],"curies":[{"name":"wp","href":"https:\/\/api.w.org\/{rel}","templated":true}]}}