{"id":10254,"date":"2024-02-21T16:11:30","date_gmt":"2024-02-21T15:11:30","guid":{"rendered":"https:\/\/projectes.xtec.cat\/cete\/?p=10254"},"modified":"2024-02-21T16:12:39","modified_gmt":"2024-02-21T15:12:39","slug":"comenca-la-mobilitat-esam-tilc-a-brescia-italia","status":"publish","type":"post","link":"https:\/\/projectes.xtec.cat\/cete\/portada\/comenca-la-mobilitat-esam-tilc-a-brescia-italia\/","title":{"rendered":"Comen\u00e7a la Mobilitat ESAM-TILC a Brescia (It\u00e0lia)"},"content":{"rendered":"<p><a href=\"https:\/\/projectes.xtec.cat\/cete\/wp-content\/uploads\/usu2644\/2024\/02\/brescia1.jpg\"><img loading=\"lazy\" decoding=\"async\" class=\"size-medium wp-image-10255 alignleft\" src=\"https:\/\/projectes.xtec.cat\/cete\/wp-content\/uploads\/usu2644\/2024\/02\/brescia1-225x300.jpg\" alt=\"\" width=\"225\" height=\"300\" srcset=\"https:\/\/projectes.xtec.cat\/cete\/wp-content\/uploads\/usu2644\/2024\/02\/brescia1-225x300.jpg 225w, https:\/\/projectes.xtec.cat\/cete\/wp-content\/uploads\/usu2644\/2024\/02\/brescia1.jpg 768w\" sizes=\"auto, (max-width: 225px) 100vw, 225px\" \/><\/a><\/p>\n<p>L\u2019escola Colors (Les Franqueses del Vall\u00e8s), l\u2019escola FEDAC (Vic), Institut Jonqueres (Sabadell), Escola Antoni Roig (Torredembarra), l\u2019Institut escola Coves d\u2019en\u00a0<span class=\"hiddenSpellError\">Cimany<\/span>\u00a0(Barcelona) i el t\u00e8cnic docent del Departament d\u2019Educaci\u00f3 ja hem arribat a Brescia, It\u00e0lia!<\/p>\n<p>Despr\u00e9s d&#8217;instal\u00b7lar-nos, la nostra referent durant el viatge, la\u00a0<span class=\"hiddenSpellError\">Marilena<\/span>\u00a0E., ens ha acompanyat a l\u2019<strong><span class=\"hiddenSpellError\">Ufficio<\/span>\u00a0<span class=\"hiddenSpellError\">S<\/span><\/strong><strong><span class=\"hiddenSpellError\">colastico<\/span>\u00a0<span class=\"hiddenSpellError\">Territoriale<\/span> di Brescia<\/strong> (equivalent als nostres Serveis Territorials del Departament d\u2019Educaci\u00f3), on ens han explicat el sistema educatiu estatal d\u2019It\u00e0lia, concretament de la regi\u00f3 de Brescia (Llombardia, It\u00e0lia). Entre altres coses, destaca que tenen un centre <em>(CIT: Centri Intercultura Territoriali di Brescia)<\/em> que es dedica espec\u00edficament a ajudar a les escoles en el treball de l\u2019alumnat provinent de contextos migratoris. En la seva web podem trobar un banc de recursos sobre el tema: <a href=\"http:\/\/www.centrinterculturabrescia.it\">www.centrinterculturabrescia.it<\/a><\/p>\n<p>&nbsp;<\/p>\n<p>&nbsp;<\/p>\n<p>Tamb\u00e9 existeix un document base anomenat <em>\u201cOrientamenti interculturali\u201d <\/em>amb idees i propostes per la integraci\u00f3 d\u2019alumnes provinents de contextos migratoris.<\/p>\n<p><a href=\"https:\/\/www.centrinterculturabrescia.it\/\" target=\"_blank\" rel=\"noopener\"><img loading=\"lazy\" decoding=\"async\" class=\"alignnone wp-image-10256 size-full\" src=\"https:\/\/projectes.xtec.cat\/cete\/wp-content\/uploads\/usu2644\/2024\/02\/brescia2.png\" alt=\"\" width=\"209\" height=\"300\" \/><\/a><\/p>\n<p>Nosaltres tamb\u00e9 els hem fet una presentaci\u00f3 del sistema educatiu catal\u00e0 i de l\u2019acollida de l\u2019alumnat nouvingut. Ha estat ben interessant!<\/p>\n<p>Els dies vinents visitarem diferents centres educatius de prim\u00e0ria i secund\u00e0ria on esperem aprendre i con\u00e8ixer nous recursos per incorporar als nostres centres.<\/p>\n<p>&nbsp;<\/p>\n","protected":false},"excerpt":{"rendered":"<p><a href=\"https:\/\/projectes.xtec.cat\/cete\/wp-content\/uploads\/usu2644\/2024\/02\/brescia1.jpg\"><\/a><br \/>\nL\u2019escola Colors (Les Franqueses del Vall\u00e8s), l\u2019escola FEDAC (Vic), Institut Jonqueres (Sabadell), Escola Antoni Roig (Torredembarra), l\u2019Institut escola Coves d\u2019en\u00a0Cimany\u00a0(Barcelona) i el t\u00e8cnic docent del Departament d\u2019Educaci\u00f3 ja hem arribat a Brescia, It\u00e0lia!<br \/>\nDespr\u00e9s d&#8217;instal\u00b7lar-nos, la nostra referent durant el viatge, la\u00a0Marilena\u00a0E., ens ha acompanyat&hellip;  <a href=\"https:\/\/projectes.xtec.cat\/cete\/portada\/comenca-la-mobilitat-esam-tilc-a-brescia-italia\/\" title=\"Read Comen\u00e7a la Mobilitat ESAM-TILC a Brescia (It\u00e0lia)\">Llegeix m\u00e9s\u00bb<\/a><\/p>\n","protected":false},"author":18,"featured_media":10255,"comment_status":"open","ping_status":"closed","sticky":false,"template":"","format":"standard","meta":{"_bbp_topic_count":0,"_bbp_reply_count":0,"_bbp_total_topic_count":0,"_bbp_total_reply_count":0,"_bbp_voice_count":0,"_bbp_anonymous_reply_count":0,"_bbp_topic_count_hidden":0,"_bbp_reply_count_hidden":0,"_bbp_forum_subforum_count":0,"footnotes":""},"categories":[295,29],"tags":[314,311,310,308,309,340],"class_list":["post-10254","post","type-post","status-publish","format-standard","has-post-thumbnail","hentry","category-esam","category-portada","tag-cete","tag-ceteesamtilc","tag-erasmus","tag-esamtilc","tag-mcesamtilc","tag-mobilitats"],"post_mailing_queue_ids":[],"_links":{"self":[{"href":"https:\/\/projectes.xtec.cat\/cete\/wp-json\/wp\/v2\/posts\/10254","targetHints":{"allow":["GET"]}}],"collection":[{"href":"https:\/\/projectes.xtec.cat\/cete\/wp-json\/wp\/v2\/posts"}],"about":[{"href":"https:\/\/projectes.xtec.cat\/cete\/wp-json\/wp\/v2\/types\/post"}],"author":[{"embeddable":true,"href":"https:\/\/projectes.xtec.cat\/cete\/wp-json\/wp\/v2\/users\/18"}],"replies":[{"embeddable":true,"href":"https:\/\/projectes.xtec.cat\/cete\/wp-json\/wp\/v2\/comments?post=10254"}],"version-history":[{"count":1,"href":"https:\/\/projectes.xtec.cat\/cete\/wp-json\/wp\/v2\/posts\/10254\/revisions"}],"predecessor-version":[{"id":10257,"href":"https:\/\/projectes.xtec.cat\/cete\/wp-json\/wp\/v2\/posts\/10254\/revisions\/10257"}],"wp:featuredmedia":[{"embeddable":true,"href":"https:\/\/projectes.xtec.cat\/cete\/wp-json\/wp\/v2\/media\/10255"}],"wp:attachment":[{"href":"https:\/\/projectes.xtec.cat\/cete\/wp-json\/wp\/v2\/media?parent=10254"}],"wp:term":[{"taxonomy":"category","embeddable":true,"href":"https:\/\/projectes.xtec.cat\/cete\/wp-json\/wp\/v2\/categories?post=10254"},{"taxonomy":"post_tag","embeddable":true,"href":"https:\/\/projectes.xtec.cat\/cete\/wp-json\/wp\/v2\/tags?post=10254"}],"curies":[{"name":"wp","href":"https:\/\/api.w.org\/{rel}","templated":true}]}}