{"id":10306,"date":"2024-03-05T10:05:29","date_gmt":"2024-03-05T09:05:29","guid":{"rendered":"https:\/\/projectes.xtec.cat\/cete\/?p=10306"},"modified":"2024-03-05T10:05:29","modified_gmt":"2024-03-05T09:05:29","slug":"dia-dels-autors-europeus-proposta-de-lequip-de-be-puntedu","status":"publish","type":"post","link":"https:\/\/projectes.xtec.cat\/cete\/portada\/dia-dels-autors-europeus-proposta-de-lequip-de-be-puntedu\/","title":{"rendered":"Dia dels Autors Europeus. Proposta de l&#8217;equip de BE PuntEdu"},"content":{"rendered":"<p><a href=\"https:\/\/projectes.xtec.cat\/cete\/wp-content\/uploads\/usu2644\/2024\/03\/Discovering-the-European-authors-e1709629488785.png\"><img loading=\"lazy\" decoding=\"async\" class=\"wp-image-10307 alignleft\" src=\"https:\/\/projectes.xtec.cat\/cete\/wp-content\/uploads\/usu2644\/2024\/03\/Discovering-the-European-authors-e1709629488785-1024x573.png\" alt=\"\" width=\"457\" height=\"256\" srcset=\"https:\/\/projectes.xtec.cat\/cete\/wp-content\/uploads\/usu2644\/2024\/03\/Discovering-the-European-authors-e1709629488785-1024x573.png 1024w, https:\/\/projectes.xtec.cat\/cete\/wp-content\/uploads\/usu2644\/2024\/03\/Discovering-the-European-authors-e1709629488785-300x168.png 300w, https:\/\/projectes.xtec.cat\/cete\/wp-content\/uploads\/usu2644\/2024\/03\/Discovering-the-European-authors-e1709629488785-768x430.png 768w, https:\/\/projectes.xtec.cat\/cete\/wp-content\/uploads\/usu2644\/2024\/03\/Discovering-the-European-authors-e1709629488785-1536x860.png 1536w, https:\/\/projectes.xtec.cat\/cete\/wp-content\/uploads\/usu2644\/2024\/03\/Discovering-the-European-authors-e1709629488785.png 1577w\" sizes=\"auto, (max-width: 457px) 100vw, 457px\" \/><\/a>El dia 25 de mar\u00e7 de 2024 tindr\u00e0 lloc la segona edici\u00f3 del \u201c<strong>Dia dels Autors Europeus\u201d.<\/strong><\/p>\n<p>El \u201cDia dels Autors Europeus\u201d \u00e9s una iniciativa de la Comissi\u00f3 Europea que permet explorar la gran diversitat de la literatura europea i fomentar la compet\u00e8ncia lectora. Aquesta iniciativa permet participar en activitats com: con\u00e8ixer autors, compartir experi\u00e8ncies, etc.<\/p>\n<p>Us convidem a unir-vos a la campanya i organitzar activitats per celebrar aquest dia i con\u00e8ixer autors europeus.<\/p>\n<p>En\u00a0<a href=\"https:\/\/culture.ec.europa.eu\/cultural-and-creative-sectors\/books-and-publishing\/day-of-european-authors\" data-saferedirecturl=\"https:\/\/www.google.com\/url?q=https:\/\/culture.ec.europa.eu\/cultural-and-creative-sectors\/books-and-publishing\/day-of-european-authors&amp;source=gmail&amp;ust=1709028425236000&amp;usg=AOvVaw2RhqzCk90JRptj9dkgEjZ9\">aquest espai web<\/a>\u00a0hi ha m\u00e9s informaci\u00f3. Tamb\u00e9 podeu consultar aquest\u00a0<a href=\"https:\/\/ec.europa.eu\/assets\/eac\/culture\/day-of-european-authors\/factsheet-2023-day-of-eu-authors.pdf\" data-saferedirecturl=\"https:\/\/www.google.com\/url?q=https:\/\/ec.europa.eu\/assets\/eac\/culture\/day-of-european-authors\/factsheet-2023-day-of-eu-authors.pdf&amp;source=gmail&amp;ust=1709028425236000&amp;usg=AOvVaw3zMQqapfIxxfpK-uafXQZ0\">full informatiu<\/a>\u00a0amb algunes\u00a0<a href=\"https:\/\/ec.europa.eu\/assets\/eac\/culture\/day-of-european-authors\/2024-day-of-european-authors-get-inspired.pdf\" data-saferedirecturl=\"https:\/\/www.google.com\/url?q=https:\/\/ec.europa.eu\/assets\/eac\/culture\/day-of-european-authors\/2024-day-of-european-authors-get-inspired.pdf&amp;source=gmail&amp;ust=1709028425236000&amp;usg=AOvVaw30GkFmexZTpnLLE5zBrSgz\">hist\u00f2ries inspiradores<\/a>\u00a0de la primera edici\u00f3.<\/p>\n<p>Teniu aquest\u00a0<a href=\"https:\/\/ec.europa.eu\/eusurvey\/runner\/EuropeanAuthors2024\" data-saferedirecturl=\"https:\/\/www.google.com\/url?q=https:\/\/ec.europa.eu\/eusurvey\/runner\/EuropeanAuthors2024&amp;source=gmail&amp;ust=1709028425236000&amp;usg=AOvVaw0oEGAS8iChYPuLhZ5yylc0\">formulari electr\u00f2nic<\/a>\u00a0per registrar l\u2019activitat que feu.<\/p>\n<p>Des del programa de biblioteques escolars us fem una proposta que queda recollida en aquest Genially.<\/p>\n<p>Si us uniu a la campanya, podeu etiquetar les publicacions amb els\u00a0<em>hashtags<\/em>\u00a0#ReadWithEurope i #europeanauthorsbescat<\/p>\n","protected":false},"excerpt":{"rendered":"<p><a href=\"https:\/\/projectes.xtec.cat\/cete\/wp-content\/uploads\/usu2644\/2024\/03\/Discovering-the-European-authors-e1709629488785.png\"><\/a>El dia 25 de mar\u00e7 de 2024 tindr\u00e0 lloc la segona edici\u00f3 del \u201cDia dels Autors Europeus\u201d.<br \/>\nEl \u201cDia dels Autors Europeus\u201d \u00e9s una iniciativa de la Comissi\u00f3 Europea que permet explorar la gran diversitat de la literatura europea i fomentar la compet\u00e8ncia lectora. Aquesta&hellip;  <a href=\"https:\/\/projectes.xtec.cat\/cete\/portada\/dia-dels-autors-europeus-proposta-de-lequip-de-be-puntedu\/\" title=\"Read Dia dels Autors Europeus. Proposta de l&#8217;equip de BE PuntEdu\">Llegeix m\u00e9s\u00bb<\/a><\/p>\n","protected":false},"author":14,"featured_media":10307,"comment_status":"open","ping_status":"closed","sticky":false,"template":"","format":"standard","meta":{"_bbp_topic_count":0,"_bbp_reply_count":0,"_bbp_total_topic_count":0,"_bbp_total_reply_count":0,"_bbp_voice_count":0,"_bbp_anonymous_reply_count":0,"_bbp_topic_count_hidden":0,"_bbp_reply_count_hidden":0,"_bbp_forum_subforum_count":0,"footnotes":""},"categories":[29,297],"tags":[331,314],"class_list":["post-10306","post","type-post","status-publish","format-standard","has-post-thumbnail","hentry","category-portada","category-puntedu","tag-erasmusbescat","tag-cete"],"post_mailing_queue_ids":[],"_links":{"self":[{"href":"https:\/\/projectes.xtec.cat\/cete\/wp-json\/wp\/v2\/posts\/10306","targetHints":{"allow":["GET"]}}],"collection":[{"href":"https:\/\/projectes.xtec.cat\/cete\/wp-json\/wp\/v2\/posts"}],"about":[{"href":"https:\/\/projectes.xtec.cat\/cete\/wp-json\/wp\/v2\/types\/post"}],"author":[{"embeddable":true,"href":"https:\/\/projectes.xtec.cat\/cete\/wp-json\/wp\/v2\/users\/14"}],"replies":[{"embeddable":true,"href":"https:\/\/projectes.xtec.cat\/cete\/wp-json\/wp\/v2\/comments?post=10306"}],"version-history":[{"count":2,"href":"https:\/\/projectes.xtec.cat\/cete\/wp-json\/wp\/v2\/posts\/10306\/revisions"}],"predecessor-version":[{"id":10309,"href":"https:\/\/projectes.xtec.cat\/cete\/wp-json\/wp\/v2\/posts\/10306\/revisions\/10309"}],"wp:featuredmedia":[{"embeddable":true,"href":"https:\/\/projectes.xtec.cat\/cete\/wp-json\/wp\/v2\/media\/10307"}],"wp:attachment":[{"href":"https:\/\/projectes.xtec.cat\/cete\/wp-json\/wp\/v2\/media?parent=10306"}],"wp:term":[{"taxonomy":"category","embeddable":true,"href":"https:\/\/projectes.xtec.cat\/cete\/wp-json\/wp\/v2\/categories?post=10306"},{"taxonomy":"post_tag","embeddable":true,"href":"https:\/\/projectes.xtec.cat\/cete\/wp-json\/wp\/v2\/tags?post=10306"}],"curies":[{"name":"wp","href":"https:\/\/api.w.org\/{rel}","templated":true}]}}