{"id":10310,"date":"2024-03-05T11:43:02","date_gmt":"2024-03-05T10:43:02","guid":{"rendered":"https:\/\/projectes.xtec.cat\/cete\/?p=10310"},"modified":"2024-03-05T11:43:02","modified_gmt":"2024-03-05T10:43:02","slug":"mobilitat-esam-tilc-a-berlin","status":"publish","type":"post","link":"https:\/\/projectes.xtec.cat\/cete\/portada\/mobilitat-esam-tilc-a-berlin\/","title":{"rendered":"Mobilitat ESAM-TILC a Berl\u00edn"},"content":{"rendered":"<p><a href=\"https:\/\/projectes.xtec.cat\/cete\/wp-content\/uploads\/usu2644\/2024\/03\/IMG_1593-br_.jpg\"><img loading=\"lazy\" decoding=\"async\" class=\"size-medium wp-image-10318 alignleft\" src=\"https:\/\/projectes.xtec.cat\/cete\/wp-content\/uploads\/usu2644\/2024\/03\/IMG_1593-br_-300x225.jpg\" alt=\"\" width=\"300\" height=\"225\" srcset=\"https:\/\/projectes.xtec.cat\/cete\/wp-content\/uploads\/usu2644\/2024\/03\/IMG_1593-br_-300x225.jpg 300w, https:\/\/projectes.xtec.cat\/cete\/wp-content\/uploads\/usu2644\/2024\/03\/IMG_1593-br_-1024x768.jpg 1024w, https:\/\/projectes.xtec.cat\/cete\/wp-content\/uploads\/usu2644\/2024\/03\/IMG_1593-br_-768x576.jpg 768w, https:\/\/projectes.xtec.cat\/cete\/wp-content\/uploads\/usu2644\/2024\/03\/IMG_1593-br_-1536x1152.jpg 1536w, https:\/\/projectes.xtec.cat\/cete\/wp-content\/uploads\/usu2644\/2024\/03\/IMG_1593-br_-200x150.jpg 200w, https:\/\/projectes.xtec.cat\/cete\/wp-content\/uploads\/usu2644\/2024\/03\/IMG_1593-br_.jpg 1838w\" sizes=\"auto, (max-width: 300px) 100vw, 300px\" \/><\/a>La setmana del 26 de febrer a l\u20191 de mar\u00e7, un equip de docents de diferents centres educatius de Catalunya ha viatjat a Berl\u00edn en el marc de les mobilitats vinculades als programes ERASMUS+ i ESAMTILC del Consorci Europeu per la Transformaci\u00f3 Educativa (CETE+).<\/p>\n<p>L\u2019equip ha visitat l\u2019escola de prim\u00e0ria biling\u00fce<a href=\"https:\/\/joan-miro-grundschule.de\/\" target=\"_blank\" rel=\"noopener\"> <b>Joan Mir\u00f3<\/b><\/a> on els han mostrat el seu projecte educatiu i durant tota la setmana han observat diferents classes que s\u2019imparteixen 50% en alemany i 50% en castell\u00e0. Aquesta escola es troba al barri de Charlottenburg, que rep un elevat percentatge d\u2019alumnes de diferents parts del m\u00f3n. Molts dels alumnes s\u00f3n fills de progenitors alemanys o hispanoparlants, i \u00e9s per aix\u00f2 que mostren el seu inter\u00e8s per l\u2019aprenentatge dels seus fills en ambdues lleng\u00fces. La gran majoria de les sessions s\u00f3n de llengua i divideixen els alumnes en dos subgrups (L1 i L2).<\/p>\n<p>D\u2019altra banda, tamb\u00e9 han pogut observar la manera de treballar de l\u2019escola regular, de la mateixa escola Joan Mir\u00f3. Les classes de l\u2019escola regular s\u2019imparteixen nom\u00e9s en alemany i els alumnes procedents d\u2019altres pa\u00efsos passen primer per l\u2019aula d\u2019acollida (una per alumnes de 1r a 3r i una altra pels de 4t a 6\u00e8), on durant 4 hores di\u00e0ries reben nocions b\u00e0siques de la llengua. Quan els mestres consideren que estan preparats, passen a l\u2019aula ordin\u00e0ria amb la resta de companys i companyes.<\/p>\n<p>A m\u00e9s a m\u00e9s, han visitat l\u2019escola de prim\u00e0ria<a href=\"https:\/\/www.lemgogrundschule.de\/ueber-uns\/\" target=\"_blank\" rel=\"noopener\"> <b>Lemgo<\/b><\/a> al barri de Kreuzberg. Es tracta tamb\u00e9 d\u2019una escola biling\u00fce, i tamb\u00e9 t\u00e9 escola regular alemanya. All\u00e0 han pogut observar una realitat ben diferent, ja que hi assisteixen alumnes de diferents parts del m\u00f3n, i han constatat com els professionals que hi treballen duen a terme una tasca brillant i enriquidora, per tal de donar valor a l\u2019escola i que les fam\u00edlies socialment vulnerables portin als seus fills i filles cada dia a l\u2019escola. Aquest centre no gaudeix d\u2019aula d\u2019acollida, la qual cosa fa que els alumnes nouvinguts assisteixin directament, i de manera inclusiva, a l\u2019aula ordin\u00e0ria amb la resta de companys i companyes.<\/p>\n<p><a href=\"https:\/\/projectes.xtec.cat\/cete\/wp-content\/uploads\/usu2644\/2024\/03\/IMG_7310-br_-scaled.jpg\"><img loading=\"lazy\" decoding=\"async\" class=\"size-medium wp-image-10316 alignleft\" src=\"https:\/\/projectes.xtec.cat\/cete\/wp-content\/uploads\/usu2644\/2024\/03\/IMG_7310-br_-225x300.jpg\" alt=\"\" width=\"225\" height=\"300\" srcset=\"https:\/\/projectes.xtec.cat\/cete\/wp-content\/uploads\/usu2644\/2024\/03\/IMG_7310-br_-225x300.jpg 225w, https:\/\/projectes.xtec.cat\/cete\/wp-content\/uploads\/usu2644\/2024\/03\/IMG_7310-br_-768x1024.jpg 768w, https:\/\/projectes.xtec.cat\/cete\/wp-content\/uploads\/usu2644\/2024\/03\/IMG_7310-br_-1152x1536.jpg 1152w, https:\/\/projectes.xtec.cat\/cete\/wp-content\/uploads\/usu2644\/2024\/03\/IMG_7310-br_-1536x2048.jpg 1536w, https:\/\/projectes.xtec.cat\/cete\/wp-content\/uploads\/usu2644\/2024\/03\/IMG_7310-br_-scaled.jpg 1920w\" sizes=\"auto, (max-width: 225px) 100vw, 225px\" \/><\/a><a href=\"https:\/\/projectes.xtec.cat\/cete\/wp-content\/uploads\/usu2644\/2024\/03\/IMG_20240229_105059-scaled.jpg\"><img loading=\"lazy\" decoding=\"async\" class=\"alignnone size-medium wp-image-10317\" src=\"https:\/\/projectes.xtec.cat\/cete\/wp-content\/uploads\/usu2644\/2024\/03\/IMG_20240229_105059-300x224.jpg\" alt=\"\" width=\"300\" height=\"224\" srcset=\"https:\/\/projectes.xtec.cat\/cete\/wp-content\/uploads\/usu2644\/2024\/03\/IMG_20240229_105059-300x224.jpg 300w, https:\/\/projectes.xtec.cat\/cete\/wp-content\/uploads\/usu2644\/2024\/03\/IMG_20240229_105059-1024x766.jpg 1024w, https:\/\/projectes.xtec.cat\/cete\/wp-content\/uploads\/usu2644\/2024\/03\/IMG_20240229_105059-768x575.jpg 768w, https:\/\/projectes.xtec.cat\/cete\/wp-content\/uploads\/usu2644\/2024\/03\/IMG_20240229_105059-1536x1149.jpg 1536w, https:\/\/projectes.xtec.cat\/cete\/wp-content\/uploads\/usu2644\/2024\/03\/IMG_20240229_105059-2048x1532.jpg 2048w, https:\/\/projectes.xtec.cat\/cete\/wp-content\/uploads\/usu2644\/2024\/03\/IMG_20240229_105059-200x150.jpg 200w\" sizes=\"auto, (max-width: 300px) 100vw, 300px\" \/><\/a> <a href=\"https:\/\/projectes.xtec.cat\/cete\/wp-content\/uploads\/usu2644\/2024\/03\/IMG_7249-scaled.jpg\"><img loading=\"lazy\" decoding=\"async\" class=\"alignnone size-medium wp-image-10315\" src=\"https:\/\/projectes.xtec.cat\/cete\/wp-content\/uploads\/usu2644\/2024\/03\/IMG_7249-300x225.jpg\" alt=\"\" width=\"300\" height=\"225\" srcset=\"https:\/\/projectes.xtec.cat\/cete\/wp-content\/uploads\/usu2644\/2024\/03\/IMG_7249-300x225.jpg 300w, https:\/\/projectes.xtec.cat\/cete\/wp-content\/uploads\/usu2644\/2024\/03\/IMG_7249-1024x768.jpg 1024w, https:\/\/projectes.xtec.cat\/cete\/wp-content\/uploads\/usu2644\/2024\/03\/IMG_7249-768x576.jpg 768w, https:\/\/projectes.xtec.cat\/cete\/wp-content\/uploads\/usu2644\/2024\/03\/IMG_7249-1536x1152.jpg 1536w, https:\/\/projectes.xtec.cat\/cete\/wp-content\/uploads\/usu2644\/2024\/03\/IMG_7249-2048x1536.jpg 2048w, https:\/\/projectes.xtec.cat\/cete\/wp-content\/uploads\/usu2644\/2024\/03\/IMG_7249-200x150.jpg 200w\" sizes=\"auto, (max-width: 300px) 100vw, 300px\" \/><\/a> <a href=\"https:\/\/projectes.xtec.cat\/cete\/wp-content\/uploads\/usu2644\/2024\/03\/IMG_1686-scaled.jpg\"><img loading=\"lazy\" decoding=\"async\" class=\"alignnone size-medium wp-image-10314\" src=\"https:\/\/projectes.xtec.cat\/cete\/wp-content\/uploads\/usu2644\/2024\/03\/IMG_1686-300x225.jpg\" alt=\"\" width=\"300\" height=\"225\" srcset=\"https:\/\/projectes.xtec.cat\/cete\/wp-content\/uploads\/usu2644\/2024\/03\/IMG_1686-300x225.jpg 300w, https:\/\/projectes.xtec.cat\/cete\/wp-content\/uploads\/usu2644\/2024\/03\/IMG_1686-1024x768.jpg 1024w, https:\/\/projectes.xtec.cat\/cete\/wp-content\/uploads\/usu2644\/2024\/03\/IMG_1686-768x576.jpg 768w, https:\/\/projectes.xtec.cat\/cete\/wp-content\/uploads\/usu2644\/2024\/03\/IMG_1686-1536x1152.jpg 1536w, https:\/\/projectes.xtec.cat\/cete\/wp-content\/uploads\/usu2644\/2024\/03\/IMG_1686-2048x1536.jpg 2048w, https:\/\/projectes.xtec.cat\/cete\/wp-content\/uploads\/usu2644\/2024\/03\/IMG_1686-200x150.jpg 200w\" sizes=\"auto, (max-width: 300px) 100vw, 300px\" \/><\/a> <a href=\"https:\/\/projectes.xtec.cat\/cete\/wp-content\/uploads\/usu2644\/2024\/03\/IMG_1647-scaled.jpg\"><img loading=\"lazy\" decoding=\"async\" class=\"alignnone size-medium wp-image-10313\" src=\"https:\/\/projectes.xtec.cat\/cete\/wp-content\/uploads\/usu2644\/2024\/03\/IMG_1647-300x225.jpg\" alt=\"\" width=\"300\" height=\"225\" srcset=\"https:\/\/projectes.xtec.cat\/cete\/wp-content\/uploads\/usu2644\/2024\/03\/IMG_1647-300x225.jpg 300w, https:\/\/projectes.xtec.cat\/cete\/wp-content\/uploads\/usu2644\/2024\/03\/IMG_1647-1024x768.jpg 1024w, https:\/\/projectes.xtec.cat\/cete\/wp-content\/uploads\/usu2644\/2024\/03\/IMG_1647-768x576.jpg 768w, https:\/\/projectes.xtec.cat\/cete\/wp-content\/uploads\/usu2644\/2024\/03\/IMG_1647-1536x1152.jpg 1536w, https:\/\/projectes.xtec.cat\/cete\/wp-content\/uploads\/usu2644\/2024\/03\/IMG_1647-2048x1536.jpg 2048w, https:\/\/projectes.xtec.cat\/cete\/wp-content\/uploads\/usu2644\/2024\/03\/IMG_1647-200x150.jpg 200w\" sizes=\"auto, (max-width: 300px) 100vw, 300px\" \/><\/a> <a href=\"https:\/\/projectes.xtec.cat\/cete\/wp-content\/uploads\/usu2644\/2024\/03\/IMG_1611-br__.jpg\"><img loading=\"lazy\" decoding=\"async\" class=\"alignnone size-medium wp-image-10312\" src=\"https:\/\/projectes.xtec.cat\/cete\/wp-content\/uploads\/usu2644\/2024\/03\/IMG_1611-br__-300x225.jpg\" alt=\"\" width=\"300\" height=\"225\" srcset=\"https:\/\/projectes.xtec.cat\/cete\/wp-content\/uploads\/usu2644\/2024\/03\/IMG_1611-br__-300x225.jpg 300w, https:\/\/projectes.xtec.cat\/cete\/wp-content\/uploads\/usu2644\/2024\/03\/IMG_1611-br__-1024x768.jpg 1024w, https:\/\/projectes.xtec.cat\/cete\/wp-content\/uploads\/usu2644\/2024\/03\/IMG_1611-br__-768x576.jpg 768w, https:\/\/projectes.xtec.cat\/cete\/wp-content\/uploads\/usu2644\/2024\/03\/IMG_1611-br__-1536x1152.jpg 1536w, https:\/\/projectes.xtec.cat\/cete\/wp-content\/uploads\/usu2644\/2024\/03\/IMG_1611-br__-2048x1536.jpg 2048w, https:\/\/projectes.xtec.cat\/cete\/wp-content\/uploads\/usu2644\/2024\/03\/IMG_1611-br__-200x150.jpg 200w\" sizes=\"auto, (max-width: 300px) 100vw, 300px\" \/><\/a> <a href=\"https:\/\/projectes.xtec.cat\/cete\/wp-content\/uploads\/usu2644\/2024\/03\/IMG_1604-scaled.jpg\"><img loading=\"lazy\" decoding=\"async\" class=\"alignnone size-medium wp-image-10311\" src=\"https:\/\/projectes.xtec.cat\/cete\/wp-content\/uploads\/usu2644\/2024\/03\/IMG_1604-300x225.jpg\" alt=\"\" width=\"300\" height=\"225\" srcset=\"https:\/\/projectes.xtec.cat\/cete\/wp-content\/uploads\/usu2644\/2024\/03\/IMG_1604-300x225.jpg 300w, https:\/\/projectes.xtec.cat\/cete\/wp-content\/uploads\/usu2644\/2024\/03\/IMG_1604-1024x768.jpg 1024w, https:\/\/projectes.xtec.cat\/cete\/wp-content\/uploads\/usu2644\/2024\/03\/IMG_1604-768x576.jpg 768w, https:\/\/projectes.xtec.cat\/cete\/wp-content\/uploads\/usu2644\/2024\/03\/IMG_1604-1536x1152.jpg 1536w, https:\/\/projectes.xtec.cat\/cete\/wp-content\/uploads\/usu2644\/2024\/03\/IMG_1604-2048x1536.jpg 2048w, https:\/\/projectes.xtec.cat\/cete\/wp-content\/uploads\/usu2644\/2024\/03\/IMG_1604-200x150.jpg 200w\" sizes=\"auto, (max-width: 300px) 100vw, 300px\" \/><\/a><\/p>\n<p>Font i imatges: Escola Colors<\/p>\n","protected":false},"excerpt":{"rendered":"<p><a href=\"https:\/\/projectes.xtec.cat\/cete\/wp-content\/uploads\/usu2644\/2024\/03\/IMG_1593-br_.jpg\"><\/a>La setmana del 26 de febrer a l\u20191 de mar\u00e7, un equip de docents de diferents centres educatius de Catalunya ha viatjat a Berl\u00edn en el marc de les mobilitats vinculades als programes ERASMUS+ i ESAMTILC del Consorci Europeu per la Transformaci\u00f3 Educativa (CETE+).<br \/>\nL\u2019equip&hellip;  <a href=\"https:\/\/projectes.xtec.cat\/cete\/portada\/mobilitat-esam-tilc-a-berlin\/\" title=\"Read Mobilitat ESAM-TILC a Berl\u00edn\">Llegeix m\u00e9s\u00bb<\/a><\/p>\n","protected":false},"author":18,"featured_media":10318,"comment_status":"closed","ping_status":"closed","sticky":false,"template":"","format":"standard","meta":{"_bbp_topic_count":0,"_bbp_reply_count":0,"_bbp_total_topic_count":0,"_bbp_total_reply_count":0,"_bbp_voice_count":0,"_bbp_anonymous_reply_count":0,"_bbp_topic_count_hidden":0,"_bbp_reply_count_hidden":0,"_bbp_forum_subforum_count":0,"footnotes":""},"categories":[295,29],"tags":[314,311,310,308,309],"class_list":["post-10310","post","type-post","status-publish","format-standard","has-post-thumbnail","hentry","category-esam","category-portada","tag-cete","tag-ceteesamtilc","tag-erasmus","tag-esamtilc","tag-mcesamtilc"],"post_mailing_queue_ids":[],"_links":{"self":[{"href":"https:\/\/projectes.xtec.cat\/cete\/wp-json\/wp\/v2\/posts\/10310","targetHints":{"allow":["GET"]}}],"collection":[{"href":"https:\/\/projectes.xtec.cat\/cete\/wp-json\/wp\/v2\/posts"}],"about":[{"href":"https:\/\/projectes.xtec.cat\/cete\/wp-json\/wp\/v2\/types\/post"}],"author":[{"embeddable":true,"href":"https:\/\/projectes.xtec.cat\/cete\/wp-json\/wp\/v2\/users\/18"}],"replies":[{"embeddable":true,"href":"https:\/\/projectes.xtec.cat\/cete\/wp-json\/wp\/v2\/comments?post=10310"}],"version-history":[{"count":1,"href":"https:\/\/projectes.xtec.cat\/cete\/wp-json\/wp\/v2\/posts\/10310\/revisions"}],"predecessor-version":[{"id":10319,"href":"https:\/\/projectes.xtec.cat\/cete\/wp-json\/wp\/v2\/posts\/10310\/revisions\/10319"}],"wp:featuredmedia":[{"embeddable":true,"href":"https:\/\/projectes.xtec.cat\/cete\/wp-json\/wp\/v2\/media\/10318"}],"wp:attachment":[{"href":"https:\/\/projectes.xtec.cat\/cete\/wp-json\/wp\/v2\/media?parent=10310"}],"wp:term":[{"taxonomy":"category","embeddable":true,"href":"https:\/\/projectes.xtec.cat\/cete\/wp-json\/wp\/v2\/categories?post=10310"},{"taxonomy":"post_tag","embeddable":true,"href":"https:\/\/projectes.xtec.cat\/cete\/wp-json\/wp\/v2\/tags?post=10310"}],"curies":[{"name":"wp","href":"https:\/\/api.w.org\/{rel}","templated":true}]}}