{"id":10331,"date":"2024-03-12T10:20:32","date_gmt":"2024-03-12T09:20:32","guid":{"rendered":"https:\/\/projectes.xtec.cat\/cete\/?p=10331"},"modified":"2024-03-12T10:21:25","modified_gmt":"2024-03-12T09:21:25","slug":"jornada-de-transferencia-projecte-erasmus-cete-22-equip-be-puntedu","status":"publish","type":"post","link":"https:\/\/projectes.xtec.cat\/cete\/portada\/jornada-de-transferencia-projecte-erasmus-cete-22-equip-be-puntedu\/","title":{"rendered":"Jornada de transfer\u00e8ncia Projecte Erasmus CETE+ 22 Equip BE Puntedu"},"content":{"rendered":"<p><a href=\"https:\/\/projectes.xtec.cat\/cete\/wp-content\/uploads\/usu2644\/2024\/03\/Jornada-de-transferencia.png\"><img loading=\"lazy\" decoding=\"async\" class=\"wp-image-10333 alignleft\" src=\"https:\/\/projectes.xtec.cat\/cete\/wp-content\/uploads\/usu2644\/2024\/03\/Jornada-de-transferencia.png\" alt=\"\" width=\"220\" height=\"122\" srcset=\"https:\/\/projectes.xtec.cat\/cete\/wp-content\/uploads\/usu2644\/2024\/03\/Jornada-de-transferencia.png 903w, https:\/\/projectes.xtec.cat\/cete\/wp-content\/uploads\/usu2644\/2024\/03\/Jornada-de-transferencia-300x166.png 300w, https:\/\/projectes.xtec.cat\/cete\/wp-content\/uploads\/usu2644\/2024\/03\/Jornada-de-transferencia-768x426.png 768w\" sizes=\"auto, (max-width: 220px) 100vw, 220px\" \/><\/a>Sessi\u00f3 de transfer\u00e8ncia de l&#8217;equip de treball Erasmus CETE+ 22 de Biblioteca escolar Puntedu a l\u2019escola Mas i Perera de Vilafranca del Pened\u00e8s.<\/p>\n<p>La Foix, coordinadora del projecte del centre que ens va acollir per a la jornada, ens va ensenyar l&#8217;escola i va explicar el projecte de la Biblioteca escolar.<\/p>\n<p>Despr\u00e9s vam repassar breument el pla d&#8217;acci\u00f3 del programa que enlla\u00e7a amb els plans d&#8217;acci\u00f3 dels cinc centres.<\/p>\n<p>A continuaci\u00f3, cada centre va fer la presentaci\u00f3 dels productes i evid\u00e8ncies que s&#8217;han creat.<\/p>\n<p>Per acabar, vam compartir el que ha significat per a cadasc\u00fa participar del projecte.<\/p>\n<p>Agra\u00efm l&#8217;acollida al centre Mas i Perera i a tots els participants que van fer que la jornada fos molt reeixida.<\/p>\n<p><a href=\"https:\/\/projectes.xtec.cat\/cete\/wp-content\/uploads\/usu2644\/2024\/03\/IMG-20240311-WA0024.jpg\"><img loading=\"lazy\" decoding=\"async\" class=\"wp-image-10334 aligncenter\" src=\"https:\/\/projectes.xtec.cat\/cete\/wp-content\/uploads\/usu2644\/2024\/03\/IMG-20240311-WA0024-1024x768.jpg\" alt=\"\" width=\"328\" height=\"246\" srcset=\"https:\/\/projectes.xtec.cat\/cete\/wp-content\/uploads\/usu2644\/2024\/03\/IMG-20240311-WA0024-1024x768.jpg 1024w, https:\/\/projectes.xtec.cat\/cete\/wp-content\/uploads\/usu2644\/2024\/03\/IMG-20240311-WA0024-300x225.jpg 300w, https:\/\/projectes.xtec.cat\/cete\/wp-content\/uploads\/usu2644\/2024\/03\/IMG-20240311-WA0024-768x576.jpg 768w, https:\/\/projectes.xtec.cat\/cete\/wp-content\/uploads\/usu2644\/2024\/03\/IMG-20240311-WA0024-1536x1152.jpg 1536w, https:\/\/projectes.xtec.cat\/cete\/wp-content\/uploads\/usu2644\/2024\/03\/IMG-20240311-WA0024-200x150.jpg 200w, https:\/\/projectes.xtec.cat\/cete\/wp-content\/uploads\/usu2644\/2024\/03\/IMG-20240311-WA0024.jpg 1600w\" sizes=\"auto, (max-width: 328px) 100vw, 328px\" \/><\/a><\/p>\n<p>&nbsp;<\/p>\n","protected":false},"excerpt":{"rendered":"<p><a href=\"https:\/\/projectes.xtec.cat\/cete\/wp-content\/uploads\/usu2644\/2024\/03\/Jornada-de-transferencia.png\"><\/a>Sessi\u00f3 de transfer\u00e8ncia de l&#8217;equip de treball Erasmus CETE+ 22 de Biblioteca escolar Puntedu a l\u2019escola Mas i Perera de Vilafranca del Pened\u00e8s.<br \/>\nLa Foix, coordinadora del projecte del centre que ens va acollir per a la jornada, ens va ensenyar l&#8217;escola i va explicar&hellip;  <a href=\"https:\/\/projectes.xtec.cat\/cete\/portada\/jornada-de-transferencia-projecte-erasmus-cete-22-equip-be-puntedu\/\" title=\"Read Jornada de transfer\u00e8ncia Projecte Erasmus CETE+ 22 Equip BE Puntedu\">Llegeix m\u00e9s\u00bb<\/a><\/p>\n","protected":false},"author":14,"featured_media":10333,"comment_status":"open","ping_status":"closed","sticky":false,"template":"","format":"standard","meta":{"_bbp_topic_count":0,"_bbp_reply_count":0,"_bbp_total_topic_count":0,"_bbp_total_reply_count":0,"_bbp_voice_count":0,"_bbp_anonymous_reply_count":0,"_bbp_topic_count_hidden":0,"_bbp_reply_count_hidden":0,"_bbp_forum_subforum_count":0,"footnotes":""},"categories":[29,297],"tags":[],"class_list":["post-10331","post","type-post","status-publish","format-standard","has-post-thumbnail","hentry","category-portada","category-puntedu"],"post_mailing_queue_ids":[],"_links":{"self":[{"href":"https:\/\/projectes.xtec.cat\/cete\/wp-json\/wp\/v2\/posts\/10331","targetHints":{"allow":["GET"]}}],"collection":[{"href":"https:\/\/projectes.xtec.cat\/cete\/wp-json\/wp\/v2\/posts"}],"about":[{"href":"https:\/\/projectes.xtec.cat\/cete\/wp-json\/wp\/v2\/types\/post"}],"author":[{"embeddable":true,"href":"https:\/\/projectes.xtec.cat\/cete\/wp-json\/wp\/v2\/users\/14"}],"replies":[{"embeddable":true,"href":"https:\/\/projectes.xtec.cat\/cete\/wp-json\/wp\/v2\/comments?post=10331"}],"version-history":[{"count":2,"href":"https:\/\/projectes.xtec.cat\/cete\/wp-json\/wp\/v2\/posts\/10331\/revisions"}],"predecessor-version":[{"id":10336,"href":"https:\/\/projectes.xtec.cat\/cete\/wp-json\/wp\/v2\/posts\/10331\/revisions\/10336"}],"wp:featuredmedia":[{"embeddable":true,"href":"https:\/\/projectes.xtec.cat\/cete\/wp-json\/wp\/v2\/media\/10333"}],"wp:attachment":[{"href":"https:\/\/projectes.xtec.cat\/cete\/wp-json\/wp\/v2\/media?parent=10331"}],"wp:term":[{"taxonomy":"category","embeddable":true,"href":"https:\/\/projectes.xtec.cat\/cete\/wp-json\/wp\/v2\/categories?post=10331"},{"taxonomy":"post_tag","embeddable":true,"href":"https:\/\/projectes.xtec.cat\/cete\/wp-json\/wp\/v2\/tags?post=10331"}],"curies":[{"name":"wp","href":"https:\/\/api.w.org\/{rel}","templated":true}]}}