{"id":10389,"date":"2024-03-22T14:34:50","date_gmt":"2024-03-22T13:34:50","guid":{"rendered":"https:\/\/projectes.xtec.cat\/cete\/?p=10389"},"modified":"2024-04-11T18:29:37","modified_gmt":"2024-04-11T16:29:37","slug":"diari-de-la-mobilitat-berlin","status":"publish","type":"post","link":"https:\/\/projectes.xtec.cat\/cete\/portada\/diari-de-la-mobilitat-berlin\/","title":{"rendered":"Diari de la mobilitat &#8211; Berl\u00edn"},"content":{"rendered":"<p><img loading=\"lazy\" decoding=\"async\" class=\"alignleft size-large wp-image-10393\" src=\"https:\/\/projectes.xtec.cat\/cete\/wp-content\/uploads\/usu2644\/2024\/03\/imatge-diari-mobilitat-Berlin-Laura-Ruiz-1024x576.png\" alt=\"\" width=\"1024\" height=\"576\" srcset=\"https:\/\/projectes.xtec.cat\/cete\/wp-content\/uploads\/usu2644\/2024\/03\/imatge-diari-mobilitat-Berlin-Laura-Ruiz-1024x576.png 1024w, https:\/\/projectes.xtec.cat\/cete\/wp-content\/uploads\/usu2644\/2024\/03\/imatge-diari-mobilitat-Berlin-Laura-Ruiz-300x169.png 300w, https:\/\/projectes.xtec.cat\/cete\/wp-content\/uploads\/usu2644\/2024\/03\/imatge-diari-mobilitat-Berlin-Laura-Ruiz-768x432.png 768w, https:\/\/projectes.xtec.cat\/cete\/wp-content\/uploads\/usu2644\/2024\/03\/imatge-diari-mobilitat-Berlin-Laura-Ruiz.png 1407w\" sizes=\"auto, (max-width: 1024px) 100vw, 1024px\" \/>Us compartim el <a href=\"https:\/\/projectes.xtec.cat\/cete\/wp-content\/uploads\/usu2644\/2024\/03\/Diari-mobilitat-Berlin-Laura-Ruiz_.pdf\" target=\"_blank\" rel=\"noopener\"><strong>Diari de mobilitat<\/strong><\/a> del <em>Job shadowing<\/em>\u00a0 que la docent Laura Ruiz, de l\u2019Escola Colors de Les Franqueses del Vall\u00e8s, va elaborar en el per\u00edode d\u2019observaci\u00f3 de les mobilitats Erasmus+ CETE+ a l\u2019Escola Joan Mir\u00f3 i a l\u2019Escola Lemgo de Berl\u00edn entre el 26 de febrer i l\u20191 de mar\u00e7.<\/p>\n<p>El\u00a0<em>Job shadowing<\/em> se centra en l\u2019aprenentatge entre iguals i consisteix a fer visites a centres educatius d\u2019altres pa\u00efsos amb l\u2019objectiu d\u2019observar i intercanviar experi\u00e8ncies que ens ajudin a millorar la nostra organitzaci\u00f3 i pr\u00e0ctica docent.<\/p>\n<p><a href=\"https:\/\/projectes.xtec.cat\/cete\/wp-content\/uploads\/usu2644\/2024\/03\/Diari-mobilitat-Berlin-Laura-Ruiz_.pdf\" target=\"_blank\" rel=\"noopener\"><img loading=\"lazy\" decoding=\"async\" class=\"alignnone wp-image-10391\" src=\"https:\/\/projectes.xtec.cat\/cete\/wp-content\/uploads\/usu2644\/2024\/03\/pdf-150x150.png\" alt=\"\" width=\"103\" height=\"103\" srcset=\"https:\/\/projectes.xtec.cat\/cete\/wp-content\/uploads\/usu2644\/2024\/03\/pdf-150x150.png 150w, https:\/\/projectes.xtec.cat\/cete\/wp-content\/uploads\/usu2644\/2024\/03\/pdf-300x300.png 300w, https:\/\/projectes.xtec.cat\/cete\/wp-content\/uploads\/usu2644\/2024\/03\/pdf.png 500w\" sizes=\"auto, (max-width: 103px) 100vw, 103px\" \/><\/a><\/p>\n","protected":false},"excerpt":{"rendered":"<p>Us compartim el <a href=\"https:\/\/projectes.xtec.cat\/cete\/wp-content\/uploads\/usu2644\/2024\/03\/Diari-mobilitat-Berlin-Laura-Ruiz_.pdf\" target=\"_blank\" rel=\"noopener\">Diari de mobilitat<\/a> del Job shadowing\u00a0 que la docent Laura Ruiz, de l\u2019Escola Colors de Les Franqueses del Vall\u00e8s, va elaborar en el per\u00edode d\u2019observaci\u00f3 de les mobilitats Erasmus+ CETE+ a l\u2019Escola Joan Mir\u00f3 i a l\u2019Escola Lemgo de&hellip;  <a href=\"https:\/\/projectes.xtec.cat\/cete\/portada\/diari-de-la-mobilitat-berlin\/\" title=\"Read Diari de la mobilitat &#8211; Berl\u00edn\">Llegeix m\u00e9s\u00bb<\/a><\/p>\n","protected":false},"author":18,"featured_media":10393,"comment_status":"closed","ping_status":"closed","sticky":false,"template":"","format":"standard","meta":{"_bbp_topic_count":0,"_bbp_reply_count":0,"_bbp_total_topic_count":0,"_bbp_total_reply_count":0,"_bbp_voice_count":0,"_bbp_anonymous_reply_count":0,"_bbp_topic_count_hidden":0,"_bbp_reply_count_hidden":0,"_bbp_forum_subforum_count":0,"footnotes":""},"categories":[295,29],"tags":[],"class_list":["post-10389","post","type-post","status-publish","format-standard","has-post-thumbnail","hentry","category-esam","category-portada"],"post_mailing_queue_ids":[],"_links":{"self":[{"href":"https:\/\/projectes.xtec.cat\/cete\/wp-json\/wp\/v2\/posts\/10389","targetHints":{"allow":["GET"]}}],"collection":[{"href":"https:\/\/projectes.xtec.cat\/cete\/wp-json\/wp\/v2\/posts"}],"about":[{"href":"https:\/\/projectes.xtec.cat\/cete\/wp-json\/wp\/v2\/types\/post"}],"author":[{"embeddable":true,"href":"https:\/\/projectes.xtec.cat\/cete\/wp-json\/wp\/v2\/users\/18"}],"replies":[{"embeddable":true,"href":"https:\/\/projectes.xtec.cat\/cete\/wp-json\/wp\/v2\/comments?post=10389"}],"version-history":[{"count":2,"href":"https:\/\/projectes.xtec.cat\/cete\/wp-json\/wp\/v2\/posts\/10389\/revisions"}],"predecessor-version":[{"id":10394,"href":"https:\/\/projectes.xtec.cat\/cete\/wp-json\/wp\/v2\/posts\/10389\/revisions\/10394"}],"wp:featuredmedia":[{"embeddable":true,"href":"https:\/\/projectes.xtec.cat\/cete\/wp-json\/wp\/v2\/media\/10393"}],"wp:attachment":[{"href":"https:\/\/projectes.xtec.cat\/cete\/wp-json\/wp\/v2\/media?parent=10389"}],"wp:term":[{"taxonomy":"category","embeddable":true,"href":"https:\/\/projectes.xtec.cat\/cete\/wp-json\/wp\/v2\/categories?post=10389"},{"taxonomy":"post_tag","embeddable":true,"href":"https:\/\/projectes.xtec.cat\/cete\/wp-json\/wp\/v2\/tags?post=10389"}],"curies":[{"name":"wp","href":"https:\/\/api.w.org\/{rel}","templated":true}]}}