{"id":10399,"date":"2024-03-27T11:03:17","date_gmt":"2024-03-27T10:03:17","guid":{"rendered":"https:\/\/projectes.xtec.cat\/cete\/?p=10399"},"modified":"2024-03-27T11:03:17","modified_gmt":"2024-03-27T10:03:17","slug":"diari-de-la-mobilitat-brescia","status":"publish","type":"post","link":"https:\/\/projectes.xtec.cat\/cete\/portada\/diari-de-la-mobilitat-brescia\/","title":{"rendered":"Diari de la mobilitat &#8211; Brescia"},"content":{"rendered":"<p data-wp-editing=\"1\"><img loading=\"lazy\" decoding=\"async\" class=\"alignleft wp-image-10400 size-medium\" src=\"https:\/\/projectes.xtec.cat\/cete\/wp-content\/uploads\/usu2644\/2024\/03\/Diari-mobilitat-Brescia-Raquel-Garcia-E.-Colors-300x168.png\" alt=\"\" width=\"300\" height=\"168\" srcset=\"https:\/\/projectes.xtec.cat\/cete\/wp-content\/uploads\/usu2644\/2024\/03\/Diari-mobilitat-Brescia-Raquel-Garcia-E.-Colors-300x168.png 300w, https:\/\/projectes.xtec.cat\/cete\/wp-content\/uploads\/usu2644\/2024\/03\/Diari-mobilitat-Brescia-Raquel-Garcia-E.-Colors-1024x574.png 1024w, https:\/\/projectes.xtec.cat\/cete\/wp-content\/uploads\/usu2644\/2024\/03\/Diari-mobilitat-Brescia-Raquel-Garcia-E.-Colors-768x431.png 768w, https:\/\/projectes.xtec.cat\/cete\/wp-content\/uploads\/usu2644\/2024\/03\/Diari-mobilitat-Brescia-Raquel-Garcia-E.-Colors.png 1344w\" sizes=\"auto, (max-width: 300px) 100vw, 300px\" \/>Us compartim el <a href=\"https:\/\/projectes.xtec.cat\/cete\/wp-content\/uploads\/usu2644\/2024\/03\/Diari-mobilitat-Brescia-Raquel-Garcia-Escola-Colors.pdf\" target=\"_blank\" rel=\"noopener\"><strong>Diari de la mobilitat<\/strong><\/a> del <em>Job shadowing<\/em> que la docent Raquel Garcia, de l\u2019Escola Colors (Les Franqueses del Vall\u00e8s), va elaborar en el marc del programa Erasmus+ CETE+ durant l\u2019estada d\u2019observaci\u00f3 a la prov\u00edncia de Brescia (It\u00e0lia). El grup de docents del qual formava part la Raquel Garcia va visitar diversos centres on van poder con\u00e8ixer en primera persona com es fa l\u2019acollida i l\u2019acompanyament a l\u2019alumnat nouvingut i com es treballa l\u2019aprenentatge de la llengua.<\/p>\n<p>El <i>Job shadowing<\/i> -que se centra en l\u2019aprenentatge entre iguals i consisteix a fer visites a centres educatius d\u2019altres pa\u00efsos amb l\u2019objectiu d\u2019observar altres metodologies i compartir coneixements- ha estat, sens dubte, una experi\u00e8ncia molt valuosa d\u2019aprenentatge i enriquiment per al grup de docents que hi va participar.<\/p>\n<p><a href=\"https:\/\/projectes.xtec.cat\/cete\/wp-content\/uploads\/usu2644\/2024\/03\/Diari-mobilitat-Brescia-Raquel-Garcia-Escola-Colors.pdf\" target=\"_blank\" rel=\"noopener\"><img loading=\"lazy\" decoding=\"async\" class=\"alignleft wp-image-10391\" src=\"https:\/\/projectes.xtec.cat\/cete\/wp-content\/uploads\/usu2644\/2024\/03\/pdf-150x150.png\" alt=\"\" width=\"109\" height=\"109\" srcset=\"https:\/\/projectes.xtec.cat\/cete\/wp-content\/uploads\/usu2644\/2024\/03\/pdf-150x150.png 150w, https:\/\/projectes.xtec.cat\/cete\/wp-content\/uploads\/usu2644\/2024\/03\/pdf-300x300.png 300w, https:\/\/projectes.xtec.cat\/cete\/wp-content\/uploads\/usu2644\/2024\/03\/pdf.png 500w\" sizes=\"auto, (max-width: 109px) 100vw, 109px\" \/><\/a><\/p>\n","protected":false},"excerpt":{"rendered":"<p>Us compartim el <a href=\"https:\/\/projectes.xtec.cat\/cete\/wp-content\/uploads\/usu2644\/2024\/03\/Diari-mobilitat-Brescia-Raquel-Garcia-Escola-Colors.pdf\" target=\"_blank\" rel=\"noopener\">Diari de la mobilitat<\/a> del Job shadowing que la docent Raquel Garcia, de l\u2019Escola Colors (Les Franqueses del Vall\u00e8s), va elaborar en el marc del programa Erasmus+ CETE+ durant l\u2019estada d\u2019observaci\u00f3 a la prov\u00edncia de Brescia (It\u00e0lia). El grup&hellip;  <a href=\"https:\/\/projectes.xtec.cat\/cete\/portada\/diari-de-la-mobilitat-brescia\/\" title=\"Read Diari de la mobilitat &#8211; Brescia\">Llegeix m\u00e9s\u00bb<\/a><\/p>\n","protected":false},"author":18,"featured_media":10400,"comment_status":"closed","ping_status":"closed","sticky":false,"template":"","format":"standard","meta":{"_bbp_topic_count":0,"_bbp_reply_count":0,"_bbp_total_topic_count":0,"_bbp_total_reply_count":0,"_bbp_voice_count":0,"_bbp_anonymous_reply_count":0,"_bbp_topic_count_hidden":0,"_bbp_reply_count_hidden":0,"_bbp_forum_subforum_count":0,"footnotes":""},"categories":[295,29],"tags":[311,310,308,309],"class_list":["post-10399","post","type-post","status-publish","format-standard","has-post-thumbnail","hentry","category-esam","category-portada","tag-ceteesamtilc","tag-erasmus","tag-esamtilc","tag-mcesamtilc"],"post_mailing_queue_ids":[],"_links":{"self":[{"href":"https:\/\/projectes.xtec.cat\/cete\/wp-json\/wp\/v2\/posts\/10399","targetHints":{"allow":["GET"]}}],"collection":[{"href":"https:\/\/projectes.xtec.cat\/cete\/wp-json\/wp\/v2\/posts"}],"about":[{"href":"https:\/\/projectes.xtec.cat\/cete\/wp-json\/wp\/v2\/types\/post"}],"author":[{"embeddable":true,"href":"https:\/\/projectes.xtec.cat\/cete\/wp-json\/wp\/v2\/users\/18"}],"replies":[{"embeddable":true,"href":"https:\/\/projectes.xtec.cat\/cete\/wp-json\/wp\/v2\/comments?post=10399"}],"version-history":[{"count":2,"href":"https:\/\/projectes.xtec.cat\/cete\/wp-json\/wp\/v2\/posts\/10399\/revisions"}],"predecessor-version":[{"id":10403,"href":"https:\/\/projectes.xtec.cat\/cete\/wp-json\/wp\/v2\/posts\/10399\/revisions\/10403"}],"wp:featuredmedia":[{"embeddable":true,"href":"https:\/\/projectes.xtec.cat\/cete\/wp-json\/wp\/v2\/media\/10400"}],"wp:attachment":[{"href":"https:\/\/projectes.xtec.cat\/cete\/wp-json\/wp\/v2\/media?parent=10399"}],"wp:term":[{"taxonomy":"category","embeddable":true,"href":"https:\/\/projectes.xtec.cat\/cete\/wp-json\/wp\/v2\/categories?post=10399"},{"taxonomy":"post_tag","embeddable":true,"href":"https:\/\/projectes.xtec.cat\/cete\/wp-json\/wp\/v2\/tags?post=10399"}],"curies":[{"name":"wp","href":"https:\/\/api.w.org\/{rel}","templated":true}]}}