{"id":10437,"date":"2024-04-05T09:30:26","date_gmt":"2024-04-05T07:30:26","guid":{"rendered":"https:\/\/projectes.xtec.cat\/cete\/?p=10437"},"modified":"2024-04-05T14:21:44","modified_gmt":"2024-04-05T12:21:44","slug":"diari-de-mobilitat-a-bolzano-escola-sant-jordi-lametlla-de-mar","status":"publish","type":"post","link":"https:\/\/projectes.xtec.cat\/cete\/portada\/diari-de-mobilitat-a-bolzano-escola-sant-jordi-lametlla-de-mar\/","title":{"rendered":"Diari de mobilitat a Bolzano (Escola Sant Jordi &#8211; L&#8217;Ametlla de Mar)"},"content":{"rendered":"<p><img loading=\"lazy\" decoding=\"async\" class=\"alignleft size-full wp-image-10438\" src=\"https:\/\/projectes.xtec.cat\/cete\/wp-content\/uploads\/usu2644\/2024\/04\/Diari-mobilitat-Bolzano-M.Amparo-Rivero-Escola-Sant-Jordi.png\" alt=\"\" width=\"450\" height=\"200\" srcset=\"https:\/\/projectes.xtec.cat\/cete\/wp-content\/uploads\/usu2644\/2024\/04\/Diari-mobilitat-Bolzano-M.Amparo-Rivero-Escola-Sant-Jordi.png 450w, https:\/\/projectes.xtec.cat\/cete\/wp-content\/uploads\/usu2644\/2024\/04\/Diari-mobilitat-Bolzano-M.Amparo-Rivero-Escola-Sant-Jordi-300x133.png 300w\" sizes=\"auto, (max-width: 450px) 100vw, 450px\" \/>Avui us compartim el <a href=\"https:\/\/projectes.xtec.cat\/cete\/wp-content\/uploads\/usu2644\/2024\/04\/Diari-mobilitat-Bolzano-M.Amparo-Rivero-Escola-Sant-Jordi__.pdf\" target=\"_blank\" rel=\"noopener\"><strong>Diari de la mobilitat<\/strong><\/a> del <em>Job shadowing<\/em> que la docent M. Amparo Rivero G\u00f3mez, de l\u2019Escola Sant Jordi de L\u2019Ametlla de Mar, va elaborar en el marc del programa Erasmus+ CETE+ durant l\u2019estada a la zona educativa de Bozen \/ Bolzano, entre el 18 i el 23 de febrer. La M. Amparo i la resta de docents que formaven part del grup, van ser acollits a diversos centres educatius de Bolzano, Salorno i Egna, on van poder participar en algunes classes i van observar com es treballen les tres lleng\u00fces oficials de la zona (el lad\u00ed, l\u2019alemany i l\u2019itali\u00e0) i com acullen i acompanyen l\u2019alumnat d\u2019origen estranger.<\/p>\n<p>El <i>Job shadowing<\/i> se centra en l\u2019aprenentatge entre iguals i consisteix a fer visites a centres educatius d\u2019altres pa\u00efsos amb l\u2019objectiu d\u2019observar i intercanviar experi\u00e8ncies que ens ajudin a millorar la nostra organitzaci\u00f3 i pr\u00e0ctica docent.<\/p>\n<p><a href=\"https:\/\/projectes.xtec.cat\/cete\/wp-content\/uploads\/usu2644\/2024\/04\/Diari-mobilitat-Bolzano-M.Amparo-Rivero-Escola-Sant-Jordi__.pdf\" target=\"_blank\" rel=\"noopener\"><img loading=\"lazy\" decoding=\"async\" class=\"alignleft wp-image-10391 size-thumbnail\" src=\"https:\/\/projectes.xtec.cat\/cete\/wp-content\/uploads\/usu2644\/2024\/03\/pdf-150x150.png\" alt=\"\" width=\"150\" height=\"150\" srcset=\"https:\/\/projectes.xtec.cat\/cete\/wp-content\/uploads\/usu2644\/2024\/03\/pdf-150x150.png 150w, https:\/\/projectes.xtec.cat\/cete\/wp-content\/uploads\/usu2644\/2024\/03\/pdf-300x300.png 300w, https:\/\/projectes.xtec.cat\/cete\/wp-content\/uploads\/usu2644\/2024\/03\/pdf.png 500w\" sizes=\"auto, (max-width: 150px) 100vw, 150px\" \/><\/a><\/p>\n","protected":false},"excerpt":{"rendered":"<p>Avui us compartim el <a href=\"https:\/\/projectes.xtec.cat\/cete\/wp-content\/uploads\/usu2644\/2024\/04\/Diari-mobilitat-Bolzano-M.Amparo-Rivero-Escola-Sant-Jordi__.pdf\" target=\"_blank\" rel=\"noopener\">Diari de la mobilitat<\/a> del Job shadowing que la docent M. Amparo Rivero G\u00f3mez, de l\u2019Escola Sant Jordi de L\u2019Ametlla de Mar, va elaborar en el marc del programa Erasmus+ CETE+ durant l\u2019estada a la zona educativa de&hellip;  <a href=\"https:\/\/projectes.xtec.cat\/cete\/portada\/diari-de-mobilitat-a-bolzano-escola-sant-jordi-lametlla-de-mar\/\" title=\"Read Diari de mobilitat a Bolzano (Escola Sant Jordi &#8211; L&#8217;Ametlla de Mar)\">Llegeix m\u00e9s\u00bb<\/a><\/p>\n","protected":false},"author":18,"featured_media":10438,"comment_status":"closed","ping_status":"closed","sticky":false,"template":"","format":"standard","meta":{"_bbp_topic_count":0,"_bbp_reply_count":0,"_bbp_total_topic_count":0,"_bbp_total_reply_count":0,"_bbp_voice_count":0,"_bbp_anonymous_reply_count":0,"_bbp_topic_count_hidden":0,"_bbp_reply_count_hidden":0,"_bbp_forum_subforum_count":0,"footnotes":""},"categories":[295,29],"tags":[314,311,307,310,308,309],"class_list":["post-10437","post","type-post","status-publish","format-standard","has-post-thumbnail","hentry","category-esam","category-portada","tag-cete","tag-ceteesamtilc","tag-erasmus-plus","tag-erasmus","tag-esamtilc","tag-mcesamtilc"],"post_mailing_queue_ids":[],"_links":{"self":[{"href":"https:\/\/projectes.xtec.cat\/cete\/wp-json\/wp\/v2\/posts\/10437","targetHints":{"allow":["GET"]}}],"collection":[{"href":"https:\/\/projectes.xtec.cat\/cete\/wp-json\/wp\/v2\/posts"}],"about":[{"href":"https:\/\/projectes.xtec.cat\/cete\/wp-json\/wp\/v2\/types\/post"}],"author":[{"embeddable":true,"href":"https:\/\/projectes.xtec.cat\/cete\/wp-json\/wp\/v2\/users\/18"}],"replies":[{"embeddable":true,"href":"https:\/\/projectes.xtec.cat\/cete\/wp-json\/wp\/v2\/comments?post=10437"}],"version-history":[{"count":4,"href":"https:\/\/projectes.xtec.cat\/cete\/wp-json\/wp\/v2\/posts\/10437\/revisions"}],"predecessor-version":[{"id":10443,"href":"https:\/\/projectes.xtec.cat\/cete\/wp-json\/wp\/v2\/posts\/10437\/revisions\/10443"}],"wp:featuredmedia":[{"embeddable":true,"href":"https:\/\/projectes.xtec.cat\/cete\/wp-json\/wp\/v2\/media\/10438"}],"wp:attachment":[{"href":"https:\/\/projectes.xtec.cat\/cete\/wp-json\/wp\/v2\/media?parent=10437"}],"wp:term":[{"taxonomy":"category","embeddable":true,"href":"https:\/\/projectes.xtec.cat\/cete\/wp-json\/wp\/v2\/categories?post=10437"},{"taxonomy":"post_tag","embeddable":true,"href":"https:\/\/projectes.xtec.cat\/cete\/wp-json\/wp\/v2\/tags?post=10437"}],"curies":[{"name":"wp","href":"https:\/\/api.w.org\/{rel}","templated":true}]}}