{"id":10452,"date":"2024-04-15T09:48:29","date_gmt":"2024-04-15T07:48:29","guid":{"rendered":"https:\/\/projectes.xtec.cat\/cete\/?p=10452"},"modified":"2024-04-15T09:50:26","modified_gmt":"2024-04-15T07:50:26","slug":"diari-de-la-mobilitat-brescia-tecnic-docent-ssrl","status":"publish","type":"post","link":"https:\/\/projectes.xtec.cat\/cete\/portada\/diari-de-la-mobilitat-brescia-tecnic-docent-ssrl\/","title":{"rendered":"Diari de la mobilitat &#8211; Brescia (T\u00e8cnic docent &#8211; SSRL)"},"content":{"rendered":"<p><img loading=\"lazy\" decoding=\"async\" class=\"alignleft size-medium wp-image-10453\" src=\"https:\/\/projectes.xtec.cat\/cete\/wp-content\/uploads\/usu2644\/2024\/04\/Diari-mobilitat-Brescia-SSRL-Ignasi-Candela-imatge-300x212.png\" alt=\"\" width=\"300\" height=\"212\" srcset=\"https:\/\/projectes.xtec.cat\/cete\/wp-content\/uploads\/usu2644\/2024\/04\/Diari-mobilitat-Brescia-SSRL-Ignasi-Candela-imatge-300x212.png 300w, https:\/\/projectes.xtec.cat\/cete\/wp-content\/uploads\/usu2644\/2024\/04\/Diari-mobilitat-Brescia-SSRL-Ignasi-Candela-imatge-1024x722.png 1024w, https:\/\/projectes.xtec.cat\/cete\/wp-content\/uploads\/usu2644\/2024\/04\/Diari-mobilitat-Brescia-SSRL-Ignasi-Candela-imatge-768x542.png 768w, https:\/\/projectes.xtec.cat\/cete\/wp-content\/uploads\/usu2644\/2024\/04\/Diari-mobilitat-Brescia-SSRL-Ignasi-Candela-imatge.png 1120w\" sizes=\"auto, (max-width: 300px) 100vw, 300px\" \/>Avui us compartim el <a href=\"https:\/\/projectes.xtec.cat\/acollidasuport\/wp-content\/uploads\/usu2169\/2024\/04\/Diari-de-la-Mobilitat-a-Brescia-Ignasi-Candela-i-Luengo__.pdf\" target=\"_blank\" rel=\"noopener\"><b>Diari de mobilitat<\/b><\/a> del <i>Job shadowing<\/i> que el t\u00e8cnic docent Ignasi Candela i Luengo, del Servei de Suports i Recursos Ling\u00fc\u00edstics del Departament d\u2019Educaci\u00f3, ha elaborat en el marc del programa Erasmus+ CETE+ durant l&#8217;estada d&#8217;observaci\u00f3 a Brescia, a la regi\u00f3 de Llombardia (It\u00e0lia).<\/p>\n<p>A trav\u00e9s del Diari de l\u2019Ignasi Candela coneixereu el funcionament del sistema educatiu itali\u00e0 i del context sociodemogr\u00e0fic de la prov\u00edncia de Brescia. Tamb\u00e9 hi trobareu informaci\u00f3 sobre com s\u2019organitza i quins s\u00f3n els principis pedag\u00f2gics de la <i>Classe d\u2019Accoglienza<\/i>, del <i>Laboratorio linguistico<\/i> o de l\u2019<i>Aula di alfabetizzazione<\/i>, i de com es treballa amb l\u2019alumnat l\u2019aprenentatge de l\u2019itali\u00e0 com a L2.<\/p>\n<p>El <i>Job shadowing<\/i> se centra en l\u2019aprenentatge entre iguals i consisteix a fer visites a centres educatius d\u2019altres pa\u00efsos amb l\u2019objectiu d\u2019observar i intercanviar experi\u00e8ncies que ens ajudin a millorar la nostra organitzaci\u00f3 i pr\u00e0ctica docent.<\/p>\n<p data-wp-editing=\"1\"><a href=\"https:\/\/projectes.xtec.cat\/cete\/wp-content\/uploads\/usu2644\/2024\/04\/Diari-de-la-Mobilitat-a-Brescia-Ignasi-Candela-i-Luengo__.pdf\" target=\"_blank\" rel=\"noopener\"><img loading=\"lazy\" decoding=\"async\" class=\"alignleft wp-image-10391 size-thumbnail\" src=\"https:\/\/projectes.xtec.cat\/cete\/wp-content\/uploads\/usu2644\/2024\/03\/pdf-150x150.png\" alt=\"\" width=\"150\" height=\"150\" srcset=\"https:\/\/projectes.xtec.cat\/cete\/wp-content\/uploads\/usu2644\/2024\/03\/pdf-150x150.png 150w, https:\/\/projectes.xtec.cat\/cete\/wp-content\/uploads\/usu2644\/2024\/03\/pdf-300x300.png 300w, https:\/\/projectes.xtec.cat\/cete\/wp-content\/uploads\/usu2644\/2024\/03\/pdf.png 500w\" sizes=\"auto, (max-width: 150px) 100vw, 150px\" \/><\/a><\/p>\n","protected":false},"excerpt":{"rendered":"<p>Avui us compartim el <a href=\"https:\/\/projectes.xtec.cat\/acollidasuport\/wp-content\/uploads\/usu2169\/2024\/04\/Diari-de-la-Mobilitat-a-Brescia-Ignasi-Candela-i-Luengo__.pdf\" target=\"_blank\" rel=\"noopener\">Diari de mobilitat<\/a> del Job shadowing que el t\u00e8cnic docent Ignasi Candela i Luengo, del Servei de Suports i Recursos Ling\u00fc\u00edstics del Departament d\u2019Educaci\u00f3, ha elaborat en el marc del programa Erasmus+ CETE+ durant l&#8217;estada d&#8217;observaci\u00f3 a Brescia,&hellip;  <a href=\"https:\/\/projectes.xtec.cat\/cete\/portada\/diari-de-la-mobilitat-brescia-tecnic-docent-ssrl\/\" title=\"Read Diari de la mobilitat &#8211; Brescia (T\u00e8cnic docent &#8211; SSRL)\">Llegeix m\u00e9s\u00bb<\/a><\/p>\n","protected":false},"author":18,"featured_media":10453,"comment_status":"closed","ping_status":"closed","sticky":false,"template":"","format":"standard","meta":{"_bbp_topic_count":0,"_bbp_reply_count":0,"_bbp_total_topic_count":0,"_bbp_total_reply_count":0,"_bbp_voice_count":0,"_bbp_anonymous_reply_count":0,"_bbp_topic_count_hidden":0,"_bbp_reply_count_hidden":0,"_bbp_forum_subforum_count":0,"footnotes":""},"categories":[295,29],"tags":[314,310,308,309],"class_list":["post-10452","post","type-post","status-publish","format-standard","has-post-thumbnail","hentry","category-esam","category-portada","tag-cete","tag-erasmus","tag-esamtilc","tag-mcesamtilc"],"post_mailing_queue_ids":[],"_links":{"self":[{"href":"https:\/\/projectes.xtec.cat\/cete\/wp-json\/wp\/v2\/posts\/10452","targetHints":{"allow":["GET"]}}],"collection":[{"href":"https:\/\/projectes.xtec.cat\/cete\/wp-json\/wp\/v2\/posts"}],"about":[{"href":"https:\/\/projectes.xtec.cat\/cete\/wp-json\/wp\/v2\/types\/post"}],"author":[{"embeddable":true,"href":"https:\/\/projectes.xtec.cat\/cete\/wp-json\/wp\/v2\/users\/18"}],"replies":[{"embeddable":true,"href":"https:\/\/projectes.xtec.cat\/cete\/wp-json\/wp\/v2\/comments?post=10452"}],"version-history":[{"count":3,"href":"https:\/\/projectes.xtec.cat\/cete\/wp-json\/wp\/v2\/posts\/10452\/revisions"}],"predecessor-version":[{"id":10457,"href":"https:\/\/projectes.xtec.cat\/cete\/wp-json\/wp\/v2\/posts\/10452\/revisions\/10457"}],"wp:featuredmedia":[{"embeddable":true,"href":"https:\/\/projectes.xtec.cat\/cete\/wp-json\/wp\/v2\/media\/10453"}],"wp:attachment":[{"href":"https:\/\/projectes.xtec.cat\/cete\/wp-json\/wp\/v2\/media?parent=10452"}],"wp:term":[{"taxonomy":"category","embeddable":true,"href":"https:\/\/projectes.xtec.cat\/cete\/wp-json\/wp\/v2\/categories?post=10452"},{"taxonomy":"post_tag","embeddable":true,"href":"https:\/\/projectes.xtec.cat\/cete\/wp-json\/wp\/v2\/tags?post=10452"}],"curies":[{"name":"wp","href":"https:\/\/api.w.org\/{rel}","templated":true}]}}