{"id":10627,"date":"2024-05-13T08:46:59","date_gmt":"2024-05-13T06:46:59","guid":{"rendered":"https:\/\/projectes.xtec.cat\/cete\/?p=10627"},"modified":"2024-05-13T08:48:15","modified_gmt":"2024-05-13T06:48:15","slug":"job-shadowing-de-lequip-emailc-a-helsinki","status":"publish","type":"post","link":"https:\/\/projectes.xtec.cat\/cete\/portada\/job-shadowing-de-lequip-emailc-a-helsinki\/","title":{"rendered":"Job Shadowing de l&#8217;equip EMAILC a H\u00e8lsinki"},"content":{"rendered":"<div>\n<p>&nbsp;<\/p>\n<p><img loading=\"lazy\" decoding=\"async\" class=\"alignleft wp-image-10628\" src=\"https:\/\/projectes.xtec.cat\/cete\/wp-content\/uploads\/usu2644\/2024\/05\/1000057616-1024x768.jpg\" alt=\"\" width=\"361\" height=\"271\" srcset=\"https:\/\/projectes.xtec.cat\/cete\/wp-content\/uploads\/usu2644\/2024\/05\/1000057616-1024x768.jpg 1024w, https:\/\/projectes.xtec.cat\/cete\/wp-content\/uploads\/usu2644\/2024\/05\/1000057616-300x225.jpg 300w, https:\/\/projectes.xtec.cat\/cete\/wp-content\/uploads\/usu2644\/2024\/05\/1000057616-768x576.jpg 768w, https:\/\/projectes.xtec.cat\/cete\/wp-content\/uploads\/usu2644\/2024\/05\/1000057616-1536x1152.jpg 1536w, https:\/\/projectes.xtec.cat\/cete\/wp-content\/uploads\/usu2644\/2024\/05\/1000057616-200x150.jpg 200w, https:\/\/projectes.xtec.cat\/cete\/wp-content\/uploads\/usu2644\/2024\/05\/1000057616.jpg 2000w\" sizes=\"auto, (max-width: 361px) 100vw, 361px\" \/><span style=\"font-family: inherit; font-size: 1em;\">Entre el 6 i el 10 de maig de 2024, les docents Esther Plaza de l&#8217;Institut Mig-m\u00f3n de S\u00faria, la Pilar Garc\u00eda de l&#8217;escola Suris de Cornell\u00e0 de Llobregat, la Griselda Aragay de l&#8217;escola Josep Orriols i Roca de Moi\u00e0 i els docents Guiu Muns de l&#8217;Institut Dom\u00e8nec Parramon d&#8217;Arenys de Munt i \u00d2scar Sevillano de l&#8217;Institut Rafael de Casanova de Sant Boi de Llobregat van participar en una experi\u00e8ncia de job shadowing als centres educatius Malmin peruskoulu i Laajasalon peruskoulu de H\u00e8lsinki, Finl\u00e0ndia. L&#8217;objectiu principal d&#8217;aquesta mobilitat era l&#8217;observaci\u00f3 de l&#8217;ensenyament de la metodologia AICLE en diferents centres de prim\u00e0ria i secund\u00e0ria.<\/span><\/p>\n<p>En paraules de la docent Esther Plaza: &#8220;Aquesta experi\u00e8ncia de job shadowing -que comporta l&#8217;observaci\u00f3 de l&#8217;activitat professional de companys d&#8217;altres pa\u00efsos- m&#8217;ha fet reflexionar sobre la meva pr\u00e0ctica docent. Si hagu\u00e9s de triar algun punt clau de les observacions, aquest seria valorar la senzillesa de les activitats proposades a l&#8217;aula i la calma que despr\u00e8n el professorat i els alumnes dins de la classe.&#8221;.<\/p>\n<p>Tal com diu Pilar Garc\u00eda &#8220;he pogut gaudir d&#8217;una experi\u00e8ncia molt enriquidora durant els dies que hem passat a la Malmin peruskoulu que m&#8217;ha perm\u00e8s observar com funciona el sistema educatiu fin\u00e8s i com \u00e9s el dia a dia a una escola de prim\u00e0ria on s&#8217;aplica la metodologia AICLE. Destacaria en especial, l&#8217;autonomia que mostren tots els alumnes, l&#8217;excel\u00b7lent nivell d&#8217;angl\u00e8s que tenen en general des de ben petits i l&#8217;ambient de tranquil\u00b7litat que es viu a l&#8217;escola&#8221;.<\/p>\n<p>En paraules de Griselda Aragay &#8220;aquesta experi\u00e8ncia de job shadowing m&#8217;ha donat la possibilitat de crear unes xarxes professionals amb els mestres de llengua anglesa i d&#8217;AICLE de H\u00e8lsinki amb l&#8217;objectiu de programar futures col.laboracions. A m\u00e9s de l&#8217;aprenentatge pedag\u00f2gic, s&#8217;ha establert un intercanvi cultural i una interacci\u00f3 que ha enriquit la meva perspectiva professional i personal&#8221;.<\/p>\n<p>El docent Guiu Muns afegeix que &#8220;La meva participaci\u00f3 en aquesta experi\u00e8ncia de job shadowing ha estat una oportunitat \u00fanica per aprofundir en la comprensi\u00f3 de la metodologia AICLE i observar-la en acci\u00f3 a les escoles finlandeses. En destaco la import\u00e0ncia de la simplicitat i la calma en les activitats a l&#8217;aula, aix\u00ed com l&#8217;autonomia dels alumnes i l&#8217;ambient de tranquil\u00b7litat que s&#8217;hi respira. Aquesta experi\u00e8ncia ha refor\u00e7at la meva convicci\u00f3 en la import\u00e0ncia de crear un entorn d&#8217;aprenentatge positiu i inclusiu per a tots els alumnes.&#8221;<\/p>\n<p>Finalment, segons \u00d2scar Sevillano &#8220;Durant aquests dies a les escoles finlandeses, he pogut observar de prop els principals trets del sistema educatiu fin\u00e8s i la metodologia AICLE en acci\u00f3. M&#8217;ha impressionat especialment l&#8217;excel\u00b7lent nivell d&#8217;angl\u00e8s dels alumnes des de ben petits i la cultura d&#8217;autonomia que es fomenta a les aules. Aquesta experi\u00e8ncia m&#8217;ha inspirat a explorar noves maneres d&#8217;integrar la metodologia AICLE a la meva pr\u00e0ctica docent i a fomentar la confian\u00e7a i l&#8217;autonomia del meu alumnat.&#8221;<\/p>\n<p>Tots els docents que hem participat en aquesta mobilitat volem agrair sincerament als coordinadors i mestres dels centres educatius finlandesos la rebuda i acompanyament d&#8217;aquests dies: Antii Karhunen, Emma Vaitti, Aino Paulus i Elena St\u00e2hle del centre educatiu Malmin peruskoulu, a Tiia Th\u00faren del centre educatiu Laajasalon peruskoulu i a la coordinadora AICLE, Jenna Balk.<\/p>\n<p><a href=\"https:\/\/projectes.xtec.cat\/cete\/wp-content\/uploads\/usu2644\/2024\/05\/1000057493-scaled.jpg\"><img loading=\"lazy\" decoding=\"async\" class=\" wp-image-10631 alignleft\" src=\"https:\/\/projectes.xtec.cat\/cete\/wp-content\/uploads\/usu2644\/2024\/05\/1000057493-708x1024.jpg\" alt=\"\" width=\"332\" height=\"480\" srcset=\"https:\/\/projectes.xtec.cat\/cete\/wp-content\/uploads\/usu2644\/2024\/05\/1000057493-708x1024.jpg 708w, https:\/\/projectes.xtec.cat\/cete\/wp-content\/uploads\/usu2644\/2024\/05\/1000057493-207x300.jpg 207w, https:\/\/projectes.xtec.cat\/cete\/wp-content\/uploads\/usu2644\/2024\/05\/1000057493-768x1111.jpg 768w, https:\/\/projectes.xtec.cat\/cete\/wp-content\/uploads\/usu2644\/2024\/05\/1000057493-1062x1536.jpg 1062w, https:\/\/projectes.xtec.cat\/cete\/wp-content\/uploads\/usu2644\/2024\/05\/1000057493-1416x2048.jpg 1416w, https:\/\/projectes.xtec.cat\/cete\/wp-content\/uploads\/usu2644\/2024\/05\/1000057493-scaled.jpg 1770w\" sizes=\"auto, (max-width: 332px) 100vw, 332px\" \/><\/a> <a href=\"https:\/\/projectes.xtec.cat\/cete\/wp-content\/uploads\/usu2644\/2024\/05\/1000057773.jpg\"><img loading=\"lazy\" decoding=\"async\" class=\" wp-image-10630 alignleft\" src=\"https:\/\/projectes.xtec.cat\/cete\/wp-content\/uploads\/usu2644\/2024\/05\/1000057773-1024x499.jpg\" alt=\"\" width=\"534\" height=\"260\" srcset=\"https:\/\/projectes.xtec.cat\/cete\/wp-content\/uploads\/usu2644\/2024\/05\/1000057773-1024x499.jpg 1024w, https:\/\/projectes.xtec.cat\/cete\/wp-content\/uploads\/usu2644\/2024\/05\/1000057773-300x146.jpg 300w, https:\/\/projectes.xtec.cat\/cete\/wp-content\/uploads\/usu2644\/2024\/05\/1000057773-768x374.jpg 768w, https:\/\/projectes.xtec.cat\/cete\/wp-content\/uploads\/usu2644\/2024\/05\/1000057773-1536x748.jpg 1536w, https:\/\/projectes.xtec.cat\/cete\/wp-content\/uploads\/usu2644\/2024\/05\/1000057773.jpg 1600w\" sizes=\"auto, (max-width: 534px) 100vw, 534px\" \/><\/a><\/p>\n<\/div>\n<div><a href=\"https:\/\/projectes.xtec.cat\/cete\/wp-content\/uploads\/usu2644\/2024\/05\/1000057761.jpg\"><img loading=\"lazy\" decoding=\"async\" class=\"wp-image-10629 alignnone\" src=\"https:\/\/projectes.xtec.cat\/cete\/wp-content\/uploads\/usu2644\/2024\/05\/1000057761-1024x768.jpg\" alt=\"\" width=\"451\" height=\"338\" srcset=\"https:\/\/projectes.xtec.cat\/cete\/wp-content\/uploads\/usu2644\/2024\/05\/1000057761-1024x768.jpg 1024w, https:\/\/projectes.xtec.cat\/cete\/wp-content\/uploads\/usu2644\/2024\/05\/1000057761-300x225.jpg 300w, https:\/\/projectes.xtec.cat\/cete\/wp-content\/uploads\/usu2644\/2024\/05\/1000057761-768x576.jpg 768w, https:\/\/projectes.xtec.cat\/cete\/wp-content\/uploads\/usu2644\/2024\/05\/1000057761-1536x1152.jpg 1536w, https:\/\/projectes.xtec.cat\/cete\/wp-content\/uploads\/usu2644\/2024\/05\/1000057761-200x150.jpg 200w, https:\/\/projectes.xtec.cat\/cete\/wp-content\/uploads\/usu2644\/2024\/05\/1000057761.jpg 1600w\" sizes=\"auto, (max-width: 451px) 100vw, 451px\" \/><\/a><\/div>\n","protected":false},"excerpt":{"rendered":"<p>&nbsp;<br \/>\nEntre el 6 i el 10 de maig de 2024, les docents Esther Plaza de l&#8217;Institut Mig-m\u00f3n de S\u00faria, la Pilar Garc\u00eda de l&#8217;escola Suris de Cornell\u00e0 de Llobregat, la Griselda Aragay de l&#8217;escola Josep Orriols i Roca de Moi\u00e0 i els docents Guiu Muns&hellip;  <a href=\"https:\/\/projectes.xtec.cat\/cete\/portada\/job-shadowing-de-lequip-emailc-a-helsinki\/\" title=\"Read Job Shadowing de l&#8217;equip EMAILC a H\u00e8lsinki\">Llegeix m\u00e9s\u00bb<\/a><\/p>\n","protected":false},"author":15,"featured_media":10628,"comment_status":"open","ping_status":"closed","sticky":false,"template":"","format":"standard","meta":{"_bbp_topic_count":0,"_bbp_reply_count":0,"_bbp_total_topic_count":0,"_bbp_total_reply_count":0,"_bbp_voice_count":0,"_bbp_anonymous_reply_count":0,"_bbp_topic_count_hidden":0,"_bbp_reply_count_hidden":0,"_bbp_forum_subforum_count":0,"footnotes":""},"categories":[296,29],"tags":[],"class_list":["post-10627","post","type-post","status-publish","format-standard","has-post-thumbnail","hentry","category-emailc","category-portada"],"post_mailing_queue_ids":[],"_links":{"self":[{"href":"https:\/\/projectes.xtec.cat\/cete\/wp-json\/wp\/v2\/posts\/10627","targetHints":{"allow":["GET"]}}],"collection":[{"href":"https:\/\/projectes.xtec.cat\/cete\/wp-json\/wp\/v2\/posts"}],"about":[{"href":"https:\/\/projectes.xtec.cat\/cete\/wp-json\/wp\/v2\/types\/post"}],"author":[{"embeddable":true,"href":"https:\/\/projectes.xtec.cat\/cete\/wp-json\/wp\/v2\/users\/15"}],"replies":[{"embeddable":true,"href":"https:\/\/projectes.xtec.cat\/cete\/wp-json\/wp\/v2\/comments?post=10627"}],"version-history":[{"count":3,"href":"https:\/\/projectes.xtec.cat\/cete\/wp-json\/wp\/v2\/posts\/10627\/revisions"}],"predecessor-version":[{"id":10634,"href":"https:\/\/projectes.xtec.cat\/cete\/wp-json\/wp\/v2\/posts\/10627\/revisions\/10634"}],"wp:featuredmedia":[{"embeddable":true,"href":"https:\/\/projectes.xtec.cat\/cete\/wp-json\/wp\/v2\/media\/10628"}],"wp:attachment":[{"href":"https:\/\/projectes.xtec.cat\/cete\/wp-json\/wp\/v2\/media?parent=10627"}],"wp:term":[{"taxonomy":"category","embeddable":true,"href":"https:\/\/projectes.xtec.cat\/cete\/wp-json\/wp\/v2\/categories?post=10627"},{"taxonomy":"post_tag","embeddable":true,"href":"https:\/\/projectes.xtec.cat\/cete\/wp-json\/wp\/v2\/tags?post=10627"}],"curies":[{"name":"wp","href":"https:\/\/api.w.org\/{rel}","templated":true}]}}