{"id":10648,"date":"2024-05-29T08:32:38","date_gmt":"2024-05-29T06:32:38","guid":{"rendered":"https:\/\/projectes.xtec.cat\/cete\/?p=10648"},"modified":"2024-05-29T08:32:38","modified_gmt":"2024-05-29T06:32:38","slug":"jornada-dinternacionalitzacio-erasmus-cete-equip-esam-tilc","status":"publish","type":"post","link":"https:\/\/projectes.xtec.cat\/cete\/portada\/jornada-dinternacionalitzacio-erasmus-cete-equip-esam-tilc\/","title":{"rendered":"Jornada d\u2019internacionalitzaci\u00f3 ERASMUS+ CETE+ equip ESAM-TILC"},"content":{"rendered":"<p><img loading=\"lazy\" decoding=\"async\" class=\"alignleft size-full wp-image-10649\" src=\"https:\/\/projectes.xtec.cat\/cete\/wp-content\/uploads\/usu2644\/2024\/05\/Jornada.png\" alt=\"\" width=\"450\" height=\"200\" srcset=\"https:\/\/projectes.xtec.cat\/cete\/wp-content\/uploads\/usu2644\/2024\/05\/Jornada.png 450w, https:\/\/projectes.xtec.cat\/cete\/wp-content\/uploads\/usu2644\/2024\/05\/Jornada-300x133.png 300w\" sizes=\"auto, (max-width: 450px) 100vw, 450px\" \/>El passat 14 de maig de 2024, a la Barcelona School of Management de la UPF, es va celebrar la jornada d\u2019internacionalitzaci\u00f3 del projecte ERASMUS+ CETE+ (convocat\u00f2ries de 2021 i 2022), un esdeveniment que va reunir a destacats professionals en l\u2019\u00e0mbit de l\u2019educaci\u00f3 participants de diferents centres educatius del territori en els diferents equips ERASMUS CETE+ i experts de diferents pa\u00efsos europeus. L\u2019equip d\u2019ESAM-TILC) va participar en aquesta\u00a0trobada d\u2019aprenentatge entre iguals per facilitar el di\u00e0leg entre tots els participants del projecte i compartir els resultats i l\u2019impacte del projecte CETE+.<\/p>\n<p>Despr\u00e9s de la pon\u00e8ncia del Sr. Siro L\u00f3pez, \u201cDisseny dels espais educatius. Aprenentatge i creativitat\u201d, vam poder assistir a diferents tallers d\u2019experts.<\/p>\n<p><img loading=\"lazy\" decoding=\"async\" class=\" wp-image-10650 aligncenter\" src=\"https:\/\/projectes.xtec.cat\/cete\/wp-content\/uploads\/usu2644\/2024\/05\/IMG_20240529_072825.jpg\" alt=\"\" width=\"610\" height=\"467\" srcset=\"https:\/\/projectes.xtec.cat\/cete\/wp-content\/uploads\/usu2644\/2024\/05\/IMG_20240529_072825.jpg 1092w, https:\/\/projectes.xtec.cat\/cete\/wp-content\/uploads\/usu2644\/2024\/05\/IMG_20240529_072825-300x230.jpg 300w, https:\/\/projectes.xtec.cat\/cete\/wp-content\/uploads\/usu2644\/2024\/05\/IMG_20240529_072825-1024x785.jpg 1024w, https:\/\/projectes.xtec.cat\/cete\/wp-content\/uploads\/usu2644\/2024\/05\/IMG_20240529_072825-768x589.jpg 768w\" sizes=\"auto, (max-width: 610px) 100vw, 610px\" \/><\/p>\n","protected":false},"excerpt":{"rendered":"<p>El passat 14 de maig de 2024, a la Barcelona School of Management de la UPF, es va celebrar la jornada d\u2019internacionalitzaci\u00f3 del projecte ERASMUS+ CETE+ (convocat\u00f2ries de 2021 i 2022).&hellip;  <a href=\"https:\/\/projectes.xtec.cat\/cete\/portada\/jornada-dinternacionalitzacio-erasmus-cete-equip-esam-tilc\/\" title=\"Read Jornada d\u2019internacionalitzaci\u00f3 ERASMUS+ CETE+ equip ESAM-TILC\">Llegeix m\u00e9s\u00bb<\/a><\/p>\n","protected":false},"author":18,"featured_media":10649,"comment_status":"open","ping_status":"closed","sticky":false,"template":"","format":"standard","meta":{"_bbp_topic_count":0,"_bbp_reply_count":0,"_bbp_total_topic_count":0,"_bbp_total_reply_count":0,"_bbp_voice_count":0,"_bbp_anonymous_reply_count":0,"_bbp_topic_count_hidden":0,"_bbp_reply_count_hidden":0,"_bbp_forum_subforum_count":0,"footnotes":""},"categories":[295,29],"tags":[314,310,308,309],"class_list":["post-10648","post","type-post","status-publish","format-standard","has-post-thumbnail","hentry","category-esam","category-portada","tag-cete","tag-erasmus","tag-esamtilc","tag-mcesamtilc"],"post_mailing_queue_ids":[],"_links":{"self":[{"href":"https:\/\/projectes.xtec.cat\/cete\/wp-json\/wp\/v2\/posts\/10648","targetHints":{"allow":["GET"]}}],"collection":[{"href":"https:\/\/projectes.xtec.cat\/cete\/wp-json\/wp\/v2\/posts"}],"about":[{"href":"https:\/\/projectes.xtec.cat\/cete\/wp-json\/wp\/v2\/types\/post"}],"author":[{"embeddable":true,"href":"https:\/\/projectes.xtec.cat\/cete\/wp-json\/wp\/v2\/users\/18"}],"replies":[{"embeddable":true,"href":"https:\/\/projectes.xtec.cat\/cete\/wp-json\/wp\/v2\/comments?post=10648"}],"version-history":[{"count":1,"href":"https:\/\/projectes.xtec.cat\/cete\/wp-json\/wp\/v2\/posts\/10648\/revisions"}],"predecessor-version":[{"id":10651,"href":"https:\/\/projectes.xtec.cat\/cete\/wp-json\/wp\/v2\/posts\/10648\/revisions\/10651"}],"wp:featuredmedia":[{"embeddable":true,"href":"https:\/\/projectes.xtec.cat\/cete\/wp-json\/wp\/v2\/media\/10649"}],"wp:attachment":[{"href":"https:\/\/projectes.xtec.cat\/cete\/wp-json\/wp\/v2\/media?parent=10648"}],"wp:term":[{"taxonomy":"category","embeddable":true,"href":"https:\/\/projectes.xtec.cat\/cete\/wp-json\/wp\/v2\/categories?post=10648"},{"taxonomy":"post_tag","embeddable":true,"href":"https:\/\/projectes.xtec.cat\/cete\/wp-json\/wp\/v2\/tags?post=10648"}],"curies":[{"name":"wp","href":"https:\/\/api.w.org\/{rel}","templated":true}]}}