{"id":10663,"date":"2024-06-04T10:20:51","date_gmt":"2024-06-04T08:20:51","guid":{"rendered":"https:\/\/projectes.xtec.cat\/cete\/?p=10663"},"modified":"2024-06-04T11:27:03","modified_gmt":"2024-06-04T09:27:03","slug":"sessions-de-coordinacio-en-centres-de-lequip-emailc-cete","status":"publish","type":"post","link":"https:\/\/projectes.xtec.cat\/cete\/portada\/sessions-de-coordinacio-en-centres-de-lequip-emailc-cete\/","title":{"rendered":"Sessions de coordinaci\u00f3 en centres de l&#8217;equip EMAILC CETE"},"content":{"rendered":"<p><a href=\"https:\/\/projectes.xtec.cat\/cete\/wp-content\/uploads\/usu2644\/2024\/06\/image2.jpeg\"><img loading=\"lazy\" decoding=\"async\" class=\" wp-image-10665 alignleft\" src=\"https:\/\/projectes.xtec.cat\/cete\/wp-content\/uploads\/usu2644\/2024\/06\/image2.jpeg\" alt=\"\" width=\"270\" height=\"203\" srcset=\"https:\/\/projectes.xtec.cat\/cete\/wp-content\/uploads\/usu2644\/2024\/06\/image2.jpeg 640w, https:\/\/projectes.xtec.cat\/cete\/wp-content\/uploads\/usu2644\/2024\/06\/image2-300x225.jpeg 300w, https:\/\/projectes.xtec.cat\/cete\/wp-content\/uploads\/usu2644\/2024\/06\/image2-200x150.jpeg 200w\" sizes=\"auto, (max-width: 270px) 100vw, 270px\" \/><\/a>Aquestes \u00faltimes setmanes hem assistit a sessions de coordinaci\u00f3 EMAILC amb els equips de l\u2019<a href=\"https:\/\/agora.xtec.cat\/ies-dperramon\/\">Institut Dom\u00e8nec i Perramon<\/a> d&#8217;Arenys de Munt, l&#8217;<a href=\"https:\/\/agora.xtec.cat\/ies-dperramon\/\">Institut Rafael Casanova<\/a> de Sant Boi de Llobregat i l&#8217;<a href=\"https:\/\/agora.xtec.cat\/escolasuris\/\">Escola Suris<\/a> de Cornell\u00e0 de Llobregat.<\/p>\n<p>En aquestes sessions hem pogut constatar l&#8217;impacte positiu que est\u00e0 tenint el programa CETE Erasmus+ en els seus centres gr\u00e0cies a les mobilitats realitzades en el marc del projecte 2023. A partir d&#8217;algunes idees recollides durant els job shadowings a Irlanda (Institut Rafael Casanova i Dom\u00e8nec i Perramon) i Finl\u00e0ndia (tots tres), el personal docent est\u00e0 comen\u00e7ant a plantejar com aquests aprenentatges es traduiran en nous materials i projectes que, sens dubte, repercutiran positivament en l&#8217;aprenentatge de la llengua anglesa per part de l&#8217;alumnat. Tots tres centres han decidit apostar per la internacionalitzaci\u00f3 com una de les vies per endinsar-se en la transformaci\u00f3 educativa.<\/p>\n<p>Cal remarcar que els centres es troben en proc\u00e9s de difondre aquestes experi\u00e8ncies a la resta del claustre. A m\u00e9s, en alguns casos, l&#8217;alumnat de l&#8217;Escola Suris i l&#8217;alumnat de l&#8217;Escola de Malmin a H\u00e8lsinki han comen\u00e7at a intercanviar preguntes, fomentant aix\u00ed una connexi\u00f3 internacional directa entre estudiants.<\/p>\n<p>Gr\u00e0cies per obrir-nos les portes dels vostres centres i felicitar-vos per l&#8217;excel\u00b7lent feina que esteu duent a terme. Us animem a continuar amb la internacionalitzaci\u00f3 i la transformaci\u00f3 educativa dels vostres centres educatius.<\/p>\n<p><a href=\"https:\/\/projectes.xtec.cat\/cete\/wp-content\/uploads\/usu2644\/2024\/06\/image0-rotated.jpeg\"><img loading=\"lazy\" decoding=\"async\" class=\"wp-image-10664 alignleft\" src=\"https:\/\/projectes.xtec.cat\/cete\/wp-content\/uploads\/usu2644\/2024\/06\/image0-rotated.jpeg\" alt=\"\" width=\"253\" height=\"337\" srcset=\"https:\/\/projectes.xtec.cat\/cete\/wp-content\/uploads\/usu2644\/2024\/06\/image0-rotated.jpeg 480w, https:\/\/projectes.xtec.cat\/cete\/wp-content\/uploads\/usu2644\/2024\/06\/image0-225x300.jpeg 225w\" sizes=\"auto, (max-width: 253px) 100vw, 253px\" \/><\/a><a href=\"https:\/\/projectes.xtec.cat\/cete\/wp-content\/uploads\/usu2644\/2024\/06\/image4-rotated.jpeg\"><img loading=\"lazy\" decoding=\"async\" class=\"wp-image-10666 alignleft\" src=\"https:\/\/projectes.xtec.cat\/cete\/wp-content\/uploads\/usu2644\/2024\/06\/image4-rotated.jpeg\" alt=\"\" width=\"253\" height=\"337\" srcset=\"https:\/\/projectes.xtec.cat\/cete\/wp-content\/uploads\/usu2644\/2024\/06\/image4-rotated.jpeg 480w, https:\/\/projectes.xtec.cat\/cete\/wp-content\/uploads\/usu2644\/2024\/06\/image4-225x300.jpeg 225w\" sizes=\"auto, (max-width: 253px) 100vw, 253px\" \/><\/a><\/p>\n","protected":false},"excerpt":{"rendered":"<p><a href=\"https:\/\/projectes.xtec.cat\/cete\/wp-content\/uploads\/usu2644\/2024\/06\/image2.jpeg\"><\/a>Aquestes \u00faltimes setmanes hem assistit a sessions de coordinaci\u00f3 EMAILC amb els equips de l\u2019<a href=\"https:\/\/agora.xtec.cat\/ies-dperramon\/\">Institut Dom\u00e8nec i Perramon<\/a> d&#8217;Arenys de Munt, l&#8217;<a href=\"https:\/\/agora.xtec.cat\/ies-dperramon\/\">Institut Rafael Casanova<\/a> de Sant Boi de Llobregat i l&#8217;<a href=\"https:\/\/agora.xtec.cat\/escolasuris\/\">Escola Suris<\/a> de Cornell\u00e0 de Llobregat.<br \/>\nEn aquestes sessions hem pogut constatar&hellip;  <a href=\"https:\/\/projectes.xtec.cat\/cete\/portada\/sessions-de-coordinacio-en-centres-de-lequip-emailc-cete\/\" title=\"Read Sessions de coordinaci\u00f3 en centres de l&#8217;equip EMAILC CETE\">Llegeix m\u00e9s\u00bb<\/a><\/p>\n","protected":false},"author":15,"featured_media":10665,"comment_status":"open","ping_status":"closed","sticky":false,"template":"","format":"standard","meta":{"_bbp_topic_count":0,"_bbp_reply_count":0,"_bbp_total_topic_count":0,"_bbp_total_reply_count":0,"_bbp_voice_count":0,"_bbp_anonymous_reply_count":0,"_bbp_topic_count_hidden":0,"_bbp_reply_count_hidden":0,"_bbp_forum_subforum_count":0,"footnotes":""},"categories":[296,29],"tags":[],"class_list":["post-10663","post","type-post","status-publish","format-standard","has-post-thumbnail","hentry","category-emailc","category-portada"],"post_mailing_queue_ids":[],"_links":{"self":[{"href":"https:\/\/projectes.xtec.cat\/cete\/wp-json\/wp\/v2\/posts\/10663","targetHints":{"allow":["GET"]}}],"collection":[{"href":"https:\/\/projectes.xtec.cat\/cete\/wp-json\/wp\/v2\/posts"}],"about":[{"href":"https:\/\/projectes.xtec.cat\/cete\/wp-json\/wp\/v2\/types\/post"}],"author":[{"embeddable":true,"href":"https:\/\/projectes.xtec.cat\/cete\/wp-json\/wp\/v2\/users\/15"}],"replies":[{"embeddable":true,"href":"https:\/\/projectes.xtec.cat\/cete\/wp-json\/wp\/v2\/comments?post=10663"}],"version-history":[{"count":6,"href":"https:\/\/projectes.xtec.cat\/cete\/wp-json\/wp\/v2\/posts\/10663\/revisions"}],"predecessor-version":[{"id":10673,"href":"https:\/\/projectes.xtec.cat\/cete\/wp-json\/wp\/v2\/posts\/10663\/revisions\/10673"}],"wp:featuredmedia":[{"embeddable":true,"href":"https:\/\/projectes.xtec.cat\/cete\/wp-json\/wp\/v2\/media\/10665"}],"wp:attachment":[{"href":"https:\/\/projectes.xtec.cat\/cete\/wp-json\/wp\/v2\/media?parent=10663"}],"wp:term":[{"taxonomy":"category","embeddable":true,"href":"https:\/\/projectes.xtec.cat\/cete\/wp-json\/wp\/v2\/categories?post=10663"},{"taxonomy":"post_tag","embeddable":true,"href":"https:\/\/projectes.xtec.cat\/cete\/wp-json\/wp\/v2\/tags?post=10663"}],"curies":[{"name":"wp","href":"https:\/\/api.w.org\/{rel}","templated":true}]}}