{"id":10689,"date":"2024-07-02T12:06:58","date_gmt":"2024-07-02T10:06:58","guid":{"rendered":"https:\/\/projectes.xtec.cat\/cete\/?p=10689"},"modified":"2024-07-02T12:07:50","modified_gmt":"2024-07-02T10:07:50","slug":"transferencia-de-la-mobilitat-a-coimbra-al-claustre-de-lescola-font-rubia-equip-be-puntedu","status":"publish","type":"post","link":"https:\/\/projectes.xtec.cat\/cete\/portada\/transferencia-de-la-mobilitat-a-coimbra-al-claustre-de-lescola-font-rubia-equip-be-puntedu\/","title":{"rendered":"Transfer\u00e8ncia de la mobilitat a Co\u00efmbra al claustre de l\u2019escola Font-r\u00fabia (equip BE Puntedu)"},"content":{"rendered":"<p><a href=\"https:\/\/projectes.xtec.cat\/cete\/wp-content\/uploads\/usu2644\/2024\/07\/Transferencia-Font-rubia.jpg\"><img loading=\"lazy\" decoding=\"async\" class=\" wp-image-10690 alignleft\" src=\"https:\/\/projectes.xtec.cat\/cete\/wp-content\/uploads\/usu2644\/2024\/07\/Transferencia-Font-rubia.jpg\" alt=\"\" width=\"309\" height=\"232\" srcset=\"https:\/\/projectes.xtec.cat\/cete\/wp-content\/uploads\/usu2644\/2024\/07\/Transferencia-Font-rubia.jpg 640w, https:\/\/projectes.xtec.cat\/cete\/wp-content\/uploads\/usu2644\/2024\/07\/Transferencia-Font-rubia-300x225.jpg 300w, https:\/\/projectes.xtec.cat\/cete\/wp-content\/uploads\/usu2644\/2024\/07\/Transferencia-Font-rubia-200x150.jpg 200w\" sizes=\"auto, (max-width: 309px) 100vw, 309px\" \/><\/a>La directora de l\u2019<a href=\"http:\/\/www.escolafontrubia.cat\/\" target=\"_blank\" rel=\"noreferrer noopener\" data-type=\"link\" data-id=\"http:\/\/www.escolafontrubia.cat\/\">escola Font-r\u00fabia<\/a>\u00a0(Guardiola de Font-rub\u00ed), la S\u00f2nia Navarro, va explicar al claustre la mobilitat a Co\u00efmbra, Portugal.<\/p>\n<p>Tamb\u00e9 va compartir el diari i el producte que ha fet arran d\u2019aquest job shadowing.<\/p>\n<p>L\u2019escola Font-r\u00fabia \u00e9s un dels centres que forma part del Consorci KA120 Erasmus CETE+ del projecte 23 de l\u2019equip de biblioteques escolars (erasmusbescat).<\/p>\n","protected":false},"excerpt":{"rendered":"<p><a href=\"https:\/\/projectes.xtec.cat\/cete\/wp-content\/uploads\/usu2644\/2024\/07\/Transferencia-Font-rubia.jpg\"><\/a>La directora de l\u2019<a href=\"http:\/\/www.escolafontrubia.cat\/\" target=\"_blank\" rel=\"noreferrer noopener\" data-type=\"link\" data-id=\"http:\/\/www.escolafontrubia.cat\/\">escola Font-r\u00fabia<\/a>\u00a0(Guardiola de Font-rub\u00ed), la S\u00f2nia Navarro, va explicar al claustre la mobilitat a Co\u00efmbra, Portugal.<br \/>\nTamb\u00e9 va compartir el diari i el producte que ha fet arran d\u2019aquest job shadowing.<br \/>\nL\u2019escola Font-r\u00fabia \u00e9s un dels centres&hellip;  <a href=\"https:\/\/projectes.xtec.cat\/cete\/portada\/transferencia-de-la-mobilitat-a-coimbra-al-claustre-de-lescola-font-rubia-equip-be-puntedu\/\" title=\"Read Transfer\u00e8ncia de la mobilitat a Co\u00efmbra al claustre de l\u2019escola Font-r\u00fabia (equip BE Puntedu)\">Llegeix m\u00e9s\u00bb<\/a><\/p>\n","protected":false},"author":14,"featured_media":10690,"comment_status":"open","ping_status":"closed","sticky":false,"template":"","format":"standard","meta":{"_bbp_topic_count":0,"_bbp_reply_count":0,"_bbp_total_topic_count":0,"_bbp_total_reply_count":0,"_bbp_voice_count":0,"_bbp_anonymous_reply_count":0,"_bbp_topic_count_hidden":0,"_bbp_reply_count_hidden":0,"_bbp_forum_subforum_count":0,"footnotes":""},"categories":[29,297],"tags":[331,318],"class_list":["post-10689","post","type-post","status-publish","format-standard","has-post-thumbnail","hentry","category-portada","category-puntedu","tag-erasmusbescat","tag-puntedu"],"post_mailing_queue_ids":[],"_links":{"self":[{"href":"https:\/\/projectes.xtec.cat\/cete\/wp-json\/wp\/v2\/posts\/10689","targetHints":{"allow":["GET"]}}],"collection":[{"href":"https:\/\/projectes.xtec.cat\/cete\/wp-json\/wp\/v2\/posts"}],"about":[{"href":"https:\/\/projectes.xtec.cat\/cete\/wp-json\/wp\/v2\/types\/post"}],"author":[{"embeddable":true,"href":"https:\/\/projectes.xtec.cat\/cete\/wp-json\/wp\/v2\/users\/14"}],"replies":[{"embeddable":true,"href":"https:\/\/projectes.xtec.cat\/cete\/wp-json\/wp\/v2\/comments?post=10689"}],"version-history":[{"count":2,"href":"https:\/\/projectes.xtec.cat\/cete\/wp-json\/wp\/v2\/posts\/10689\/revisions"}],"predecessor-version":[{"id":10692,"href":"https:\/\/projectes.xtec.cat\/cete\/wp-json\/wp\/v2\/posts\/10689\/revisions\/10692"}],"wp:featuredmedia":[{"embeddable":true,"href":"https:\/\/projectes.xtec.cat\/cete\/wp-json\/wp\/v2\/media\/10690"}],"wp:attachment":[{"href":"https:\/\/projectes.xtec.cat\/cete\/wp-json\/wp\/v2\/media?parent=10689"}],"wp:term":[{"taxonomy":"category","embeddable":true,"href":"https:\/\/projectes.xtec.cat\/cete\/wp-json\/wp\/v2\/categories?post=10689"},{"taxonomy":"post_tag","embeddable":true,"href":"https:\/\/projectes.xtec.cat\/cete\/wp-json\/wp\/v2\/tags?post=10689"}],"curies":[{"name":"wp","href":"https:\/\/api.w.org\/{rel}","templated":true}]}}