{"id":10703,"date":"2024-07-10T12:30:35","date_gmt":"2024-07-10T10:30:35","guid":{"rendered":"https:\/\/projectes.xtec.cat\/cete\/?p=10703"},"modified":"2024-07-10T12:30:35","modified_gmt":"2024-07-10T10:30:35","slug":"transferencia-del-job-shadowing-a-coimbra-a-lescola-frigolet-equip-de-be-puntedu","status":"publish","type":"post","link":"https:\/\/projectes.xtec.cat\/cete\/general\/transferencia-del-job-shadowing-a-coimbra-a-lescola-frigolet-equip-de-be-puntedu\/","title":{"rendered":"Transfer\u00e8ncia del job shadowing a Co\u00efmbra a l\u2019escola Frigolet (equip de BE Puntedu)"},"content":{"rendered":"<p><a href=\"https:\/\/projectes.xtec.cat\/cete\/wp-content\/uploads\/usu2644\/2024\/07\/transferencia-Coimbra-Frigolet.jpg\"><img loading=\"lazy\" decoding=\"async\" class=\" wp-image-10705 alignleft\" src=\"https:\/\/projectes.xtec.cat\/cete\/wp-content\/uploads\/usu2644\/2024\/07\/transferencia-Coimbra-Frigolet.jpg\" alt=\"\" width=\"388\" height=\"218\" srcset=\"https:\/\/projectes.xtec.cat\/cete\/wp-content\/uploads\/usu2644\/2024\/07\/transferencia-Coimbra-Frigolet.jpg 960w, https:\/\/projectes.xtec.cat\/cete\/wp-content\/uploads\/usu2644\/2024\/07\/transferencia-Coimbra-Frigolet-300x169.jpg 300w, https:\/\/projectes.xtec.cat\/cete\/wp-content\/uploads\/usu2644\/2024\/07\/transferencia-Coimbra-Frigolet-768x432.jpg 768w\" sizes=\"auto, (max-width: 388px) 100vw, 388px\" \/><\/a>La coordinadora del projecte Erasmus 23 de l\u2019<a href=\"https:\/\/agora.xtec.cat\/ceipfrigolet\/portada\/job-shadowing-coimbra-compartim-amb-el-claustre\/\" target=\"_blank\" rel=\"noreferrer noopener\">escola Frigolet (Porqueres)<\/a>, la Mar L\u00f3pez, va explicar al claustre la mobilitat a Co\u00efmbra, Portugal. La valoraci\u00f3 que han fet de compartir l\u2019experi\u00e8ncia d\u2019aquest job shadowing \u00e9s que ha estat benefici\u00f3s per adquirir una visi\u00f3 diferent a l\u2019hora de gestionar i entendre la import\u00e0ncia de les biblioteques escolars dels centres com a pilars essencials i fonamentals per l\u2019aprenentatge del nostre alumnat.<\/p>\n<p>L\u2019escola Frigolet \u00e9s un dels centres que forma part del Consorci KA120 Erasmus CETE+ del projecte 23 de l\u2019equip de biblioteques escolars (erasmusbescat).<\/p>\n","protected":false},"excerpt":{"rendered":"<p><a href=\"https:\/\/projectes.xtec.cat\/cete\/wp-content\/uploads\/usu2644\/2024\/07\/transferencia-Coimbra-Frigolet.jpg\"><\/a>La coordinadora del projecte Erasmus 23 de l\u2019<a href=\"https:\/\/agora.xtec.cat\/ceipfrigolet\/portada\/job-shadowing-coimbra-compartim-amb-el-claustre\/\" target=\"_blank\" rel=\"noreferrer noopener\">escola Frigolet (Porqueres)<\/a>, la Mar L\u00f3pez, va explicar al claustre la mobilitat a Co\u00efmbra, Portugal. La valoraci\u00f3 que han fet de compartir l\u2019experi\u00e8ncia d\u2019aquest job shadowing \u00e9s que ha estat benefici\u00f3s per adquirir&hellip;  <a href=\"https:\/\/projectes.xtec.cat\/cete\/general\/transferencia-del-job-shadowing-a-coimbra-a-lescola-frigolet-equip-de-be-puntedu\/\" title=\"Read Transfer\u00e8ncia del job shadowing a Co\u00efmbra a l\u2019escola Frigolet (equip de BE Puntedu)\">Llegeix m\u00e9s\u00bb<\/a><\/p>\n","protected":false},"author":14,"featured_media":10704,"comment_status":"open","ping_status":"closed","sticky":false,"template":"","format":"standard","meta":{"_bbp_topic_count":0,"_bbp_reply_count":0,"_bbp_total_topic_count":0,"_bbp_total_reply_count":0,"_bbp_voice_count":0,"_bbp_anonymous_reply_count":0,"_bbp_topic_count_hidden":0,"_bbp_reply_count_hidden":0,"_bbp_forum_subforum_count":0,"footnotes":""},"categories":[1,29,297],"tags":[331,314,310],"class_list":["post-10703","post","type-post","status-publish","format-standard","has-post-thumbnail","hentry","category-general","category-portada","category-puntedu","tag-erasmusbescat","tag-cete","tag-erasmus"],"post_mailing_queue_ids":[],"_links":{"self":[{"href":"https:\/\/projectes.xtec.cat\/cete\/wp-json\/wp\/v2\/posts\/10703","targetHints":{"allow":["GET"]}}],"collection":[{"href":"https:\/\/projectes.xtec.cat\/cete\/wp-json\/wp\/v2\/posts"}],"about":[{"href":"https:\/\/projectes.xtec.cat\/cete\/wp-json\/wp\/v2\/types\/post"}],"author":[{"embeddable":true,"href":"https:\/\/projectes.xtec.cat\/cete\/wp-json\/wp\/v2\/users\/14"}],"replies":[{"embeddable":true,"href":"https:\/\/projectes.xtec.cat\/cete\/wp-json\/wp\/v2\/comments?post=10703"}],"version-history":[{"count":1,"href":"https:\/\/projectes.xtec.cat\/cete\/wp-json\/wp\/v2\/posts\/10703\/revisions"}],"predecessor-version":[{"id":10706,"href":"https:\/\/projectes.xtec.cat\/cete\/wp-json\/wp\/v2\/posts\/10703\/revisions\/10706"}],"wp:featuredmedia":[{"embeddable":true,"href":"https:\/\/projectes.xtec.cat\/cete\/wp-json\/wp\/v2\/media\/10704"}],"wp:attachment":[{"href":"https:\/\/projectes.xtec.cat\/cete\/wp-json\/wp\/v2\/media?parent=10703"}],"wp:term":[{"taxonomy":"category","embeddable":true,"href":"https:\/\/projectes.xtec.cat\/cete\/wp-json\/wp\/v2\/categories?post=10703"},{"taxonomy":"post_tag","embeddable":true,"href":"https:\/\/projectes.xtec.cat\/cete\/wp-json\/wp\/v2\/tags?post=10703"}],"curies":[{"name":"wp","href":"https:\/\/api.w.org\/{rel}","templated":true}]}}