{"id":10728,"date":"2024-10-15T10:13:51","date_gmt":"2024-10-15T08:13:51","guid":{"rendered":"https:\/\/projectes.xtec.cat\/cete\/?p=10728"},"modified":"2024-10-15T10:15:09","modified_gmt":"2024-10-15T08:15:09","slug":"pla-de-comunicacio-i-difusio-de-la-biblioteca-escolar-de-lequip-de-be-puntedu","status":"publish","type":"post","link":"https:\/\/projectes.xtec.cat\/cete\/puntedu\/pla-de-comunicacio-i-difusio-de-la-biblioteca-escolar-de-lequip-de-be-puntedu\/","title":{"rendered":"Pla de comunicaci\u00f3 i difusi\u00f3 de la biblioteca escolar de l&#8217;equip de BE Puntedu"},"content":{"rendered":"<div class=\"wp-block-columns is-layout-flex wp-container-core-columns-is-layout-1 wp-block-columns-is-layout-flex\">\n<div class=\"wp-block-column is-layout-flow wp-block-column-is-layout-flow\">\n<p><a href=\"https:\/\/projectes.xtec.cat\/cete\/wp-content\/uploads\/usu2644\/2024\/10\/Pla-de-comunicacio-i-difusio.png\"><img loading=\"lazy\" decoding=\"async\" class=\" wp-image-10729 alignleft\" src=\"https:\/\/projectes.xtec.cat\/cete\/wp-content\/uploads\/usu2644\/2024\/10\/Pla-de-comunicacio-i-difusio.png\" alt=\"\" width=\"277\" height=\"208\" srcset=\"https:\/\/projectes.xtec.cat\/cete\/wp-content\/uploads\/usu2644\/2024\/10\/Pla-de-comunicacio-i-difusio.png 651w, https:\/\/projectes.xtec.cat\/cete\/wp-content\/uploads\/usu2644\/2024\/10\/Pla-de-comunicacio-i-difusio-300x225.png 300w, https:\/\/projectes.xtec.cat\/cete\/wp-content\/uploads\/usu2644\/2024\/10\/Pla-de-comunicacio-i-difusio-200x150.png 200w\" sizes=\"auto, (max-width: 277px) 100vw, 277px\" \/><\/a>El Pla de comunicaci\u00f3 i difusi\u00f3 de la biblioteca escolar \u00e9s un document que detalla diferents aspectes que caldria tenir presents per enfortir la seva identitat, pres\u00e8ncia i visibilitat. El pla inclou els passos inicials i els que es recomana planificar durant i al final del curs.<\/p>\n<p>Despr\u00e9s de la mobilitat feta a l\u2019<a href=\"https:\/\/www.agrupamentomartimdefreitas.com\/web\/\" target=\"_blank\" rel=\"noreferrer noopener\">Agrupamento de Escolas Martim de Freitas<\/a>, Coimbra (Portugal), la Mar Font, t\u00e8cnica docent del programa de biblioteques escolars, ha creat aquest<a href=\"http:\/\/agrupamento%20de%20escolas%20martim%20de%20freitas,%20coimbra%20(portugal)\/\">\u00a0<\/a><a href=\"https:\/\/drive.google.com\/file\/d\/1eSlIKx3N_RZ9npJWPHjhjpn5haVlS1An\/view?usp=drive_link\" target=\"_blank\" rel=\"noreferrer noopener\">producte<\/a><a href=\"http:\/\/agrupamento%20de%20escolas%20martim%20de%20freitas,%20coimbra%20(portugal)\/\">\u00a0<\/a>per a l\u2019equip de BE Puntedu erasmusbescat, del projecte 23 Erasmus\u00a0KA120 CETE+.<\/p>\n<p><a href=\"https:\/\/repositori.educacio.gencat.cat\/handle\/20.500.12694\/6751\" target=\"_blank\" rel=\"noreferrer noopener\">Pla de comunicaci\u00f3 i difusi\u00f3 de la biblioteca escolar<\/a>\u00a0(enlla\u00e7 repositori Departament d\u2019Educaci\u00f3 i Formaci\u00f3 Professional)<\/p>\n<\/div>\n<\/div>\n<div class=\"addtoany_share_save_container addtoany_content addtoany_content_bottom\">\n<div class=\"a2a_kit a2a_kit_size_18 addtoany_list\" data-a2a-url=\"https:\/\/projectes.xtec.cat\/bescat\/general\/pla-de-comunicacio-i-difusio-de-la-biblioteca-escolar\/\" data-a2a-title=\"Pla de comunicaci\u00f3 i difusi\u00f3 de la biblioteca escolar\"><a class=\"a2a_button_twitter\" title=\"Twitter\" href=\"https:\/\/projectes.xtec.cat\/#twitter\" target=\"_blank\" rel=\"nofollow noopener\"><span class=\"a2a_label\">Twitter<\/span><\/a><a class=\"a2a_button_whatsapp\" title=\"WhatsApp\" href=\"https:\/\/projectes.xtec.cat\/#whatsapp\" target=\"_blank\" rel=\"nofollow noopener\"><span class=\"a2a_label\">WhatsApp<\/span><\/a><a class=\"a2a_button_google_gmail\" title=\"Gmail\" href=\"https:\/\/projectes.xtec.cat\/#google_gmail\" target=\"_blank\" rel=\"nofollow noopener\"><span class=\"a2a_label\">Gmail<\/span><\/a><\/div>\n<\/div>\n","protected":false},"excerpt":{"rendered":"<p><a href=\"https:\/\/projectes.xtec.cat\/cete\/wp-content\/uploads\/usu2644\/2024\/10\/Pla-de-comunicacio-i-difusio.png\"><\/a>El Pla de comunicaci\u00f3 i difusi\u00f3 de la biblioteca escolar \u00e9s un document que detalla diferents aspectes que caldria tenir presents per enfortir la seva identitat, pres\u00e8ncia i visibilitat. El pla inclou els passos inicials i els que es recomana planificar durant i al&hellip;  <a href=\"https:\/\/projectes.xtec.cat\/cete\/puntedu\/pla-de-comunicacio-i-difusio-de-la-biblioteca-escolar-de-lequip-de-be-puntedu\/\" title=\"Read Pla de comunicaci\u00f3 i difusi\u00f3 de la biblioteca escolar de l&#8217;equip de BE Puntedu\">Llegeix m\u00e9s\u00bb<\/a><\/p>\n","protected":false},"author":14,"featured_media":10729,"comment_status":"open","ping_status":"closed","sticky":false,"template":"","format":"standard","meta":{"_bbp_topic_count":0,"_bbp_reply_count":0,"_bbp_total_topic_count":0,"_bbp_total_reply_count":0,"_bbp_voice_count":0,"_bbp_anonymous_reply_count":0,"_bbp_topic_count_hidden":0,"_bbp_reply_count_hidden":0,"_bbp_forum_subforum_count":0,"footnotes":""},"categories":[297],"tags":[331,314],"class_list":["post-10728","post","type-post","status-publish","format-standard","has-post-thumbnail","hentry","category-puntedu","tag-erasmusbescat","tag-cete"],"post_mailing_queue_ids":[],"_links":{"self":[{"href":"https:\/\/projectes.xtec.cat\/cete\/wp-json\/wp\/v2\/posts\/10728","targetHints":{"allow":["GET"]}}],"collection":[{"href":"https:\/\/projectes.xtec.cat\/cete\/wp-json\/wp\/v2\/posts"}],"about":[{"href":"https:\/\/projectes.xtec.cat\/cete\/wp-json\/wp\/v2\/types\/post"}],"author":[{"embeddable":true,"href":"https:\/\/projectes.xtec.cat\/cete\/wp-json\/wp\/v2\/users\/14"}],"replies":[{"embeddable":true,"href":"https:\/\/projectes.xtec.cat\/cete\/wp-json\/wp\/v2\/comments?post=10728"}],"version-history":[{"count":1,"href":"https:\/\/projectes.xtec.cat\/cete\/wp-json\/wp\/v2\/posts\/10728\/revisions"}],"predecessor-version":[{"id":10730,"href":"https:\/\/projectes.xtec.cat\/cete\/wp-json\/wp\/v2\/posts\/10728\/revisions\/10730"}],"wp:featuredmedia":[{"embeddable":true,"href":"https:\/\/projectes.xtec.cat\/cete\/wp-json\/wp\/v2\/media\/10729"}],"wp:attachment":[{"href":"https:\/\/projectes.xtec.cat\/cete\/wp-json\/wp\/v2\/media?parent=10728"}],"wp:term":[{"taxonomy":"category","embeddable":true,"href":"https:\/\/projectes.xtec.cat\/cete\/wp-json\/wp\/v2\/categories?post=10728"},{"taxonomy":"post_tag","embeddable":true,"href":"https:\/\/projectes.xtec.cat\/cete\/wp-json\/wp\/v2\/tags?post=10728"}],"curies":[{"name":"wp","href":"https:\/\/api.w.org\/{rel}","templated":true}]}}