{"id":10735,"date":"2024-10-17T13:50:24","date_gmt":"2024-10-17T11:50:24","guid":{"rendered":"https:\/\/projectes.xtec.cat\/cete\/?p=10735"},"modified":"2024-10-17T13:50:24","modified_gmt":"2024-10-17T11:50:24","slug":"diari-del-job-shadowing-a-lecole-europenne-de-bruxelles-iv-equip-be-puntedu","status":"publish","type":"post","link":"https:\/\/projectes.xtec.cat\/cete\/portada\/diari-del-job-shadowing-a-lecole-europenne-de-bruxelles-iv-equip-be-puntedu\/","title":{"rendered":"Diari del Job shadowing a l\u2019\u00c9cole Europ\u00e9nne de Bruxelles IV (equip BE Puntedu)"},"content":{"rendered":"<p><a href=\"https:\/\/projectes.xtec.cat\/cete\/wp-content\/uploads\/usu2644\/2024\/10\/Diari-Cristina-Almoril.png\"><img loading=\"lazy\" decoding=\"async\" class=\" wp-image-10736 alignleft\" src=\"https:\/\/projectes.xtec.cat\/cete\/wp-content\/uploads\/usu2644\/2024\/10\/Diari-Cristina-Almoril.png\" alt=\"\" width=\"229\" height=\"294\" srcset=\"https:\/\/projectes.xtec.cat\/cete\/wp-content\/uploads\/usu2644\/2024\/10\/Diari-Cristina-Almoril.png 695w, https:\/\/projectes.xtec.cat\/cete\/wp-content\/uploads\/usu2644\/2024\/10\/Diari-Cristina-Almoril-234x300.png 234w\" sizes=\"auto, (max-width: 229px) 100vw, 229px\" \/><\/a>Aquest \u00e9s el\u00a0<a href=\"https:\/\/drive.google.com\/file\/d\/1_H2G1-fNylAj8BungqsydIVnQlQJQR7x\/view?usp=sharing\" target=\"_blank\" rel=\"noreferrer noopener\">Diari de la mobilitat<\/a><a href=\"https:\/\/drive.google.com\/file\/d\/1NwepKC2W7dpPb5H6hYN-fyBjxOTIu3wD\/view?usp=sharing\" target=\"_blank\" rel=\"noreferrer noopener\">\u00a0<\/a>(pdf) de Cristina Almoril, docent i coordinadora del projecte Erasmus CETE+ de l\u2019<a href=\"https:\/\/agora.xtec.cat\/ceipsantmarti-cerdanyola\/projecte-erasmus\/\" target=\"_blank\" rel=\"noreferrer noopener\">escola Sant Mart\u00ed\u00a0<\/a>(Cerdanyola del Vall\u00e8s), del job shadowing a Brussel\u00b7les (03\/06\/2024-07\/06\/2024).<\/p>\n<p>El\u00a0<em>Job shadowing<\/em>\u00a0es basa en l\u2019aprenentatge entre iguals i consisteix en fer visites a centres internacionals on poder observar experi\u00e8ncies que ens ajudin a millorar la nostra organitzaci\u00f3 i pr\u00e0ctica docent.<\/p>\n<p>Lloc:\u00a0<a href=\"https:\/\/eeb4.be\/fr\/\" target=\"_blank\" rel=\"noreferrer noopener\">\u00c9cole europ\u00e9enne de Bruxelles IV<\/a>, Brussel\u00b7les (B\u00e8lgica)<\/p>\n<p>Centres que van fer la mobilitat: Escola Sant Jordi, escola Sant Mart\u00ed i Institut Antoni Torroja.<\/p>\n<p>Job shadowing del projecte 23 Erasmus KA120 CETE+ de l\u2019equip de treball Puntedu (erasmusbescat).<\/p>\n<p><a href=\"https:\/\/www.canva.com\/design\/DAGTLMLmQ_o\/AwTe8ZewQtoFAQ3_DKUTzA\/watch?utm_content=DAGTLMLmQ_o&amp;utm_campaign=designshare&amp;utm_medium=embeds&amp;utm_source=link\" target=\"_blank\" rel=\"noreferrer noopener\">Diari de mobilitat<\/a>\u00a0(canva)<\/p>\n","protected":false},"excerpt":{"rendered":"<p><a href=\"https:\/\/projectes.xtec.cat\/cete\/wp-content\/uploads\/usu2644\/2024\/10\/Diari-Cristina-Almoril.png\"><\/a>Aquest \u00e9s el\u00a0<a href=\"https:\/\/drive.google.com\/file\/d\/1_H2G1-fNylAj8BungqsydIVnQlQJQR7x\/view?usp=sharing\" target=\"_blank\" rel=\"noreferrer noopener\">Diari de la mobilitat<\/a><a href=\"https:\/\/drive.google.com\/file\/d\/1NwepKC2W7dpPb5H6hYN-fyBjxOTIu3wD\/view?usp=sharing\" target=\"_blank\" rel=\"noreferrer noopener\">\u00a0<\/a>(pdf) de Cristina Almoril, docent i coordinadora del projecte Erasmus CETE+ de l\u2019<a href=\"https:\/\/agora.xtec.cat\/ceipsantmarti-cerdanyola\/projecte-erasmus\/\" target=\"_blank\" rel=\"noreferrer noopener\">escola Sant Mart\u00ed\u00a0<\/a>(Cerdanyola del Vall\u00e8s), del job shadowing a Brussel\u00b7les (03\/06\/2024-07\/06\/2024).<br \/>\nEl\u00a0Job shadowing\u00a0es basa en l\u2019aprenentatge&hellip;  <a href=\"https:\/\/projectes.xtec.cat\/cete\/portada\/diari-del-job-shadowing-a-lecole-europenne-de-bruxelles-iv-equip-be-puntedu\/\" title=\"Read Diari del Job shadowing a l\u2019\u00c9cole Europ\u00e9nne de Bruxelles IV (equip BE Puntedu)\">Llegeix m\u00e9s\u00bb<\/a><\/p>\n","protected":false},"author":14,"featured_media":10736,"comment_status":"open","ping_status":"closed","sticky":false,"template":"","format":"standard","meta":{"_bbp_topic_count":0,"_bbp_reply_count":0,"_bbp_total_topic_count":0,"_bbp_total_reply_count":0,"_bbp_voice_count":0,"_bbp_anonymous_reply_count":0,"_bbp_topic_count_hidden":0,"_bbp_reply_count_hidden":0,"_bbp_forum_subforum_count":0,"footnotes":""},"categories":[29,297],"tags":[331,314],"class_list":["post-10735","post","type-post","status-publish","format-standard","has-post-thumbnail","hentry","category-portada","category-puntedu","tag-erasmusbescat","tag-cete"],"post_mailing_queue_ids":[],"_links":{"self":[{"href":"https:\/\/projectes.xtec.cat\/cete\/wp-json\/wp\/v2\/posts\/10735","targetHints":{"allow":["GET"]}}],"collection":[{"href":"https:\/\/projectes.xtec.cat\/cete\/wp-json\/wp\/v2\/posts"}],"about":[{"href":"https:\/\/projectes.xtec.cat\/cete\/wp-json\/wp\/v2\/types\/post"}],"author":[{"embeddable":true,"href":"https:\/\/projectes.xtec.cat\/cete\/wp-json\/wp\/v2\/users\/14"}],"replies":[{"embeddable":true,"href":"https:\/\/projectes.xtec.cat\/cete\/wp-json\/wp\/v2\/comments?post=10735"}],"version-history":[{"count":1,"href":"https:\/\/projectes.xtec.cat\/cete\/wp-json\/wp\/v2\/posts\/10735\/revisions"}],"predecessor-version":[{"id":10737,"href":"https:\/\/projectes.xtec.cat\/cete\/wp-json\/wp\/v2\/posts\/10735\/revisions\/10737"}],"wp:featuredmedia":[{"embeddable":true,"href":"https:\/\/projectes.xtec.cat\/cete\/wp-json\/wp\/v2\/media\/10736"}],"wp:attachment":[{"href":"https:\/\/projectes.xtec.cat\/cete\/wp-json\/wp\/v2\/media?parent=10735"}],"wp:term":[{"taxonomy":"category","embeddable":true,"href":"https:\/\/projectes.xtec.cat\/cete\/wp-json\/wp\/v2\/categories?post=10735"},{"taxonomy":"post_tag","embeddable":true,"href":"https:\/\/projectes.xtec.cat\/cete\/wp-json\/wp\/v2\/tags?post=10735"}],"curies":[{"name":"wp","href":"https:\/\/api.w.org\/{rel}","templated":true}]}}