{"id":10813,"date":"2025-01-20T09:36:33","date_gmt":"2025-01-20T08:36:33","guid":{"rendered":"https:\/\/projectes.xtec.cat\/cete\/?p=10813"},"modified":"2025-01-20T13:13:01","modified_gmt":"2025-01-20T12:13:01","slug":"job-shadowing-equip-emailc-a-saint-jean-de-muzols-i-montelimar","status":"publish","type":"post","link":"https:\/\/projectes.xtec.cat\/cete\/portada\/job-shadowing-equip-emailc-a-saint-jean-de-muzols-i-montelimar\/","title":{"rendered":"Job shadowing equip EMAILC a Saint Jean de Muzols i Mont\u00e9limar"},"content":{"rendered":"<p><a href=\"https:\/\/projectes.xtec.cat\/cete\/wp-content\/uploads\/usu2644\/2025\/01\/IMG_20250112_154504-scaled.jpg\"><img loading=\"lazy\" decoding=\"async\" class=\" wp-image-10815 alignleft\" src=\"https:\/\/projectes.xtec.cat\/cete\/wp-content\/uploads\/usu2644\/2025\/01\/IMG_20250112_154504-768x1024.jpg\" alt=\"\" width=\"257\" height=\"343\" srcset=\"https:\/\/projectes.xtec.cat\/cete\/wp-content\/uploads\/usu2644\/2025\/01\/IMG_20250112_154504-768x1024.jpg 768w, https:\/\/projectes.xtec.cat\/cete\/wp-content\/uploads\/usu2644\/2025\/01\/IMG_20250112_154504-225x300.jpg 225w, https:\/\/projectes.xtec.cat\/cete\/wp-content\/uploads\/usu2644\/2025\/01\/IMG_20250112_154504-1152x1536.jpg 1152w, https:\/\/projectes.xtec.cat\/cete\/wp-content\/uploads\/usu2644\/2025\/01\/IMG_20250112_154504-1536x2048.jpg 1536w, https:\/\/projectes.xtec.cat\/cete\/wp-content\/uploads\/usu2644\/2025\/01\/IMG_20250112_154504-scaled.jpg 1920w\" sizes=\"auto, (max-width: 257px) 100vw, 257px\" \/><\/a>Entre el 13 i el 17 de gener de 2025, les docents Marta Bravo de l\u2019escola Suris de Cornell\u00e0, la Griselda Aragay i la Montse Nogu\u00e9s de l\u2019escola Josep Orriols i Roca de Moi\u00e0 han participat en una experi\u00e8ncia de job shadowing als centres educatius \u00c9cole \u00e9l\u00e9mentaire publique Louise Michel de <span style=\"font-weight: 400;\">Saint Jean de Muzols i l&#8217;E<\/span>cole primaire publique les All\u00e9es de Mont\u00e9limar, a Fran\u00e7a. L\u2019objectiu principal d\u2019aquestes mobilitats ha estat l\u2019observaci\u00f3 de l\u2019ensenyament de l&#8217;enfocament AICLE en diferents centres de prim\u00e0ria.<\/p>\n<p>Segons Marta Bravo, de l&#8217;escola Suris de Cornell\u00e0, &#8220;participar en aquest projecte gr\u00e0cies al programa CETE+ Erasmus+ EMAILC ha estat una experi\u00e8ncia transformadora, tant en l&#8217;\u00e0mbit professional com personal. He tingut l\u2019oportunitat de con\u00e8ixer de prop metodologies innovadores i de veure com l\u2019ensenyament de l\u2019angl\u00e8s s\u2019integra de manera creativa i efectiva en les aules de Mont\u00e9limar. Aquesta experi\u00e8ncia m\u2019ha donat noves idees per aplicar a la meva pr\u00e0ctica docent i m\u2019ha fet reflexionar sobre la import\u00e0ncia de connectar disciplines per motivar l\u2019alumnat. Estic profundament agra\u00efda pel caliu amb qu\u00e8 ens han acollit les escoles, que han obert les portes amb generositat i entusiasme. Aquest intercanvi cultural m\u2019ha demostrat que l\u2019aprenentatge mutu \u00e9s una font inesgotable de creixement. Gr\u00e0cies, CETE+ Erasmus+, per aquesta oportunitat \u00fanica que m\u2019ha fet cr\u00e9ixer com a docent i com a persona&#8221;.<\/p>\n<p>En paraules de Griselda Aragay, de l&#8217;escola Josep Orriols i Roca, &#8220;haver format part del programa CETE+ Erasmus+ EMAILC ha estat un privilegi i una oportunitat per connectar amb altres professionals de l\u2019educaci\u00f3 en un entorn enriquidor com ara Saint-Jean-de-Muzols o Mont\u00e9limar. Aquesta experi\u00e8ncia m\u2019ha perm\u00e8s observar noves metodologies i comprendre com integrar lleng\u00fces de manera pr\u00e0ctica i efectiva en el dia a dia escolar. Ha estat molt profit\u00f3s veure les classes de matem\u00e0tiques en angl\u00e8s seguint la metodologia CLIL a les escoles franceses visitades durant el nostre jobshadowing. M&#8217;ha impressionat el comprom\u00eds dels mestres, la implicaci\u00f3 i la cohesi\u00f3 entre el professorat de les escoles visitades. Vull agrair a les escoles que ens han rebut, al programa CETE+ Erasmus+ per aquesta oportunitat, i a les meves companyes de viatge, que han fet d\u2019aquesta experi\u00e8ncia una setmana inoblidable. Torno a casa amb noves eines i molta inspiraci\u00f3 per a la meva feina di\u00e0ria&#8221;.<\/p>\n<p>Segons diu Montse Nogu\u00e9s, de l&#8217;escola Josep Orriols i Roca, &#8220;formar part del programa CETE+ Erasmus+ EMAILC ha estat una experi\u00e8ncia extraordin\u00e0ria i plena de significat. A Mont\u00e9limar, he tingut l\u2019oportunitat d\u2019observar com l\u2019ensenyament de l\u2019angl\u00e8s pot formar part del dia a dia de l\u2019escola, d\u2019una manera natural i creativa. Ha estat enriquidor veure com els docents adapten les activitats a les necessitats dels alumnes, creant un entorn d\u2019aprenentatge inclusiu i motivador. M\u00e9s enll\u00e0 de les metodologies, aquesta experi\u00e8ncia m\u2019ha confirmat la for\u00e7a de l\u2019intercanvi cultural com a eina de creixement professional i personal. Veure el comprom\u00eds dels equips docents amb l\u2019educaci\u00f3 i la motivaci\u00f3 dels alumnes ha estat una font d\u2019inspiraci\u00f3 per a mi. Gr\u00e0cies al programa CETE+ Erasmus+ per obrir-me aquesta porta, i a les escoles de Saint-Jean-de-Muzols i de Mont\u00e9limar per la seva generositat i hospitalitat. Aquesta experi\u00e8ncia em reafirma que mai deixem d\u2019aprendre i que sempre hi ha espai per innovar i cr\u00e9ixer en la nostra tasca educativa&#8221;.<\/p>\n<p>Agra\u00efm de tot cor a les escoles franceses la seva generositat i l\u2019oportunitat que ens han brindat d\u2019obrir-nos les seves portes i compartir els seus aprenentatges.<\/p>\n<p><a href=\"https:\/\/projectes.xtec.cat\/cete\/wp-content\/uploads\/usu2644\/2025\/01\/IMG_20250114_133525-scaled.jpg\"><img loading=\"lazy\" decoding=\"async\" class=\" wp-image-10818 alignleft\" src=\"https:\/\/projectes.xtec.cat\/cete\/wp-content\/uploads\/usu2644\/2025\/01\/IMG_20250114_133525-1024x768.jpg\" alt=\"\" width=\"395\" height=\"296\" srcset=\"https:\/\/projectes.xtec.cat\/cete\/wp-content\/uploads\/usu2644\/2025\/01\/IMG_20250114_133525-1024x768.jpg 1024w, https:\/\/projectes.xtec.cat\/cete\/wp-content\/uploads\/usu2644\/2025\/01\/IMG_20250114_133525-300x225.jpg 300w, https:\/\/projectes.xtec.cat\/cete\/wp-content\/uploads\/usu2644\/2025\/01\/IMG_20250114_133525-768x576.jpg 768w, https:\/\/projectes.xtec.cat\/cete\/wp-content\/uploads\/usu2644\/2025\/01\/IMG_20250114_133525-1536x1152.jpg 1536w, https:\/\/projectes.xtec.cat\/cete\/wp-content\/uploads\/usu2644\/2025\/01\/IMG_20250114_133525-2048x1536.jpg 2048w, https:\/\/projectes.xtec.cat\/cete\/wp-content\/uploads\/usu2644\/2025\/01\/IMG_20250114_133525-200x150.jpg 200w\" sizes=\"auto, (max-width: 395px) 100vw, 395px\" \/><\/a><a href=\"https:\/\/projectes.xtec.cat\/cete\/wp-content\/uploads\/usu2644\/2025\/01\/IMG_20250113_091631-1-scaled.jpg\"><img loading=\"lazy\" decoding=\"async\" class=\" wp-image-10822 alignleft\" src=\"https:\/\/projectes.xtec.cat\/cete\/wp-content\/uploads\/usu2644\/2025\/01\/IMG_20250113_091631-1-1024x768.jpg\" alt=\"\" width=\"417\" height=\"313\" srcset=\"https:\/\/projectes.xtec.cat\/cete\/wp-content\/uploads\/usu2644\/2025\/01\/IMG_20250113_091631-1-1024x768.jpg 1024w, https:\/\/projectes.xtec.cat\/cete\/wp-content\/uploads\/usu2644\/2025\/01\/IMG_20250113_091631-1-300x225.jpg 300w, https:\/\/projectes.xtec.cat\/cete\/wp-content\/uploads\/usu2644\/2025\/01\/IMG_20250113_091631-1-768x576.jpg 768w, https:\/\/projectes.xtec.cat\/cete\/wp-content\/uploads\/usu2644\/2025\/01\/IMG_20250113_091631-1-1536x1152.jpg 1536w, https:\/\/projectes.xtec.cat\/cete\/wp-content\/uploads\/usu2644\/2025\/01\/IMG_20250113_091631-1-2048x1536.jpg 2048w, https:\/\/projectes.xtec.cat\/cete\/wp-content\/uploads\/usu2644\/2025\/01\/IMG_20250113_091631-1-200x150.jpg 200w\" sizes=\"auto, (max-width: 417px) 100vw, 417px\" \/><\/a><br \/>\n<a href=\"https:\/\/projectes.xtec.cat\/cete\/wp-content\/uploads\/usu2644\/2025\/01\/IMG-20250114-WA0038.jpg\"><img loading=\"lazy\" decoding=\"async\" class=\" wp-image-10817 alignleft\" src=\"https:\/\/projectes.xtec.cat\/cete\/wp-content\/uploads\/usu2644\/2025\/01\/IMG-20250114-WA0038-1024x956.jpg\" alt=\"\" width=\"381\" height=\"355\" srcset=\"https:\/\/projectes.xtec.cat\/cete\/wp-content\/uploads\/usu2644\/2025\/01\/IMG-20250114-WA0038-1024x956.jpg 1024w, https:\/\/projectes.xtec.cat\/cete\/wp-content\/uploads\/usu2644\/2025\/01\/IMG-20250114-WA0038-300x280.jpg 300w, https:\/\/projectes.xtec.cat\/cete\/wp-content\/uploads\/usu2644\/2025\/01\/IMG-20250114-WA0038-768x717.jpg 768w, https:\/\/projectes.xtec.cat\/cete\/wp-content\/uploads\/usu2644\/2025\/01\/IMG-20250114-WA0038-1536x1433.jpg 1536w, https:\/\/projectes.xtec.cat\/cete\/wp-content\/uploads\/usu2644\/2025\/01\/IMG-20250114-WA0038.jpg 1600w\" sizes=\"auto, (max-width: 381px) 100vw, 381px\" \/><\/a><a href=\"https:\/\/projectes.xtec.cat\/cete\/wp-content\/uploads\/usu2644\/2025\/01\/IMG_20250116_152100-scaled.jpg\"><img loading=\"lazy\" decoding=\"async\" class=\" wp-image-10816 alignleft\" src=\"https:\/\/projectes.xtec.cat\/cete\/wp-content\/uploads\/usu2644\/2025\/01\/IMG_20250116_152100-1024x768.jpg\" alt=\"\" width=\"391\" height=\"293\" srcset=\"https:\/\/projectes.xtec.cat\/cete\/wp-content\/uploads\/usu2644\/2025\/01\/IMG_20250116_152100-1024x768.jpg 1024w, https:\/\/projectes.xtec.cat\/cete\/wp-content\/uploads\/usu2644\/2025\/01\/IMG_20250116_152100-300x225.jpg 300w, https:\/\/projectes.xtec.cat\/cete\/wp-content\/uploads\/usu2644\/2025\/01\/IMG_20250116_152100-768x576.jpg 768w, https:\/\/projectes.xtec.cat\/cete\/wp-content\/uploads\/usu2644\/2025\/01\/IMG_20250116_152100-1536x1152.jpg 1536w, https:\/\/projectes.xtec.cat\/cete\/wp-content\/uploads\/usu2644\/2025\/01\/IMG_20250116_152100-2048x1536.jpg 2048w, https:\/\/projectes.xtec.cat\/cete\/wp-content\/uploads\/usu2644\/2025\/01\/IMG_20250116_152100-200x150.jpg 200w\" sizes=\"auto, (max-width: 391px) 100vw, 391px\" \/><\/a><\/p>\n","protected":false},"excerpt":{"rendered":"<p><a href=\"https:\/\/projectes.xtec.cat\/cete\/wp-content\/uploads\/usu2644\/2025\/01\/IMG_20250112_154504-scaled.jpg\"><\/a>Entre el 13 i el 17 de gener de 2025, les docents Marta Bravo de l\u2019escola Suris de Cornell\u00e0, la Griselda Aragay i la Montse Nogu\u00e9s de l\u2019escola Josep Orriols i Roca de Moi\u00e0 han participat en una experi\u00e8ncia de job shadowing als centres&hellip;  <a href=\"https:\/\/projectes.xtec.cat\/cete\/portada\/job-shadowing-equip-emailc-a-saint-jean-de-muzols-i-montelimar\/\" title=\"Read Job shadowing equip EMAILC a Saint Jean de Muzols i Mont\u00e9limar\">Llegeix m\u00e9s\u00bb<\/a><\/p>\n","protected":false},"author":15,"featured_media":10815,"comment_status":"open","ping_status":"closed","sticky":false,"template":"","format":"standard","meta":{"_bbp_topic_count":0,"_bbp_reply_count":0,"_bbp_total_topic_count":0,"_bbp_total_reply_count":0,"_bbp_voice_count":0,"_bbp_anonymous_reply_count":0,"_bbp_topic_count_hidden":0,"_bbp_reply_count_hidden":0,"_bbp_forum_subforum_count":0,"footnotes":""},"categories":[296,29],"tags":[],"class_list":["post-10813","post","type-post","status-publish","format-standard","has-post-thumbnail","hentry","category-emailc","category-portada"],"post_mailing_queue_ids":[],"_links":{"self":[{"href":"https:\/\/projectes.xtec.cat\/cete\/wp-json\/wp\/v2\/posts\/10813","targetHints":{"allow":["GET"]}}],"collection":[{"href":"https:\/\/projectes.xtec.cat\/cete\/wp-json\/wp\/v2\/posts"}],"about":[{"href":"https:\/\/projectes.xtec.cat\/cete\/wp-json\/wp\/v2\/types\/post"}],"author":[{"embeddable":true,"href":"https:\/\/projectes.xtec.cat\/cete\/wp-json\/wp\/v2\/users\/15"}],"replies":[{"embeddable":true,"href":"https:\/\/projectes.xtec.cat\/cete\/wp-json\/wp\/v2\/comments?post=10813"}],"version-history":[{"count":6,"href":"https:\/\/projectes.xtec.cat\/cete\/wp-json\/wp\/v2\/posts\/10813\/revisions"}],"predecessor-version":[{"id":10825,"href":"https:\/\/projectes.xtec.cat\/cete\/wp-json\/wp\/v2\/posts\/10813\/revisions\/10825"}],"wp:featuredmedia":[{"embeddable":true,"href":"https:\/\/projectes.xtec.cat\/cete\/wp-json\/wp\/v2\/media\/10815"}],"wp:attachment":[{"href":"https:\/\/projectes.xtec.cat\/cete\/wp-json\/wp\/v2\/media?parent=10813"}],"wp:term":[{"taxonomy":"category","embeddable":true,"href":"https:\/\/projectes.xtec.cat\/cete\/wp-json\/wp\/v2\/categories?post=10813"},{"taxonomy":"post_tag","embeddable":true,"href":"https:\/\/projectes.xtec.cat\/cete\/wp-json\/wp\/v2\/tags?post=10813"}],"curies":[{"name":"wp","href":"https:\/\/api.w.org\/{rel}","templated":true}]}}