{"id":10826,"date":"2025-01-24T11:30:32","date_gmt":"2025-01-24T10:30:32","guid":{"rendered":"https:\/\/projectes.xtec.cat\/cete\/?p=10826"},"modified":"2025-01-24T11:30:32","modified_gmt":"2025-01-24T10:30:32","slug":"transferencia-de-la-mobilitat-a-bolzano-a-lescola-frigolet-equip-be-puntedu","status":"publish","type":"post","link":"https:\/\/projectes.xtec.cat\/cete\/general\/transferencia-de-la-mobilitat-a-bolzano-a-lescola-frigolet-equip-be-puntedu\/","title":{"rendered":"Transfer\u00e8ncia de la mobilitat a Bolzano a l\u2019escola Frigolet (equip BE Puntedu)"},"content":{"rendered":"<p><a href=\"https:\/\/projectes.xtec.cat\/cete\/wp-content\/uploads\/usu2644\/2025\/01\/Transferencia-Frigolet.jpg\"><img loading=\"lazy\" decoding=\"async\" class=\" wp-image-10827 alignleft\" src=\"https:\/\/projectes.xtec.cat\/cete\/wp-content\/uploads\/usu2644\/2025\/01\/Transferencia-Frigolet.jpg\" alt=\"\" width=\"242\" height=\"182\" srcset=\"https:\/\/projectes.xtec.cat\/cete\/wp-content\/uploads\/usu2644\/2025\/01\/Transferencia-Frigolet.jpg 1024w, https:\/\/projectes.xtec.cat\/cete\/wp-content\/uploads\/usu2644\/2025\/01\/Transferencia-Frigolet-300x225.jpg 300w, https:\/\/projectes.xtec.cat\/cete\/wp-content\/uploads\/usu2644\/2025\/01\/Transferencia-Frigolet-768x576.jpg 768w, https:\/\/projectes.xtec.cat\/cete\/wp-content\/uploads\/usu2644\/2025\/01\/Transferencia-Frigolet-200x150.jpg 200w\" sizes=\"auto, (max-width: 242px) 100vw, 242px\" \/><\/a>La Laia Torres de l\u2019<a href=\"https:\/\/agora.xtec.cat\/ceipfrigolet\/general\/transferencia-al-claustre\/\" target=\"_blank\" rel=\"noreferrer noopener\">escola Frigolet<\/a>\u00a0va explicar la mobilitat a Bolzano (It\u00e0lia) al claustre. En aquesta sessi\u00f3 va compartir el sistema educatiu observat en el qual hi conviuen tres comunitats ling\u00fc\u00edstiques (alemanya, italiana i ladina).\u00a0Tamb\u00e9 els van explicar la xarxa de biblioteques p\u00fabliques i escolars. La mobilitat els ha aportat noves idees per aplicar a la biblioteca de l\u2019escola.<\/p>\n<p>L\u2019escola Frigolet \u00e9s un dels centres que forma part del Consorci KA120 Erasmus CETE+ del projecte 23 de l\u2019equip de biblioteques escolars (erasmusbescat).<\/p>\n","protected":false},"excerpt":{"rendered":"<p><a href=\"https:\/\/projectes.xtec.cat\/cete\/wp-content\/uploads\/usu2644\/2025\/01\/Transferencia-Frigolet.jpg\"><\/a>La Laia Torres de l\u2019<a href=\"https:\/\/agora.xtec.cat\/ceipfrigolet\/general\/transferencia-al-claustre\/\" target=\"_blank\" rel=\"noreferrer noopener\">escola Frigolet<\/a>\u00a0va explicar la mobilitat a Bolzano (It\u00e0lia) al claustre. En aquesta sessi\u00f3 va compartir el sistema educatiu observat en el qual hi conviuen tres comunitats ling\u00fc\u00edstiques (alemanya, italiana i ladina).\u00a0Tamb\u00e9 els van explicar la xarxa&hellip;  <a href=\"https:\/\/projectes.xtec.cat\/cete\/general\/transferencia-de-la-mobilitat-a-bolzano-a-lescola-frigolet-equip-be-puntedu\/\" title=\"Read Transfer\u00e8ncia de la mobilitat a Bolzano a l\u2019escola Frigolet (equip BE Puntedu)\">Llegeix m\u00e9s\u00bb<\/a><\/p>\n","protected":false},"author":14,"featured_media":10827,"comment_status":"open","ping_status":"closed","sticky":false,"template":"","format":"standard","meta":{"_bbp_topic_count":0,"_bbp_reply_count":0,"_bbp_total_topic_count":0,"_bbp_total_reply_count":0,"_bbp_voice_count":0,"_bbp_anonymous_reply_count":0,"_bbp_topic_count_hidden":0,"_bbp_reply_count_hidden":0,"_bbp_forum_subforum_count":0,"footnotes":""},"categories":[343,1,29,297],"tags":[331,314],"class_list":["post-10826","post","type-post","status-publish","format-standard","has-post-thumbnail","hentry","category-cete23","category-general","category-portada","category-puntedu","tag-erasmusbescat","tag-cete"],"post_mailing_queue_ids":[],"_links":{"self":[{"href":"https:\/\/projectes.xtec.cat\/cete\/wp-json\/wp\/v2\/posts\/10826","targetHints":{"allow":["GET"]}}],"collection":[{"href":"https:\/\/projectes.xtec.cat\/cete\/wp-json\/wp\/v2\/posts"}],"about":[{"href":"https:\/\/projectes.xtec.cat\/cete\/wp-json\/wp\/v2\/types\/post"}],"author":[{"embeddable":true,"href":"https:\/\/projectes.xtec.cat\/cete\/wp-json\/wp\/v2\/users\/14"}],"replies":[{"embeddable":true,"href":"https:\/\/projectes.xtec.cat\/cete\/wp-json\/wp\/v2\/comments?post=10826"}],"version-history":[{"count":1,"href":"https:\/\/projectes.xtec.cat\/cete\/wp-json\/wp\/v2\/posts\/10826\/revisions"}],"predecessor-version":[{"id":10828,"href":"https:\/\/projectes.xtec.cat\/cete\/wp-json\/wp\/v2\/posts\/10826\/revisions\/10828"}],"wp:featuredmedia":[{"embeddable":true,"href":"https:\/\/projectes.xtec.cat\/cete\/wp-json\/wp\/v2\/media\/10827"}],"wp:attachment":[{"href":"https:\/\/projectes.xtec.cat\/cete\/wp-json\/wp\/v2\/media?parent=10826"}],"wp:term":[{"taxonomy":"category","embeddable":true,"href":"https:\/\/projectes.xtec.cat\/cete\/wp-json\/wp\/v2\/categories?post=10826"},{"taxonomy":"post_tag","embeddable":true,"href":"https:\/\/projectes.xtec.cat\/cete\/wp-json\/wp\/v2\/tags?post=10826"}],"curies":[{"name":"wp","href":"https:\/\/api.w.org\/{rel}","templated":true}]}}