{"id":10850,"date":"2025-02-28T15:09:50","date_gmt":"2025-02-28T14:09:50","guid":{"rendered":"https:\/\/projectes.xtec.cat\/cete\/?p=10850"},"modified":"2025-02-28T15:09:50","modified_gmt":"2025-02-28T14:09:50","slug":"diari-de-la-mobilitat-a-bolzano-equip-be-puntedu-escola-frigolet","status":"publish","type":"post","link":"https:\/\/projectes.xtec.cat\/cete\/portada\/diari-de-la-mobilitat-a-bolzano-equip-be-puntedu-escola-frigolet\/","title":{"rendered":"Diari de la mobilitat a Bolzano (equip BE Puntedu, escola Frigolet)"},"content":{"rendered":"<p><a href=\"https:\/\/projectes.xtec.cat\/cete\/wp-content\/uploads\/usu2644\/2025\/02\/Diari-Laia_Frigolet.png\"><img loading=\"lazy\" decoding=\"async\" class=\" wp-image-10851 alignleft\" src=\"https:\/\/projectes.xtec.cat\/cete\/wp-content\/uploads\/usu2644\/2025\/02\/Diari-Laia_Frigolet.png\" alt=\"\" width=\"356\" height=\"510\" srcset=\"https:\/\/projectes.xtec.cat\/cete\/wp-content\/uploads\/usu2644\/2025\/02\/Diari-Laia_Frigolet.png 582w, https:\/\/projectes.xtec.cat\/cete\/wp-content\/uploads\/usu2644\/2025\/02\/Diari-Laia_Frigolet-210x300.png 210w\" sizes=\"auto, (max-width: 356px) 100vw, 356px\" \/><\/a>Aquest \u00e9s el\u00a0<strong><a href=\"https:\/\/drive.google.com\/file\/d\/1QHi6uMVQDj67ET6N0bgn2WH12_EsKIAD\/view?usp=drive_link\" target=\"_blank\" rel=\"noreferrer noopener\">Diari de la mobilitat<\/a>\u00a0<\/strong>de Laia Torres (docent de l\u2019<a href=\"https:\/\/agora.xtec.cat\/ceipfrigolet\/general\/diari-de-mobilitat-bolzano\/\" target=\"_blank\" rel=\"noreferrer noopener\">escola Frigolet<\/a>\u00a0de Porqueres del\u00a0<em>Job shadowing<\/em>\u00a0que es va fer a Bolzano, It\u00e0lia (25\/11\/2024-29\/11\/2024).<\/p>\n<p>El\u00a0<em>Job shadowing<\/em>\u00a0es basa en l\u2019aprenentatge entre iguals i consisteix en fer visites a centres internacionals on poder observar experi\u00e8ncies que ens ajudin a millorar la nostra organitzaci\u00f3 i pr\u00e0ctica docent.<\/p>\n<p>Centres que van fer la mobilitat: Escola Font-r\u00fabia, Escola Sant Mart\u00ed, escola Frigolet i t\u00e8cnica docent.<\/p>\n<p>Job shadowing del projecte 23 Erasmus KA120 CETE+ de l\u2019equip de treball Puntedu (erasmusbescat).<\/p>\n<p><a href=\"https:\/\/drive.google.com\/file\/d\/1artvJz2lAZH8t6qcwoPc4D5mgpumce8-\/view?usp=drive_link\" target=\"_blank\" rel=\"noreferrer noopener\"><strong>Diari (catal\u00e0)<\/strong><\/a><\/p>\n<p><a href=\"https:\/\/drive.google.com\/file\/d\/1QHi6uMVQDj67ET6N0bgn2WH12_EsKIAD\/view?usp=drive_link\" target=\"_blank\" rel=\"noreferrer noopener\"><strong>Diari (angl\u00e8s)<\/strong><\/a><\/p>\n<p>&nbsp;<\/p>\n","protected":false},"excerpt":{"rendered":"<p><a href=\"https:\/\/projectes.xtec.cat\/cete\/wp-content\/uploads\/usu2644\/2025\/02\/Diari-Laia_Frigolet.png\"><\/a>Aquest \u00e9s el\u00a0<a href=\"https:\/\/drive.google.com\/file\/d\/1QHi6uMVQDj67ET6N0bgn2WH12_EsKIAD\/view?usp=drive_link\" target=\"_blank\" rel=\"noreferrer noopener\">Diari de la mobilitat<\/a>\u00a0de Laia Torres (docent de l\u2019<a href=\"https:\/\/agora.xtec.cat\/ceipfrigolet\/general\/diari-de-mobilitat-bolzano\/\" target=\"_blank\" rel=\"noreferrer noopener\">escola Frigolet<\/a>\u00a0de Porqueres del\u00a0Job shadowing\u00a0que es va fer a Bolzano, It\u00e0lia (25\/11\/2024-29\/11\/2024).<br \/>\nEl\u00a0Job shadowing\u00a0es basa en l\u2019aprenentatge entre iguals i consisteix en fer visites a centres internacionals&hellip;  <a href=\"https:\/\/projectes.xtec.cat\/cete\/portada\/diari-de-la-mobilitat-a-bolzano-equip-be-puntedu-escola-frigolet\/\" title=\"Read Diari de la mobilitat a Bolzano (equip BE Puntedu, escola Frigolet)\">Llegeix m\u00e9s\u00bb<\/a><\/p>\n","protected":false},"author":14,"featured_media":10851,"comment_status":"open","ping_status":"closed","sticky":false,"template":"","format":"standard","meta":{"_bbp_topic_count":0,"_bbp_reply_count":0,"_bbp_total_topic_count":0,"_bbp_total_reply_count":0,"_bbp_voice_count":0,"_bbp_anonymous_reply_count":0,"_bbp_topic_count_hidden":0,"_bbp_reply_count_hidden":0,"_bbp_forum_subforum_count":0,"footnotes":""},"categories":[343,29,297],"tags":[331,348,314,310],"class_list":["post-10850","post","type-post","status-publish","format-standard","has-post-thumbnail","hentry","category-cete23","category-portada","category-puntedu","tag-erasmusbescat","tag-bibliotequesescolars","tag-cete","tag-erasmus"],"post_mailing_queue_ids":[],"_links":{"self":[{"href":"https:\/\/projectes.xtec.cat\/cete\/wp-json\/wp\/v2\/posts\/10850","targetHints":{"allow":["GET"]}}],"collection":[{"href":"https:\/\/projectes.xtec.cat\/cete\/wp-json\/wp\/v2\/posts"}],"about":[{"href":"https:\/\/projectes.xtec.cat\/cete\/wp-json\/wp\/v2\/types\/post"}],"author":[{"embeddable":true,"href":"https:\/\/projectes.xtec.cat\/cete\/wp-json\/wp\/v2\/users\/14"}],"replies":[{"embeddable":true,"href":"https:\/\/projectes.xtec.cat\/cete\/wp-json\/wp\/v2\/comments?post=10850"}],"version-history":[{"count":1,"href":"https:\/\/projectes.xtec.cat\/cete\/wp-json\/wp\/v2\/posts\/10850\/revisions"}],"predecessor-version":[{"id":10852,"href":"https:\/\/projectes.xtec.cat\/cete\/wp-json\/wp\/v2\/posts\/10850\/revisions\/10852"}],"wp:featuredmedia":[{"embeddable":true,"href":"https:\/\/projectes.xtec.cat\/cete\/wp-json\/wp\/v2\/media\/10851"}],"wp:attachment":[{"href":"https:\/\/projectes.xtec.cat\/cete\/wp-json\/wp\/v2\/media?parent=10850"}],"wp:term":[{"taxonomy":"category","embeddable":true,"href":"https:\/\/projectes.xtec.cat\/cete\/wp-json\/wp\/v2\/categories?post=10850"},{"taxonomy":"post_tag","embeddable":true,"href":"https:\/\/projectes.xtec.cat\/cete\/wp-json\/wp\/v2\/tags?post=10850"}],"curies":[{"name":"wp","href":"https:\/\/api.w.org\/{rel}","templated":true}]}}