{"id":10873,"date":"2025-03-18T08:18:19","date_gmt":"2025-03-18T07:18:19","guid":{"rendered":"https:\/\/projectes.xtec.cat\/cete\/?p=10873"},"modified":"2025-03-18T08:18:50","modified_gmt":"2025-03-18T07:18:50","slug":"jornada-transferencia-emailc-projecte-23","status":"publish","type":"post","link":"https:\/\/projectes.xtec.cat\/cete\/portada\/jornada-transferencia-emailc-projecte-23\/","title":{"rendered":"Jornada Transfer\u00e8ncia EMAILC Projecte 23"},"content":{"rendered":"<p><a href=\"https:\/\/projectes.xtec.cat\/cete\/wp-content\/uploads\/usu2644\/2025\/03\/image0-38-rotated.jpeg\"><img loading=\"lazy\" decoding=\"async\" class=\" wp-image-10883 alignleft\" src=\"https:\/\/projectes.xtec.cat\/cete\/wp-content\/uploads\/usu2644\/2025\/03\/image0-38-rotated.jpeg\" alt=\"\" width=\"307\" height=\"409\" srcset=\"https:\/\/projectes.xtec.cat\/cete\/wp-content\/uploads\/usu2644\/2025\/03\/image0-38-rotated.jpeg 480w, https:\/\/projectes.xtec.cat\/cete\/wp-content\/uploads\/usu2644\/2025\/03\/image0-38-225x300.jpeg 225w\" sizes=\"auto, (max-width: 307px) 100vw, 307px\" \/><\/a>\u00a0El passat dimarts 4 de mar\u00e7 vam celebrar la Jornada de Transfer\u00e8ncia de l\u2019equip EMAILC del Projecte 2023, en el marc del CETE. Al llarg del projecte, hem dut a terme 12 mobilitats a centres i institucions educatives d\u2019Irlanda, Finl\u00e0ndia i Fran\u00e7a. Els aprenentatges adquirits ja s\u2019estan materialitzant en la creaci\u00f3 de materials, projectes col\u00b7laboratius entre centres i nous intercanvis. A m\u00e9s, escoltar les experi\u00e8ncies dels centres participants ha estat molt enriquidor i inspirador.<\/p>\n<p>A continuaci\u00f3, destaquem alguns dels aprenentatges i impactes m\u00e9s rellevants de la Jornada:<\/p>\n<ul>\n<li style=\"font-weight: 400;\" aria-level=\"1\"><span style=\"font-weight: 400;\">Establiment d\u2019una relaci\u00f3 entre les escoles per a la realitzaci\u00f3 d\u2019activitats conjuntes:\u00a0 intercanvi de correus electr\u00f2nics, videoconfer\u00e8ncies i futur projecte Etwinning.<\/span><\/li>\n<li style=\"font-weight: 400;\" aria-level=\"1\"><span style=\"font-weight: 400;\">Creaci\u00f3 de materials per millorar l\u2019expressi\u00f3 escrita <\/span><a href=\"https:\/\/docs.google.com\/document\/d\/1N9qvRxntCQkhnMjyuPLbNlZW6xdFa_fUdcvnKP2T7u8\/edit?usp=drive_link\"><span style=\"font-weight: 400;\">(bases d\u2019orientaci\u00f3,<\/span><\/a> <a href=\"https:\/\/drive.google.com\/file\/d\/11vAngQLN_QCr3W4fEcfyxmWIRjyjaypY\/view?usp=drive_link\"><span style=\"font-weight: 400;\">language aid with sentence stems<\/span><\/a><span style=\"font-weight: 400;\">), expressi\u00f3 oral\u00a0 (<\/span><a href=\"https:\/\/drive.google.com\/file\/d\/11BW2IKMhk7nEHs2-8dCnie2CyaoByCX-\/view?usp=drive_link\"><span style=\"font-weight: 400;\">jocs <\/span><\/a><span style=\"font-weight: 400;\">per practicar la llengua oral: presentar-se, donar informaci\u00f3 personal, <\/span><a href=\"https:\/\/drive.google.com\/file\/d\/1IsPvheto_ugrJesCars0TrtDGIyAiQlN\/view?usp=drive_link\"><span style=\"font-weight: 400;\">descripcions<\/span><\/a><span style=\"font-weight: 400;\">). <\/span><a style=\"font-family: inherit; font-size: 1em;\" href=\"https:\/\/docs.google.com\/document\/d\/12_BzOlgIkPBP1KZnS6--KZT5gKY3pHUP\/edit?usp=sharing&amp;ouid=104425457915869499466&amp;rtpof=true&amp;sd=true\">CONNECTING CLASSROOMS<\/a><span style=\"font-weight: 400;\"> AND WRITING LANGUAGE SUPPORT<\/span><\/li>\n<li style=\"font-weight: 400;\" aria-level=\"1\"><span style=\"font-weight: 400;\">GEP: activitats m\u00e9s manuals (teixir) que connecten amb el projecte del curs.\u00a0\u00a0<\/span><\/li>\n<li style=\"font-weight: 400;\" aria-level=\"1\"><span style=\"font-weight: 400;\">Recull de\u00a0 recursos\/materials did\u00e0ctics creat a partir de l\u2019observaci\u00f3. <\/span><a href=\"https:\/\/docs.google.com\/presentation\/d\/1NLcTyBptUG1E8IpSyRglqg3c3yUSpLQe9HnhlfU6-lk\/edit?usp=sharing\"><span style=\"font-weight: 400;\">ACTIVE BREAKS AND NEUROSCIENCE.<\/span><\/a><\/li>\n<\/ul>\n<p><span style=\"font-family: inherit; font-size: 1em;\">Moltes gr\u00e0cies a<\/span> les escoles <a href=\"https:\/\/agora.xtec.cat\/escolasuris\/\">Suris<\/a>, <a href=\"https:\/\/agora.xtec.cat\/escola-josep-orriols-i-roca\/\">Josep Orriols i Roca<\/a> i els instituts <a href=\"https:\/\/agora.xtec.cat\/iesmigmon\/\">Mig-M\u00f3n<\/a>, <a href=\"https:\/\/agora.xtec.cat\/iesrafaelcasanova\/\">Rafael Casanova<\/a> i <a href=\"https:\/\/agora.xtec.cat\/ies-dperramon\/\">Dom\u00e8nec Perramon<\/a>, aix\u00ed mateix, volem agrair la participaci\u00f3 i suport de les t\u00e8cniques docents i de la coordinadora de la Unitat de Programes d&#8217;Innovaci\u00f3 de Lleng\u00fces Estrangeres del Servei de Lleng\u00fces Estrangeres i d&#8217;Origen: Al\u00edcia Valls, Helga Cipr\u00e9s, N\u00faria Verg\u00e9s, Goretti Blanch i Rosamaria Felip.<\/p>\n<p>Compartir sempre genera un efecte multiplicador de l&#8217;aprenentatge.<\/p>\n<p>Enhorabona a tothom!<\/p>\n<p>&nbsp;<\/p>\n<p><a href=\"https:\/\/projectes.xtec.cat\/cete\/wp-content\/uploads\/usu2644\/2025\/03\/image9.jpeg\"><img loading=\"lazy\" decoding=\"async\" class=\"size-large wp-image-10876 alignleft\" src=\"https:\/\/projectes.xtec.cat\/cete\/wp-content\/uploads\/usu2644\/2025\/03\/image9.jpeg\" alt=\"\" width=\"640\" height=\"480\" srcset=\"https:\/\/projectes.xtec.cat\/cete\/wp-content\/uploads\/usu2644\/2025\/03\/image9.jpeg 640w, https:\/\/projectes.xtec.cat\/cete\/wp-content\/uploads\/usu2644\/2025\/03\/image9-300x225.jpeg 300w, https:\/\/projectes.xtec.cat\/cete\/wp-content\/uploads\/usu2644\/2025\/03\/image9-200x150.jpeg 200w\" sizes=\"auto, (max-width: 640px) 100vw, 640px\" \/><\/a> <a href=\"https:\/\/projectes.xtec.cat\/cete\/wp-content\/uploads\/usu2644\/2025\/03\/image8.jpeg\"><img loading=\"lazy\" decoding=\"async\" class=\"size-full wp-image-10877 alignleft\" src=\"https:\/\/projectes.xtec.cat\/cete\/wp-content\/uploads\/usu2644\/2025\/03\/image8.jpeg\" alt=\"\" width=\"640\" height=\"480\" srcset=\"https:\/\/projectes.xtec.cat\/cete\/wp-content\/uploads\/usu2644\/2025\/03\/image8.jpeg 640w, https:\/\/projectes.xtec.cat\/cete\/wp-content\/uploads\/usu2644\/2025\/03\/image8-300x225.jpeg 300w, https:\/\/projectes.xtec.cat\/cete\/wp-content\/uploads\/usu2644\/2025\/03\/image8-200x150.jpeg 200w\" sizes=\"auto, (max-width: 640px) 100vw, 640px\" \/><\/a> <a href=\"https:\/\/projectes.xtec.cat\/cete\/wp-content\/uploads\/usu2644\/2025\/03\/image7.jpeg\"><img loading=\"lazy\" decoding=\"async\" class=\"size-large wp-image-10878 alignleft\" src=\"https:\/\/projectes.xtec.cat\/cete\/wp-content\/uploads\/usu2644\/2025\/03\/image7.jpeg\" alt=\"\" width=\"640\" height=\"480\" srcset=\"https:\/\/projectes.xtec.cat\/cete\/wp-content\/uploads\/usu2644\/2025\/03\/image7.jpeg 640w, https:\/\/projectes.xtec.cat\/cete\/wp-content\/uploads\/usu2644\/2025\/03\/image7-300x225.jpeg 300w, https:\/\/projectes.xtec.cat\/cete\/wp-content\/uploads\/usu2644\/2025\/03\/image7-200x150.jpeg 200w\" sizes=\"auto, (max-width: 640px) 100vw, 640px\" \/><\/a> <a href=\"https:\/\/projectes.xtec.cat\/cete\/wp-content\/uploads\/usu2644\/2025\/03\/image5-1.jpeg\"><img loading=\"lazy\" decoding=\"async\" class=\"size-large wp-image-10879 alignleft\" src=\"https:\/\/projectes.xtec.cat\/cete\/wp-content\/uploads\/usu2644\/2025\/03\/image5-1.jpeg\" alt=\"\" width=\"640\" height=\"480\" srcset=\"https:\/\/projectes.xtec.cat\/cete\/wp-content\/uploads\/usu2644\/2025\/03\/image5-1.jpeg 640w, https:\/\/projectes.xtec.cat\/cete\/wp-content\/uploads\/usu2644\/2025\/03\/image5-1-300x225.jpeg 300w, https:\/\/projectes.xtec.cat\/cete\/wp-content\/uploads\/usu2644\/2025\/03\/image5-1-200x150.jpeg 200w\" sizes=\"auto, (max-width: 640px) 100vw, 640px\" \/><\/a> <a href=\"https:\/\/projectes.xtec.cat\/cete\/wp-content\/uploads\/usu2644\/2025\/03\/image2-8.jpeg\"><img loading=\"lazy\" decoding=\"async\" class=\"size-full wp-image-10880 alignleft\" src=\"https:\/\/projectes.xtec.cat\/cete\/wp-content\/uploads\/usu2644\/2025\/03\/image2-8.jpeg\" alt=\"\" width=\"640\" height=\"480\" srcset=\"https:\/\/projectes.xtec.cat\/cete\/wp-content\/uploads\/usu2644\/2025\/03\/image2-8.jpeg 640w, https:\/\/projectes.xtec.cat\/cete\/wp-content\/uploads\/usu2644\/2025\/03\/image2-8-300x225.jpeg 300w, https:\/\/projectes.xtec.cat\/cete\/wp-content\/uploads\/usu2644\/2025\/03\/image2-8-200x150.jpeg 200w\" sizes=\"auto, (max-width: 640px) 100vw, 640px\" \/><\/a> <a href=\"https:\/\/projectes.xtec.cat\/cete\/wp-content\/uploads\/usu2644\/2025\/03\/image1-12.jpeg\"><img loading=\"lazy\" decoding=\"async\" class=\"alignnone size-large wp-image-10881\" src=\"https:\/\/projectes.xtec.cat\/cete\/wp-content\/uploads\/usu2644\/2025\/03\/image1-12.jpeg\" alt=\"\" width=\"640\" height=\"480\" srcset=\"https:\/\/projectes.xtec.cat\/cete\/wp-content\/uploads\/usu2644\/2025\/03\/image1-12.jpeg 640w, https:\/\/projectes.xtec.cat\/cete\/wp-content\/uploads\/usu2644\/2025\/03\/image1-12-300x225.jpeg 300w, https:\/\/projectes.xtec.cat\/cete\/wp-content\/uploads\/usu2644\/2025\/03\/image1-12-200x150.jpeg 200w\" sizes=\"auto, (max-width: 640px) 100vw, 640px\" \/><\/a><\/p>\n","protected":false},"excerpt":{"rendered":"<p><a href=\"https:\/\/projectes.xtec.cat\/cete\/wp-content\/uploads\/usu2644\/2025\/03\/image0-38-rotated.jpeg\"><\/a>\u00a0El passat dimarts 4 de mar\u00e7 vam celebrar la Jornada de Transfer\u00e8ncia de l\u2019equip EMAILC del Projecte 2023, en el marc del CETE. Al llarg del projecte, hem dut a terme 12 mobilitats a centres i institucions educatives d\u2019Irlanda, Finl\u00e0ndia i Fran\u00e7a. Els aprenentatges&hellip;  <a href=\"https:\/\/projectes.xtec.cat\/cete\/portada\/jornada-transferencia-emailc-projecte-23\/\" title=\"Read Jornada Transfer\u00e8ncia EMAILC Projecte 23\">Llegeix m\u00e9s\u00bb<\/a><\/p>\n","protected":false},"author":15,"featured_media":10883,"comment_status":"open","ping_status":"closed","sticky":false,"template":"","format":"standard","meta":{"_bbp_topic_count":0,"_bbp_reply_count":0,"_bbp_total_topic_count":0,"_bbp_total_reply_count":0,"_bbp_voice_count":0,"_bbp_anonymous_reply_count":0,"_bbp_topic_count_hidden":0,"_bbp_reply_count_hidden":0,"_bbp_forum_subforum_count":0,"footnotes":""},"categories":[296,29],"tags":[],"class_list":["post-10873","post","type-post","status-publish","format-standard","has-post-thumbnail","hentry","category-emailc","category-portada"],"post_mailing_queue_ids":[],"_links":{"self":[{"href":"https:\/\/projectes.xtec.cat\/cete\/wp-json\/wp\/v2\/posts\/10873","targetHints":{"allow":["GET"]}}],"collection":[{"href":"https:\/\/projectes.xtec.cat\/cete\/wp-json\/wp\/v2\/posts"}],"about":[{"href":"https:\/\/projectes.xtec.cat\/cete\/wp-json\/wp\/v2\/types\/post"}],"author":[{"embeddable":true,"href":"https:\/\/projectes.xtec.cat\/cete\/wp-json\/wp\/v2\/users\/15"}],"replies":[{"embeddable":true,"href":"https:\/\/projectes.xtec.cat\/cete\/wp-json\/wp\/v2\/comments?post=10873"}],"version-history":[{"count":2,"href":"https:\/\/projectes.xtec.cat\/cete\/wp-json\/wp\/v2\/posts\/10873\/revisions"}],"predecessor-version":[{"id":10884,"href":"https:\/\/projectes.xtec.cat\/cete\/wp-json\/wp\/v2\/posts\/10873\/revisions\/10884"}],"wp:featuredmedia":[{"embeddable":true,"href":"https:\/\/projectes.xtec.cat\/cete\/wp-json\/wp\/v2\/media\/10883"}],"wp:attachment":[{"href":"https:\/\/projectes.xtec.cat\/cete\/wp-json\/wp\/v2\/media?parent=10873"}],"wp:term":[{"taxonomy":"category","embeddable":true,"href":"https:\/\/projectes.xtec.cat\/cete\/wp-json\/wp\/v2\/categories?post=10873"},{"taxonomy":"post_tag","embeddable":true,"href":"https:\/\/projectes.xtec.cat\/cete\/wp-json\/wp\/v2\/tags?post=10873"}],"curies":[{"name":"wp","href":"https:\/\/api.w.org\/{rel}","templated":true}]}}